{"id":6014,"date":"2012-09-03T17:47:00","date_gmt":"2012-09-03T17:47:00","guid":{"rendered":"https:\/\/www.oidossucios.com\/site\/2012\/09\/03\/hospitalizan-a-billie-joe-armstrong-y-green-day-cancela-presentacion-en-italia\/"},"modified":"2012-09-03T17:47:00","modified_gmt":"2012-09-03T17:47:00","slug":"hospitalizan-a-billie-joe-armstrong-y-green-day-cancela-presentacion-en-italia","status":"publish","type":"post","link":"https:\/\/www.oidossucios.com\/site\/hospitalizan-a-billie-joe-armstrong-y-green-day-cancela-presentacion-en-italia\/","title":{"rendered":"Hospitalizan a Billie Joe Armstrong y Green Day cancela presentaci\u00f3n en Italia"},"content":{"rendered":"<p><![endif]-->Billie Joe Armstrong, l\u00edder y vocalista de Green Day, ha sido hospitalizado seg\u00fan inform\u00f3 la banda a trav\u00e9s de su cuenta oficial en&nbsp;<a target=\"_blank\" href=\"https:\/\/twitter.com\/GreenDay\" rel=\"noopener noreferrer\">Twitter<\/a>.<\/p>\n<p>Sin dar mayor detalle de los motivos espec\u00edficos o el estado en el que se encuentra el cantante, el mensaje publicado detalla, adem\u00e1s, que no se presentar\u00e1n en Italia como lo ten\u00edan contemplado.<\/p>\n<p>&#8220;Nos disculpamos sinceramente con nuestros fans, pero desafortunadamente debido a un padecimiento de Billie Joe ha sido hospitalizado y lamentablemente debemos cancelar nuestra actuaci\u00f3n en Bolonia, Italia, esta noche. Estamos m\u00e1s que devastados y lo compensaremos cuando regresemos el pr\u00f3ximo verano.&#8221;<\/p>\n<p>Tambi\u00e9n, la banda subi\u00f3 a la web un corto video en el que &nbsp;Mike Dirnt y Tr\u00e9 Cool se disculpan e informan a sus fans lo ocurrido.<\/p>\n<p>Fuente: www. warp.la<!--[if gte mso 10]> <\/style>\n\n <![endif]--><\/p>\n","protected":false},"excerpt":{"rendered":"<p>Billie Joe Armstrong, l\u00edder y vocalista de Green Day, ha sido hospitalizado seg\u00fan inform\u00f3 la banda a trav\u00e9s de su cuenta oficial en&nbsp;Twitter. Sin dar mayor detalle de los motivos espec\u00edficos o el estado en el que se encuentra el cantante, el mensaje publicado detalla, adem\u00e1s, que no se presentar\u00e1n en Italia como lo ten\u00edan [&hellip;]<\/p>\n","protected":false},"author":4,"featured_media":100006014,"comment_status":"open","ping_status":"open","sticky":false,"template":"","format":"standard","meta":{"_jetpack_memberships_contains_paid_content":false,"footnotes":""},"categories":[142],"tags":[],"class_list":["post-6014","post","type-post","status-publish","format-standard","has-post-thumbnail","hentry","category-buzznews"],"jetpack_featured_media_url":"https:\/\/www.oidossucios.com\/site\/wp-content\/uploads\/2012\/09\/6014.jpg","yoast_head":"<!-- This site is optimized with the Yoast SEO plugin v14.0.4 - https:\/\/yoast.com\/wordpress\/plugins\/seo\/ -->\n<title>Hospitalizan a Billie Joe Armstrong y Green Day cancela presentaci\u00f3n en Italia - OidosSucios.Com<\/title>\n<meta name=\"robots\" content=\"index, follow\" \/>\n<meta name=\"googlebot\" content=\"index, follow, max-snippet:-1, max-image-preview:large, max-video-preview:-1\" \/>\n<meta name=\"bingbot\" content=\"index, follow, max-snippet:-1, max-image-preview:large, max-video-preview:-1\" \/>\n<link rel=\"canonical\" href=\"https:\/\/www.oidossucios.com\/site\/hospitalizan-a-billie-joe-armstrong-y-green-day-cancela-presentacion-en-italia\/\" \/>\n<meta property=\"og:locale\" content=\"es_ES\" \/>\n<meta property=\"og:type\" content=\"article\" \/>\n<meta property=\"og:title\" content=\"Hospitalizan a Billie Joe Armstrong y Green Day cancela presentaci\u00f3n en Italia - OidosSucios.Com\" \/>\n<meta property=\"og:description\" content=\"Billie Joe Armstrong, l\u00edder y vocalista de Green Day, ha sido hospitalizado seg\u00fan inform\u00f3 la banda a trav\u00e9s de su cuenta oficial en&nbsp;Twitter. Sin dar mayor detalle de los motivos espec\u00edficos o el estado en el que se encuentra el cantante, el mensaje publicado detalla, adem\u00e1s, que no se presentar\u00e1n en Italia como lo ten\u00edan [&hellip;]\" \/>\n<meta property=\"og:url\" content=\"https:\/\/www.oidossucios.com\/site\/hospitalizan-a-billie-joe-armstrong-y-green-day-cancela-presentacion-en-italia\/\" \/>\n<meta property=\"og:site_name\" content=\"OidosSucios.Com\" \/>\n<meta property=\"article:published_time\" content=\"2012-09-03T17:47:00+00:00\" \/>\n<meta property=\"og:image\" content=\"https:\/\/www.oidossucios.com\/site\/wp-content\/uploads\/2012\/09\/6014.jpg\" \/>\n\t<meta property=\"og:image:width\" content=\"350\" \/>\n\t<meta property=\"og:image:height\" content=\"300\" \/>\n<meta name=\"twitter:card\" content=\"summary_large_image\" \/>\n<meta name=\"twitter:creator\" content=\"@oidossucios\" \/>\n<script type=\"application\/ld+json\" class=\"yoast-schema-graph\">{\"@context\":\"https:\/\/schema.org\",\"@graph\":[{\"@type\":\"WebSite\",\"@id\":\"https:\/\/www.oidossucios.com\/site\/#website\",\"url\":\"https:\/\/www.oidossucios.com\/site\/\",\"name\":\"OidosSucios.Com\",\"description\":\"M\\u00fasica, conciertos, discos\",\"potentialAction\":[{\"@type\":\"SearchAction\",\"target\":\"https:\/\/www.oidossucios.com\/site\/?s={search_term_string}\",\"query-input\":\"required name=search_term_string\"}],\"inLanguage\":\"es\"},{\"@type\":\"ImageObject\",\"@id\":\"https:\/\/www.oidossucios.com\/site\/hospitalizan-a-billie-joe-armstrong-y-green-day-cancela-presentacion-en-italia\/#primaryimage\",\"inLanguage\":\"es\",\"url\":\"https:\/\/www.oidossucios.com\/site\/wp-content\/uploads\/2012\/09\/6014.jpg\",\"width\":350,\"height\":300},{\"@type\":\"WebPage\",\"@id\":\"https:\/\/www.oidossucios.com\/site\/hospitalizan-a-billie-joe-armstrong-y-green-day-cancela-presentacion-en-italia\/#webpage\",\"url\":\"https:\/\/www.oidossucios.com\/site\/hospitalizan-a-billie-joe-armstrong-y-green-day-cancela-presentacion-en-italia\/\",\"name\":\"Hospitalizan a Billie Joe Armstrong y Green Day cancela presentaci\\u00f3n en Italia - OidosSucios.Com\",\"isPartOf\":{\"@id\":\"https:\/\/www.oidossucios.com\/site\/#website\"},\"primaryImageOfPage\":{\"@id\":\"https:\/\/www.oidossucios.com\/site\/hospitalizan-a-billie-joe-armstrong-y-green-day-cancela-presentacion-en-italia\/#primaryimage\"},\"datePublished\":\"2012-09-03T17:47:00+00:00\",\"dateModified\":\"2012-09-03T17:47:00+00:00\",\"author\":{\"@id\":\"https:\/\/www.oidossucios.com\/site\/#\/schema\/person\/24559eeb76bf83a63296fb072393a688\"},\"inLanguage\":\"es\",\"potentialAction\":[{\"@type\":\"ReadAction\",\"target\":[\"https:\/\/www.oidossucios.com\/site\/hospitalizan-a-billie-joe-armstrong-y-green-day-cancela-presentacion-en-italia\/\"]}]},{\"@type\":[\"Person\"],\"@id\":\"https:\/\/www.oidossucios.com\/site\/#\/schema\/person\/24559eeb76bf83a63296fb072393a688\",\"name\":\"Oidossucios\",\"image\":{\"@type\":\"ImageObject\",\"@id\":\"https:\/\/www.oidossucios.com\/site\/#personlogo\",\"inLanguage\":\"es\",\"url\":\"https:\/\/secure.gravatar.com\/avatar\/74fcb480f42f1a33e50a0b6e6369a3f907be2e43dc84fa5f76c66e9c22b4a5ab?s=96&d=mm&r=g\",\"caption\":\"Oidossucios\"},\"sameAs\":[\"https:\/\/twitter.com\/oidossucios\"]}]}<\/script>\n<!-- \/ Yoast SEO plugin. -->","jetpack_sharing_enabled":true,"_links":{"self":[{"href":"https:\/\/www.oidossucios.com\/site\/wp-json\/wp\/v2\/posts\/6014","targetHints":{"allow":["GET"]}}],"collection":[{"href":"https:\/\/www.oidossucios.com\/site\/wp-json\/wp\/v2\/posts"}],"about":[{"href":"https:\/\/www.oidossucios.com\/site\/wp-json\/wp\/v2\/types\/post"}],"author":[{"embeddable":true,"href":"https:\/\/www.oidossucios.com\/site\/wp-json\/wp\/v2\/users\/4"}],"replies":[{"embeddable":true,"href":"https:\/\/www.oidossucios.com\/site\/wp-json\/wp\/v2\/comments?post=6014"}],"version-history":[{"count":0,"href":"https:\/\/www.oidossucios.com\/site\/wp-json\/wp\/v2\/posts\/6014\/revisions"}],"wp:featuredmedia":[{"embeddable":true,"href":"https:\/\/www.oidossucios.com\/site\/wp-json\/wp\/v2\/media\/100006014"}],"wp:attachment":[{"href":"https:\/\/www.oidossucios.com\/site\/wp-json\/wp\/v2\/media?parent=6014"}],"wp:term":[{"taxonomy":"category","embeddable":true,"href":"https:\/\/www.oidossucios.com\/site\/wp-json\/wp\/v2\/categories?post=6014"},{"taxonomy":"post_tag","embeddable":true,"href":"https:\/\/www.oidossucios.com\/site\/wp-json\/wp\/v2\/tags?post=6014"}],"curies":[{"name":"wp","href":"https:\/\/api.w.org\/{rel}","templated":true}]}}