{"id":6036,"date":"2012-09-10T16:43:00","date_gmt":"2012-09-10T16:43:00","guid":{"rendered":"https:\/\/www.oidossucios.com\/site\/2012\/09\/10\/luis-almeida-se-convirtio-en-la-nueva-voz-de-la-mega\/"},"modified":"2012-09-10T16:43:00","modified_gmt":"2012-09-10T16:43:00","slug":"luis-almeida-se-convirtio-en-la-nueva-voz-de-la-mega","status":"publish","type":"post","link":"https:\/\/www.oidossucios.com\/site\/luis-almeida-se-convirtio-en-la-nueva-voz-de-la-mega\/","title":{"rendered":"Luis Almeida se convirti\u00f3 en la nueva voz de La Mega"},"content":{"rendered":"<p><![endif]-->Luis Daniel Almeida se convirti\u00f3 el pasado viernes 7 de septiembre en la nueva voz de La Mega 107.3 FM desde la transmisi\u00f3n especial de &#8220;Apaga La Tele&#8221; con Alex Goncalves y Ver\u00f3nica G\u00f3mez, anfitriones de este espacio; Rafael Cadavieco, presidente del jurado como locutor de gran trayectoria en la emisora; y Mar\u00eda Pura Ram\u00edrez e Iv\u00e1n Matta, ganadora y host respectivamente de la primera edici\u00f3n de &#8220;El Mal Hermano&#8221;.<\/p>\n<p>A diferencia de otros realitys con romances secretos, concursantes vengativos y de cuerpos esbeltos, en &#8220;El Mal Hermano&#8221; lo que se requer\u00eda desde el comienzo era gente con creatividad, habilidades frente al micr\u00f3fono, alegre, comprometida y con estilo Mega.<\/p>\n<p>De un grupo de m\u00e1s de 700 inscritos, resultaron seleccionados 20 j\u00f3venes de diferentes ciudades del pa\u00eds que apuntaban al talento innato en una cabina de radio, quienes se redujeron a s\u00f3lo 20 participantes, donde 5 fueron los finalistas.<\/p>\n<p>A lo largo de &#8220;El Mal Hermano&#8221; hubo cabida para testimoniales en la web, secciones que pon\u00edan a prueba su desenvolvimiento al aire como el afamado &#8220;Reto Suaz&#8221;, lectura de noticias musicales, entrevistas a personalidades totalmente improvisadas, acertijos de cultura pop, y desparpajo en la calle junto al equipo de La Mega durante casi tres meses.<\/p>\n<p>As\u00ed Luis Daniel Almeida, con el apoyo de su campa\u00f1a en redes sociales &#8220;#VoyenCamino&#8221; se convirti\u00f3 en ganador de la segunda edici\u00f3n de este reality radial especializado y, tras preguntarle qu\u00e9 aportar\u00eda a La Mega respondi\u00f3: &#8220;Originalidad. No llegar\u00eda a fusilar ideas ni estilos. Innovar y complementar el talento ya existente en la emisora&#8221;.<\/p>\n<p>De esta forma, La Mega abri\u00f3 sus puertas a un novel talento y Luis Daniel desde ya forma parte del staff de La Mega, teniendo la oportunidad de estar al aire junto a las voces de nuestro circuito. <!--[if gte mso 10]> <\/style>\n\n <![endif]--><\/p>\n","protected":false},"excerpt":{"rendered":"<p>Luis Daniel Almeida se convirti\u00f3 el pasado viernes 7 de septiembre en la nueva voz de La Mega 107.3 FM desde la transmisi\u00f3n especial de &#8220;Apaga La Tele&#8221; con Alex Goncalves y Ver\u00f3nica G\u00f3mez, anfitriones de este espacio; Rafael Cadavieco, presidente del jurado como locutor de gran trayectoria en la emisora; y Mar\u00eda Pura Ram\u00edrez [&hellip;]<\/p>\n","protected":false},"author":4,"featured_media":100006036,"comment_status":"open","ping_status":"open","sticky":false,"template":"","format":"standard","meta":{"_jetpack_memberships_contains_paid_content":false,"footnotes":""},"categories":[142],"tags":[],"class_list":["post-6036","post","type-post","status-publish","format-standard","has-post-thumbnail","hentry","category-buzznews"],"jetpack_featured_media_url":"https:\/\/www.oidossucios.com\/site\/wp-content\/uploads\/2012\/09\/6036.jpg","yoast_head":"<!-- This site is optimized with the Yoast SEO plugin v14.0.4 - https:\/\/yoast.com\/wordpress\/plugins\/seo\/ -->\n<title>Luis Almeida se convirti\u00f3 en la nueva voz de La Mega - OidosSucios.Com<\/title>\n<meta name=\"robots\" content=\"index, follow\" \/>\n<meta name=\"googlebot\" content=\"index, follow, max-snippet:-1, max-image-preview:large, max-video-preview:-1\" \/>\n<meta name=\"bingbot\" content=\"index, follow, max-snippet:-1, max-image-preview:large, max-video-preview:-1\" \/>\n<link rel=\"canonical\" href=\"https:\/\/www.oidossucios.com\/site\/luis-almeida-se-convirtio-en-la-nueva-voz-de-la-mega\/\" \/>\n<meta property=\"og:locale\" content=\"es_ES\" \/>\n<meta property=\"og:type\" content=\"article\" \/>\n<meta property=\"og:title\" content=\"Luis Almeida se convirti\u00f3 en la nueva voz de La Mega - OidosSucios.Com\" \/>\n<meta property=\"og:description\" content=\"Luis Daniel Almeida se convirti\u00f3 el pasado viernes 7 de septiembre en la nueva voz de La Mega 107.3 FM desde la transmisi\u00f3n especial de &#8220;Apaga La Tele&#8221; con Alex Goncalves y Ver\u00f3nica G\u00f3mez, anfitriones de este espacio; Rafael Cadavieco, presidente del jurado como locutor de gran trayectoria en la emisora; y Mar\u00eda Pura Ram\u00edrez [&hellip;]\" \/>\n<meta property=\"og:url\" content=\"https:\/\/www.oidossucios.com\/site\/luis-almeida-se-convirtio-en-la-nueva-voz-de-la-mega\/\" \/>\n<meta property=\"og:site_name\" content=\"OidosSucios.Com\" \/>\n<meta property=\"article:published_time\" content=\"2012-09-10T16:43:00+00:00\" \/>\n<meta property=\"og:image\" content=\"https:\/\/www.oidossucios.com\/site\/wp-content\/uploads\/2012\/09\/6036.jpg\" \/>\n\t<meta property=\"og:image:width\" content=\"350\" \/>\n\t<meta property=\"og:image:height\" content=\"300\" \/>\n<meta name=\"twitter:card\" content=\"summary_large_image\" \/>\n<meta name=\"twitter:creator\" content=\"@oidossucios\" \/>\n<script type=\"application\/ld+json\" class=\"yoast-schema-graph\">{\"@context\":\"https:\/\/schema.org\",\"@graph\":[{\"@type\":\"WebSite\",\"@id\":\"https:\/\/www.oidossucios.com\/site\/#website\",\"url\":\"https:\/\/www.oidossucios.com\/site\/\",\"name\":\"OidosSucios.Com\",\"description\":\"M\\u00fasica, conciertos, discos\",\"potentialAction\":[{\"@type\":\"SearchAction\",\"target\":\"https:\/\/www.oidossucios.com\/site\/?s={search_term_string}\",\"query-input\":\"required name=search_term_string\"}],\"inLanguage\":\"es\"},{\"@type\":\"ImageObject\",\"@id\":\"https:\/\/www.oidossucios.com\/site\/luis-almeida-se-convirtio-en-la-nueva-voz-de-la-mega\/#primaryimage\",\"inLanguage\":\"es\",\"url\":\"https:\/\/www.oidossucios.com\/site\/wp-content\/uploads\/2012\/09\/6036.jpg\",\"width\":350,\"height\":300},{\"@type\":\"WebPage\",\"@id\":\"https:\/\/www.oidossucios.com\/site\/luis-almeida-se-convirtio-en-la-nueva-voz-de-la-mega\/#webpage\",\"url\":\"https:\/\/www.oidossucios.com\/site\/luis-almeida-se-convirtio-en-la-nueva-voz-de-la-mega\/\",\"name\":\"Luis Almeida se convirti\\u00f3 en la nueva voz de La Mega - OidosSucios.Com\",\"isPartOf\":{\"@id\":\"https:\/\/www.oidossucios.com\/site\/#website\"},\"primaryImageOfPage\":{\"@id\":\"https:\/\/www.oidossucios.com\/site\/luis-almeida-se-convirtio-en-la-nueva-voz-de-la-mega\/#primaryimage\"},\"datePublished\":\"2012-09-10T16:43:00+00:00\",\"dateModified\":\"2012-09-10T16:43:00+00:00\",\"author\":{\"@id\":\"https:\/\/www.oidossucios.com\/site\/#\/schema\/person\/24559eeb76bf83a63296fb072393a688\"},\"inLanguage\":\"es\",\"potentialAction\":[{\"@type\":\"ReadAction\",\"target\":[\"https:\/\/www.oidossucios.com\/site\/luis-almeida-se-convirtio-en-la-nueva-voz-de-la-mega\/\"]}]},{\"@type\":[\"Person\"],\"@id\":\"https:\/\/www.oidossucios.com\/site\/#\/schema\/person\/24559eeb76bf83a63296fb072393a688\",\"name\":\"Oidossucios\",\"image\":{\"@type\":\"ImageObject\",\"@id\":\"https:\/\/www.oidossucios.com\/site\/#personlogo\",\"inLanguage\":\"es\",\"url\":\"https:\/\/secure.gravatar.com\/avatar\/74fcb480f42f1a33e50a0b6e6369a3f907be2e43dc84fa5f76c66e9c22b4a5ab?s=96&d=mm&r=g\",\"caption\":\"Oidossucios\"},\"sameAs\":[\"https:\/\/twitter.com\/oidossucios\"]}]}<\/script>\n<!-- \/ Yoast SEO plugin. -->","jetpack_sharing_enabled":true,"_links":{"self":[{"href":"https:\/\/www.oidossucios.com\/site\/wp-json\/wp\/v2\/posts\/6036","targetHints":{"allow":["GET"]}}],"collection":[{"href":"https:\/\/www.oidossucios.com\/site\/wp-json\/wp\/v2\/posts"}],"about":[{"href":"https:\/\/www.oidossucios.com\/site\/wp-json\/wp\/v2\/types\/post"}],"author":[{"embeddable":true,"href":"https:\/\/www.oidossucios.com\/site\/wp-json\/wp\/v2\/users\/4"}],"replies":[{"embeddable":true,"href":"https:\/\/www.oidossucios.com\/site\/wp-json\/wp\/v2\/comments?post=6036"}],"version-history":[{"count":0,"href":"https:\/\/www.oidossucios.com\/site\/wp-json\/wp\/v2\/posts\/6036\/revisions"}],"wp:featuredmedia":[{"embeddable":true,"href":"https:\/\/www.oidossucios.com\/site\/wp-json\/wp\/v2\/media\/100006036"}],"wp:attachment":[{"href":"https:\/\/www.oidossucios.com\/site\/wp-json\/wp\/v2\/media?parent=6036"}],"wp:term":[{"taxonomy":"category","embeddable":true,"href":"https:\/\/www.oidossucios.com\/site\/wp-json\/wp\/v2\/categories?post=6036"},{"taxonomy":"post_tag","embeddable":true,"href":"https:\/\/www.oidossucios.com\/site\/wp-json\/wp\/v2\/tags?post=6036"}],"curies":[{"name":"wp","href":"https:\/\/api.w.org\/{rel}","templated":true}]}}