{"id":6037,"date":"2012-09-10T16:50:00","date_gmt":"2012-09-10T16:50:00","guid":{"rendered":"https:\/\/www.oidossucios.com\/site\/2012\/09\/10\/the-black-keys-revelan-que-ya-estan-trabajando-en-un-nuevo-disco\/"},"modified":"2012-09-10T16:50:00","modified_gmt":"2012-09-10T16:50:00","slug":"the-black-keys-revelan-que-ya-estan-trabajando-en-un-nuevo-disco","status":"publish","type":"post","link":"https:\/\/www.oidossucios.com\/site\/the-black-keys-revelan-que-ya-estan-trabajando-en-un-nuevo-disco\/","title":{"rendered":"The Black Keys revelan que ya est\u00e1n trabajando en un nuevo disco"},"content":{"rendered":"<p><![endif]-->A nueve meses del estreno de su s\u00e9ptimo \u00e1lbum de estudio de&nbsp;The&nbsp;Black Keys,&nbsp;<i>El Camino<\/i>, su guitarrista&nbsp;Dan Auerbach&nbsp;declar\u00f3 a&nbsp;Rolling Stoneque regresaron al estudio para iniciar la lluvia de ideas para su siguiente LP. <\/p>\n<p>&#8220;Pasamos una semana en el estudio,&#8221; mencion\u00f3&nbsp;Auerbach&nbsp;y admite que no fue la sesi\u00f3n de estudio m\u00e1s enfocada, sin embargo \u00e9l y el baterista&nbsp;Patrick Carney&nbsp;&#8220;tuvimos algunas ideas y comenzamos a dejar rodar la pelota.&#8221;Auerbach y Carney&nbsp;planean reunirse nuevamente a principios de 2013 para iniciar las grabaciones oficialmente y esperan terminar r\u00e1pido. <\/p>\n<p>&#8220;Podr\u00edamos terminar en marzo, pues tenemos todav\u00eda una gira muy extensa, pero ya veremos,&#8221; declar\u00f3 Carney. &#8220;Despu\u00e9s seremos capaces de saber cu\u00e1nto nos tomar\u00e1,&#8221; apunt\u00f3&nbsp;Carney. <\/p>\n<p>&#8220;No sabemos qu\u00e9 es lo que pasar\u00e1,&#8221; explic\u00f3&nbsp;Auerbach.&nbsp;&#8220;No hablamos de eso, no lo planeamos. Comenzamos a grabar y de repente todo toma forma y tenemos una idea.&nbsp;Auerbach&nbsp;agreg\u00f3 que cada \u00e1lbum de&nbsp;Black Keys&nbsp;representa para \u00e9l &#8220;una captura de un momento en el tiempo, una fotograf\u00eda. Les permitimos ser as\u00ed. Casi como una cosa espont\u00e1nea,&#8221; concluy\u00f3. <\/p>\n<p>Fuente: www.rollingstone.com.mx<!--[if gte mso 10]> <\/style>\n\n <![endif]--><\/p>\n","protected":false},"excerpt":{"rendered":"<p>A nueve meses del estreno de su s\u00e9ptimo \u00e1lbum de estudio de&nbsp;The&nbsp;Black Keys,&nbsp;El Camino, su guitarrista&nbsp;Dan Auerbach&nbsp;declar\u00f3 a&nbsp;Rolling Stoneque regresaron al estudio para iniciar la lluvia de ideas para su siguiente LP. &#8220;Pasamos una semana en el estudio,&#8221; mencion\u00f3&nbsp;Auerbach&nbsp;y admite que no fue la sesi\u00f3n de estudio m\u00e1s enfocada, sin embargo \u00e9l y el baterista&nbsp;Patrick [&hellip;]<\/p>\n","protected":false},"author":4,"featured_media":100006037,"comment_status":"open","ping_status":"open","sticky":false,"template":"","format":"standard","meta":{"_jetpack_memberships_contains_paid_content":false,"footnotes":""},"categories":[142],"tags":[],"class_list":["post-6037","post","type-post","status-publish","format-standard","has-post-thumbnail","hentry","category-buzznews"],"jetpack_featured_media_url":"https:\/\/www.oidossucios.com\/site\/wp-content\/uploads\/2012\/09\/6037.jpg","yoast_head":"<!-- This site is optimized with the Yoast SEO plugin v14.0.4 - https:\/\/yoast.com\/wordpress\/plugins\/seo\/ -->\n<title>The Black Keys revelan que ya est\u00e1n trabajando en un nuevo disco - OidosSucios.Com<\/title>\n<meta name=\"robots\" content=\"index, follow\" \/>\n<meta name=\"googlebot\" content=\"index, follow, max-snippet:-1, max-image-preview:large, max-video-preview:-1\" \/>\n<meta name=\"bingbot\" content=\"index, follow, max-snippet:-1, max-image-preview:large, max-video-preview:-1\" \/>\n<link rel=\"canonical\" href=\"https:\/\/www.oidossucios.com\/site\/the-black-keys-revelan-que-ya-estan-trabajando-en-un-nuevo-disco\/\" \/>\n<meta property=\"og:locale\" content=\"es_ES\" \/>\n<meta property=\"og:type\" content=\"article\" \/>\n<meta property=\"og:title\" content=\"The Black Keys revelan que ya est\u00e1n trabajando en un nuevo disco - OidosSucios.Com\" \/>\n<meta property=\"og:description\" content=\"A nueve meses del estreno de su s\u00e9ptimo \u00e1lbum de estudio de&nbsp;The&nbsp;Black Keys,&nbsp;El Camino, su guitarrista&nbsp;Dan Auerbach&nbsp;declar\u00f3 a&nbsp;Rolling Stoneque regresaron al estudio para iniciar la lluvia de ideas para su siguiente LP. &#8220;Pasamos una semana en el estudio,&#8221; mencion\u00f3&nbsp;Auerbach&nbsp;y admite que no fue la sesi\u00f3n de estudio m\u00e1s enfocada, sin embargo \u00e9l y el baterista&nbsp;Patrick [&hellip;]\" \/>\n<meta property=\"og:url\" content=\"https:\/\/www.oidossucios.com\/site\/the-black-keys-revelan-que-ya-estan-trabajando-en-un-nuevo-disco\/\" \/>\n<meta property=\"og:site_name\" content=\"OidosSucios.Com\" \/>\n<meta property=\"article:published_time\" content=\"2012-09-10T16:50:00+00:00\" \/>\n<meta property=\"og:image\" content=\"https:\/\/www.oidossucios.com\/site\/wp-content\/uploads\/2012\/09\/6037.jpg\" \/>\n\t<meta property=\"og:image:width\" content=\"350\" \/>\n\t<meta property=\"og:image:height\" content=\"300\" \/>\n<meta name=\"twitter:card\" content=\"summary_large_image\" \/>\n<meta name=\"twitter:creator\" content=\"@oidossucios\" \/>\n<script type=\"application\/ld+json\" class=\"yoast-schema-graph\">{\"@context\":\"https:\/\/schema.org\",\"@graph\":[{\"@type\":\"WebSite\",\"@id\":\"https:\/\/www.oidossucios.com\/site\/#website\",\"url\":\"https:\/\/www.oidossucios.com\/site\/\",\"name\":\"OidosSucios.Com\",\"description\":\"M\\u00fasica, conciertos, discos\",\"potentialAction\":[{\"@type\":\"SearchAction\",\"target\":\"https:\/\/www.oidossucios.com\/site\/?s={search_term_string}\",\"query-input\":\"required name=search_term_string\"}],\"inLanguage\":\"es\"},{\"@type\":\"ImageObject\",\"@id\":\"https:\/\/www.oidossucios.com\/site\/the-black-keys-revelan-que-ya-estan-trabajando-en-un-nuevo-disco\/#primaryimage\",\"inLanguage\":\"es\",\"url\":\"https:\/\/www.oidossucios.com\/site\/wp-content\/uploads\/2012\/09\/6037.jpg\",\"width\":350,\"height\":300},{\"@type\":\"WebPage\",\"@id\":\"https:\/\/www.oidossucios.com\/site\/the-black-keys-revelan-que-ya-estan-trabajando-en-un-nuevo-disco\/#webpage\",\"url\":\"https:\/\/www.oidossucios.com\/site\/the-black-keys-revelan-que-ya-estan-trabajando-en-un-nuevo-disco\/\",\"name\":\"The Black Keys revelan que ya est\\u00e1n trabajando en un nuevo disco - OidosSucios.Com\",\"isPartOf\":{\"@id\":\"https:\/\/www.oidossucios.com\/site\/#website\"},\"primaryImageOfPage\":{\"@id\":\"https:\/\/www.oidossucios.com\/site\/the-black-keys-revelan-que-ya-estan-trabajando-en-un-nuevo-disco\/#primaryimage\"},\"datePublished\":\"2012-09-10T16:50:00+00:00\",\"dateModified\":\"2012-09-10T16:50:00+00:00\",\"author\":{\"@id\":\"https:\/\/www.oidossucios.com\/site\/#\/schema\/person\/24559eeb76bf83a63296fb072393a688\"},\"inLanguage\":\"es\",\"potentialAction\":[{\"@type\":\"ReadAction\",\"target\":[\"https:\/\/www.oidossucios.com\/site\/the-black-keys-revelan-que-ya-estan-trabajando-en-un-nuevo-disco\/\"]}]},{\"@type\":[\"Person\"],\"@id\":\"https:\/\/www.oidossucios.com\/site\/#\/schema\/person\/24559eeb76bf83a63296fb072393a688\",\"name\":\"Oidossucios\",\"image\":{\"@type\":\"ImageObject\",\"@id\":\"https:\/\/www.oidossucios.com\/site\/#personlogo\",\"inLanguage\":\"es\",\"url\":\"https:\/\/secure.gravatar.com\/avatar\/74fcb480f42f1a33e50a0b6e6369a3f907be2e43dc84fa5f76c66e9c22b4a5ab?s=96&d=mm&r=g\",\"caption\":\"Oidossucios\"},\"sameAs\":[\"https:\/\/twitter.com\/oidossucios\"]}]}<\/script>\n<!-- \/ Yoast SEO plugin. -->","jetpack_sharing_enabled":true,"_links":{"self":[{"href":"https:\/\/www.oidossucios.com\/site\/wp-json\/wp\/v2\/posts\/6037","targetHints":{"allow":["GET"]}}],"collection":[{"href":"https:\/\/www.oidossucios.com\/site\/wp-json\/wp\/v2\/posts"}],"about":[{"href":"https:\/\/www.oidossucios.com\/site\/wp-json\/wp\/v2\/types\/post"}],"author":[{"embeddable":true,"href":"https:\/\/www.oidossucios.com\/site\/wp-json\/wp\/v2\/users\/4"}],"replies":[{"embeddable":true,"href":"https:\/\/www.oidossucios.com\/site\/wp-json\/wp\/v2\/comments?post=6037"}],"version-history":[{"count":0,"href":"https:\/\/www.oidossucios.com\/site\/wp-json\/wp\/v2\/posts\/6037\/revisions"}],"wp:featuredmedia":[{"embeddable":true,"href":"https:\/\/www.oidossucios.com\/site\/wp-json\/wp\/v2\/media\/100006037"}],"wp:attachment":[{"href":"https:\/\/www.oidossucios.com\/site\/wp-json\/wp\/v2\/media?parent=6037"}],"wp:term":[{"taxonomy":"category","embeddable":true,"href":"https:\/\/www.oidossucios.com\/site\/wp-json\/wp\/v2\/categories?post=6037"},{"taxonomy":"post_tag","embeddable":true,"href":"https:\/\/www.oidossucios.com\/site\/wp-json\/wp\/v2\/tags?post=6037"}],"curies":[{"name":"wp","href":"https:\/\/api.w.org\/{rel}","templated":true}]}}