{"id":6068,"date":"2012-09-14T18:01:00","date_gmt":"2012-09-14T18:01:00","guid":{"rendered":"https:\/\/www.oidossucios.com\/site\/2012\/09\/14\/billie-joe-armstrong-green-day-bon-jovi-es-la-peor-banda-con-la-que-hemos-tocado\/"},"modified":"2012-09-14T18:01:00","modified_gmt":"2012-09-14T18:01:00","slug":"billie-joe-armstrong-green-day-bon-jovi-es-la-peor-banda-con-la-que-hemos-tocado","status":"publish","type":"post","link":"https:\/\/www.oidossucios.com\/site\/billie-joe-armstrong-green-day-bon-jovi-es-la-peor-banda-con-la-que-hemos-tocado\/","title":{"rendered":"Billie Joe Armstrong (Green Day): &#8220;Bon Jovi es la peor banda con la que hemos tocado&#8221;"},"content":{"rendered":"<p>Por <\/p>\n<p><![endif]-->En medio de la promoci\u00f3n de <i>\u00a1Uno!<\/i>,&nbsp;primer disco de su&nbsp;trilog\u00eda,&nbsp;que saldr\u00e1 a la venta el 25 de septiembre,&nbsp;Billie Joe Armstrong de Green Day describi\u00f3 a Bon Jovi como&nbsp;la peor banda con la que ha tocado.<\/p>\n<p>En una entrevista para la revista de m\u00fasica <a target=\"_blank\" href=\"http:\/\/www.kerrang.com\/\" rel=\"noopener noreferrer\">Kerrang,<\/a>&nbsp;el cantante declar\u00f3: &#8220;La mejor [banda con la que hemos compartido escenario] es probablemente The Hives. Son muy buenos en directo&#8221;. Al ser preguntado por la peor, Armstrong respondio: &#8220;Uff, tendr\u00eda que decir&nbsp;Bon Jovi&#8221;.&nbsp;La banda de Nueva Jersey no ha hecho ning\u00fan comentario a las declaraciones del l\u00edder de Green Day. <\/p>\n<p>La trilog\u00eda se completar\u00e1 los pr\u00f3ximos meses con <i>\u00a1Dos!<\/i>,&nbsp;que llegar\u00e1 el 12 de noviembre, y&nbsp;<i>\u00a1Tr\u00e9!<\/i>,&nbsp;el 14 de enero de 2012.<!--[if gte mso 10]> <\/style>\n\n <![endif]--><\/p>\n","protected":false},"excerpt":{"rendered":"<p>Durante una reciente entrevista Billie Joe Armstrong describi\u00f3 a Bon Jovi como la peor banda con la que han compartido escenario. <\/p>\n","protected":false},"author":4,"featured_media":100006068,"comment_status":"open","ping_status":"open","sticky":false,"template":"","format":"standard","meta":{"_jetpack_memberships_contains_paid_content":false,"footnotes":""},"categories":[685],"tags":[],"class_list":["post-6068","post","type-post","status-publish","format-standard","has-post-thumbnail","hentry","category-ultima"],"jetpack_featured_media_url":"https:\/\/www.oidossucios.com\/site\/wp-content\/uploads\/2012\/09\/6068.jpg","yoast_head":"<!-- This site is optimized with the Yoast SEO plugin v14.0.4 - https:\/\/yoast.com\/wordpress\/plugins\/seo\/ -->\n<title>Billie Joe Armstrong (Green Day): &quot;Bon Jovi es la peor banda con la que hemos tocado&quot; - OidosSucios.Com<\/title>\n<meta name=\"description\" content=\"Durante una reciente entrevista Billie Joe Armstrong describi\u00f3 a Bon Jovi como la peor banda con la que han compartido escenario.\" \/>\n<meta name=\"robots\" content=\"index, follow\" \/>\n<meta name=\"googlebot\" content=\"index, follow, max-snippet:-1, max-image-preview:large, max-video-preview:-1\" \/>\n<meta name=\"bingbot\" content=\"index, follow, max-snippet:-1, max-image-preview:large, max-video-preview:-1\" \/>\n<link rel=\"canonical\" href=\"https:\/\/www.oidossucios.com\/site\/billie-joe-armstrong-green-day-bon-jovi-es-la-peor-banda-con-la-que-hemos-tocado\/\" \/>\n<meta property=\"og:locale\" content=\"es_ES\" \/>\n<meta property=\"og:type\" content=\"article\" \/>\n<meta property=\"og:title\" content=\"Billie Joe Armstrong (Green Day): &quot;Bon Jovi es la peor banda con la que hemos tocado&quot; - OidosSucios.Com\" \/>\n<meta property=\"og:description\" content=\"Durante una reciente entrevista Billie Joe Armstrong describi\u00f3 a Bon Jovi como la peor banda con la que han compartido escenario.\" \/>\n<meta property=\"og:url\" content=\"https:\/\/www.oidossucios.com\/site\/billie-joe-armstrong-green-day-bon-jovi-es-la-peor-banda-con-la-que-hemos-tocado\/\" \/>\n<meta property=\"og:site_name\" content=\"OidosSucios.Com\" \/>\n<meta property=\"article:published_time\" content=\"2012-09-14T18:01:00+00:00\" \/>\n<meta property=\"og:image\" content=\"https:\/\/www.oidossucios.com\/site\/wp-content\/uploads\/2012\/09\/6068.jpg\" \/>\n\t<meta property=\"og:image:width\" content=\"350\" \/>\n\t<meta property=\"og:image:height\" content=\"300\" \/>\n<meta name=\"twitter:card\" content=\"summary_large_image\" \/>\n<meta name=\"twitter:creator\" content=\"@oidossucios\" \/>\n<script type=\"application\/ld+json\" class=\"yoast-schema-graph\">{\"@context\":\"https:\/\/schema.org\",\"@graph\":[{\"@type\":\"WebSite\",\"@id\":\"https:\/\/www.oidossucios.com\/site\/#website\",\"url\":\"https:\/\/www.oidossucios.com\/site\/\",\"name\":\"OidosSucios.Com\",\"description\":\"M\\u00fasica, conciertos, discos\",\"potentialAction\":[{\"@type\":\"SearchAction\",\"target\":\"https:\/\/www.oidossucios.com\/site\/?s={search_term_string}\",\"query-input\":\"required name=search_term_string\"}],\"inLanguage\":\"es\"},{\"@type\":\"ImageObject\",\"@id\":\"https:\/\/www.oidossucios.com\/site\/billie-joe-armstrong-green-day-bon-jovi-es-la-peor-banda-con-la-que-hemos-tocado\/#primaryimage\",\"inLanguage\":\"es\",\"url\":\"https:\/\/www.oidossucios.com\/site\/wp-content\/uploads\/2012\/09\/6068.jpg\",\"width\":350,\"height\":300},{\"@type\":\"WebPage\",\"@id\":\"https:\/\/www.oidossucios.com\/site\/billie-joe-armstrong-green-day-bon-jovi-es-la-peor-banda-con-la-que-hemos-tocado\/#webpage\",\"url\":\"https:\/\/www.oidossucios.com\/site\/billie-joe-armstrong-green-day-bon-jovi-es-la-peor-banda-con-la-que-hemos-tocado\/\",\"name\":\"Billie Joe Armstrong (Green Day): \\\"Bon Jovi es la peor banda con la que hemos tocado\\\" - OidosSucios.Com\",\"isPartOf\":{\"@id\":\"https:\/\/www.oidossucios.com\/site\/#website\"},\"primaryImageOfPage\":{\"@id\":\"https:\/\/www.oidossucios.com\/site\/billie-joe-armstrong-green-day-bon-jovi-es-la-peor-banda-con-la-que-hemos-tocado\/#primaryimage\"},\"datePublished\":\"2012-09-14T18:01:00+00:00\",\"dateModified\":\"2012-09-14T18:01:00+00:00\",\"author\":{\"@id\":\"https:\/\/www.oidossucios.com\/site\/#\/schema\/person\/24559eeb76bf83a63296fb072393a688\"},\"description\":\"Durante una reciente entrevista Billie Joe Armstrong describi\\u00f3 a Bon Jovi como la peor banda con la que han compartido escenario.\",\"inLanguage\":\"es\",\"potentialAction\":[{\"@type\":\"ReadAction\",\"target\":[\"https:\/\/www.oidossucios.com\/site\/billie-joe-armstrong-green-day-bon-jovi-es-la-peor-banda-con-la-que-hemos-tocado\/\"]}]},{\"@type\":[\"Person\"],\"@id\":\"https:\/\/www.oidossucios.com\/site\/#\/schema\/person\/24559eeb76bf83a63296fb072393a688\",\"name\":\"Oidossucios\",\"image\":{\"@type\":\"ImageObject\",\"@id\":\"https:\/\/www.oidossucios.com\/site\/#personlogo\",\"inLanguage\":\"es\",\"url\":\"https:\/\/secure.gravatar.com\/avatar\/74fcb480f42f1a33e50a0b6e6369a3f907be2e43dc84fa5f76c66e9c22b4a5ab?s=96&d=mm&r=g\",\"caption\":\"Oidossucios\"},\"sameAs\":[\"https:\/\/twitter.com\/oidossucios\"]}]}<\/script>\n<!-- \/ Yoast SEO plugin. -->","jetpack_sharing_enabled":true,"_links":{"self":[{"href":"https:\/\/www.oidossucios.com\/site\/wp-json\/wp\/v2\/posts\/6068","targetHints":{"allow":["GET"]}}],"collection":[{"href":"https:\/\/www.oidossucios.com\/site\/wp-json\/wp\/v2\/posts"}],"about":[{"href":"https:\/\/www.oidossucios.com\/site\/wp-json\/wp\/v2\/types\/post"}],"author":[{"embeddable":true,"href":"https:\/\/www.oidossucios.com\/site\/wp-json\/wp\/v2\/users\/4"}],"replies":[{"embeddable":true,"href":"https:\/\/www.oidossucios.com\/site\/wp-json\/wp\/v2\/comments?post=6068"}],"version-history":[{"count":0,"href":"https:\/\/www.oidossucios.com\/site\/wp-json\/wp\/v2\/posts\/6068\/revisions"}],"wp:featuredmedia":[{"embeddable":true,"href":"https:\/\/www.oidossucios.com\/site\/wp-json\/wp\/v2\/media\/100006068"}],"wp:attachment":[{"href":"https:\/\/www.oidossucios.com\/site\/wp-json\/wp\/v2\/media?parent=6068"}],"wp:term":[{"taxonomy":"category","embeddable":true,"href":"https:\/\/www.oidossucios.com\/site\/wp-json\/wp\/v2\/categories?post=6068"},{"taxonomy":"post_tag","embeddable":true,"href":"https:\/\/www.oidossucios.com\/site\/wp-json\/wp\/v2\/tags?post=6068"}],"curies":[{"name":"wp","href":"https:\/\/api.w.org\/{rel}","templated":true}]}}