{"id":6083,"date":"2012-09-18T15:13:00","date_gmt":"2012-09-18T15:13:00","guid":{"rendered":"https:\/\/www.oidossucios.com\/site\/2012\/09\/18\/bob-dylan-trabaja-en-la-secuela-de-sus-memorias\/"},"modified":"2012-09-18T15:13:00","modified_gmt":"2012-09-18T15:13:00","slug":"bob-dylan-trabaja-en-la-secuela-de-sus-memorias","status":"publish","type":"post","link":"https:\/\/www.oidossucios.com\/site\/bob-dylan-trabaja-en-la-secuela-de-sus-memorias\/","title":{"rendered":"Bob Dylan trabaja en la secuela de sus memorias"},"content":{"rendered":"<p><![endif]-->Buenas noticias para los fans de Bob Dylan:&nbsp;la continuaci\u00f3n de sus memorias,&nbsp;<i>Cr\u00f3nicas. Vol I<\/i>&nbsp;(2004), est\u00e1 en marcha.&nbsp;&#8220;Esperemos que s\u00ed [vean la luz]&#8221;, dice a la revista Rolling Stone. &#8220;Siempre estoy trabajando en ello. El anterior lo hice pr\u00e1cticamente todo yo. Ni siquiera estoy tan seguro de que tuviera un editor de verdad. No quiero hablar mucho de ello. Es mucho trabajo. No me importa escribirlo, pero volver a leerlo, y el tiempo que conlleva, me resulta dif\u00edcil&#8221;, explica.<\/p>\n<p>Dylan dice que las primeras&nbsp;Cr\u00f3nicas&nbsp;nacieron cuando&nbsp;su discogr\u00e1fica le pidi\u00f3 que escribiera un ensayo para acompa\u00f1ar un nuevo recopilatorio&nbsp;con 50 de sus antiguas canciones. &#8220;Yo no quer\u00eda hacerlo&#8221;, cuenta, &#8220;pero entonces pens\u00e9 que ser\u00eda una buena oportunidad para decir algunas cosas acerca de aquella \u00e9poca, del a\u00f1o 62 o 63. Cuando me fui del&nbsp;Show de Ed Sullivan&nbsp;cuando era muy popular en Estados Unidos. Quer\u00eda regresar a aquella etapa y revivirla&#8221;.<\/p>\n<p>Al final, el proyecto tom\u00f3 vida propia. &#8220;Acab\u00e9 saltando en el tiempo, entre futuro y pasado&#8221;, dice Dylan. &#8220;Empec\u00e9 escribiendo sobre el \u00e1lbum <i>Freewheelin Bob Dylan<\/i>&nbsp;[1963], pero al final no lo us\u00e9 en el libro. Utilic\u00e9&nbsp;<i>Oh Mercy<\/i>&nbsp;[1989]&nbsp;porque era m\u00e1s interesante para m\u00ed. Pero a\u00fan conservo lo que escrib\u00ed sobre&nbsp;<i>Freewheelin<\/i>,&nbsp;y puedo hacerlo m\u00e1s extenso. Ese es un poco el objetivo de&nbsp;<i>Cr\u00f3nicas Vol. II<\/i>&nbsp;y&nbsp;<i>Vol. III<\/i>.&nbsp;Hablar m\u00e1s de los discos&#8221;.<\/p>\n<p>De momento, el proyecto no es muy concreto y probablemente cambiar\u00e1 a medida que el m\u00fasico empiece a escribir. &#8220;Toda la parte inicial de las primeras&nbsp;Cr\u00f3nicas&nbsp;deb\u00eda basarse en alg\u00fan viejo disco, como&nbsp;<i>Another Side of Bob Dylan<\/i>&nbsp;[1964]&#8221;, dice Dylan. &#8220;Y de ah\u00ed, saltar al futuro. Pero lo que ocurri\u00f3 es que perd\u00ed el hilo de lo que estaba haciendo y me qued\u00e9 ah\u00ed. Nunca llegu\u00e9 al futuro.&nbsp;Cuando empec\u00e9 a escribir sobre los primeros d\u00edas en Nueva York, me pareci\u00f3 todo interesant\u00edsimo.&nbsp;Es incre\u00edble lo que descubres sin ni siquiera intentarlo&#8221;.<\/p>\n<p>Fuente: www.rollingstone.es<!--[if gte mso 10]> <\/style>\n\n <![endif]--><\/p>\n","protected":false},"excerpt":{"rendered":"<p>Buenas noticias para los fans de Bob Dylan:&nbsp;la continuaci\u00f3n de sus memorias,&nbsp;Cr\u00f3nicas. Vol I&nbsp;(2004), est\u00e1 en marcha.&nbsp;&#8220;Esperemos que s\u00ed [vean la luz]&#8221;, dice a la revista Rolling Stone. &#8220;Siempre estoy trabajando en ello. El anterior lo hice pr\u00e1cticamente todo yo. Ni siquiera estoy tan seguro de que tuviera un editor de verdad. No quiero hablar [&hellip;]<\/p>\n","protected":false},"author":4,"featured_media":100006083,"comment_status":"open","ping_status":"open","sticky":false,"template":"","format":"standard","meta":{"_jetpack_memberships_contains_paid_content":false,"footnotes":""},"categories":[142],"tags":[],"class_list":["post-6083","post","type-post","status-publish","format-standard","has-post-thumbnail","hentry","category-buzznews"],"jetpack_featured_media_url":"https:\/\/www.oidossucios.com\/site\/wp-content\/uploads\/2012\/09\/6083.jpg","yoast_head":"<!-- This site is optimized with the Yoast SEO plugin v14.0.4 - https:\/\/yoast.com\/wordpress\/plugins\/seo\/ -->\n<title>Bob Dylan trabaja en la secuela de sus memorias - OidosSucios.Com<\/title>\n<meta name=\"robots\" content=\"index, follow\" \/>\n<meta name=\"googlebot\" content=\"index, follow, max-snippet:-1, max-image-preview:large, max-video-preview:-1\" \/>\n<meta name=\"bingbot\" content=\"index, follow, max-snippet:-1, max-image-preview:large, max-video-preview:-1\" \/>\n<link rel=\"canonical\" href=\"https:\/\/www.oidossucios.com\/site\/bob-dylan-trabaja-en-la-secuela-de-sus-memorias\/\" \/>\n<meta property=\"og:locale\" content=\"es_ES\" \/>\n<meta property=\"og:type\" content=\"article\" \/>\n<meta property=\"og:title\" content=\"Bob Dylan trabaja en la secuela de sus memorias - OidosSucios.Com\" \/>\n<meta property=\"og:description\" content=\"Buenas noticias para los fans de Bob Dylan:&nbsp;la continuaci\u00f3n de sus memorias,&nbsp;Cr\u00f3nicas. Vol I&nbsp;(2004), est\u00e1 en marcha.&nbsp;&#8220;Esperemos que s\u00ed [vean la luz]&#8221;, dice a la revista Rolling Stone. &#8220;Siempre estoy trabajando en ello. El anterior lo hice pr\u00e1cticamente todo yo. Ni siquiera estoy tan seguro de que tuviera un editor de verdad. No quiero hablar [&hellip;]\" \/>\n<meta property=\"og:url\" content=\"https:\/\/www.oidossucios.com\/site\/bob-dylan-trabaja-en-la-secuela-de-sus-memorias\/\" \/>\n<meta property=\"og:site_name\" content=\"OidosSucios.Com\" \/>\n<meta property=\"article:published_time\" content=\"2012-09-18T15:13:00+00:00\" \/>\n<meta property=\"og:image\" content=\"https:\/\/www.oidossucios.com\/site\/wp-content\/uploads\/2012\/09\/6083.jpg\" \/>\n\t<meta property=\"og:image:width\" content=\"350\" \/>\n\t<meta property=\"og:image:height\" content=\"300\" \/>\n<meta name=\"twitter:card\" content=\"summary_large_image\" \/>\n<meta name=\"twitter:creator\" content=\"@oidossucios\" \/>\n<script type=\"application\/ld+json\" class=\"yoast-schema-graph\">{\"@context\":\"https:\/\/schema.org\",\"@graph\":[{\"@type\":\"WebSite\",\"@id\":\"https:\/\/www.oidossucios.com\/site\/#website\",\"url\":\"https:\/\/www.oidossucios.com\/site\/\",\"name\":\"OidosSucios.Com\",\"description\":\"M\\u00fasica, conciertos, discos\",\"potentialAction\":[{\"@type\":\"SearchAction\",\"target\":\"https:\/\/www.oidossucios.com\/site\/?s={search_term_string}\",\"query-input\":\"required name=search_term_string\"}],\"inLanguage\":\"es\"},{\"@type\":\"ImageObject\",\"@id\":\"https:\/\/www.oidossucios.com\/site\/bob-dylan-trabaja-en-la-secuela-de-sus-memorias\/#primaryimage\",\"inLanguage\":\"es\",\"url\":\"https:\/\/www.oidossucios.com\/site\/wp-content\/uploads\/2012\/09\/6083.jpg\",\"width\":350,\"height\":300},{\"@type\":\"WebPage\",\"@id\":\"https:\/\/www.oidossucios.com\/site\/bob-dylan-trabaja-en-la-secuela-de-sus-memorias\/#webpage\",\"url\":\"https:\/\/www.oidossucios.com\/site\/bob-dylan-trabaja-en-la-secuela-de-sus-memorias\/\",\"name\":\"Bob Dylan trabaja en la secuela de sus memorias - OidosSucios.Com\",\"isPartOf\":{\"@id\":\"https:\/\/www.oidossucios.com\/site\/#website\"},\"primaryImageOfPage\":{\"@id\":\"https:\/\/www.oidossucios.com\/site\/bob-dylan-trabaja-en-la-secuela-de-sus-memorias\/#primaryimage\"},\"datePublished\":\"2012-09-18T15:13:00+00:00\",\"dateModified\":\"2012-09-18T15:13:00+00:00\",\"author\":{\"@id\":\"https:\/\/www.oidossucios.com\/site\/#\/schema\/person\/24559eeb76bf83a63296fb072393a688\"},\"inLanguage\":\"es\",\"potentialAction\":[{\"@type\":\"ReadAction\",\"target\":[\"https:\/\/www.oidossucios.com\/site\/bob-dylan-trabaja-en-la-secuela-de-sus-memorias\/\"]}]},{\"@type\":[\"Person\"],\"@id\":\"https:\/\/www.oidossucios.com\/site\/#\/schema\/person\/24559eeb76bf83a63296fb072393a688\",\"name\":\"Oidossucios\",\"image\":{\"@type\":\"ImageObject\",\"@id\":\"https:\/\/www.oidossucios.com\/site\/#personlogo\",\"inLanguage\":\"es\",\"url\":\"https:\/\/secure.gravatar.com\/avatar\/74fcb480f42f1a33e50a0b6e6369a3f907be2e43dc84fa5f76c66e9c22b4a5ab?s=96&d=mm&r=g\",\"caption\":\"Oidossucios\"},\"sameAs\":[\"https:\/\/twitter.com\/oidossucios\"]}]}<\/script>\n<!-- \/ Yoast SEO plugin. -->","jetpack_sharing_enabled":true,"_links":{"self":[{"href":"https:\/\/www.oidossucios.com\/site\/wp-json\/wp\/v2\/posts\/6083","targetHints":{"allow":["GET"]}}],"collection":[{"href":"https:\/\/www.oidossucios.com\/site\/wp-json\/wp\/v2\/posts"}],"about":[{"href":"https:\/\/www.oidossucios.com\/site\/wp-json\/wp\/v2\/types\/post"}],"author":[{"embeddable":true,"href":"https:\/\/www.oidossucios.com\/site\/wp-json\/wp\/v2\/users\/4"}],"replies":[{"embeddable":true,"href":"https:\/\/www.oidossucios.com\/site\/wp-json\/wp\/v2\/comments?post=6083"}],"version-history":[{"count":0,"href":"https:\/\/www.oidossucios.com\/site\/wp-json\/wp\/v2\/posts\/6083\/revisions"}],"wp:featuredmedia":[{"embeddable":true,"href":"https:\/\/www.oidossucios.com\/site\/wp-json\/wp\/v2\/media\/100006083"}],"wp:attachment":[{"href":"https:\/\/www.oidossucios.com\/site\/wp-json\/wp\/v2\/media?parent=6083"}],"wp:term":[{"taxonomy":"category","embeddable":true,"href":"https:\/\/www.oidossucios.com\/site\/wp-json\/wp\/v2\/categories?post=6083"},{"taxonomy":"post_tag","embeddable":true,"href":"https:\/\/www.oidossucios.com\/site\/wp-json\/wp\/v2\/tags?post=6083"}],"curies":[{"name":"wp","href":"https:\/\/api.w.org\/{rel}","templated":true}]}}