{"id":6093,"date":"2012-09-19T16:52:00","date_gmt":"2012-09-19T16:52:00","guid":{"rendered":"https:\/\/www.oidossucios.com\/site\/2012\/09\/19\/cafe-tacvba-revela-detalles-de-su-nuevo-disco-el-objeto-antes-llamado-disco\/"},"modified":"2012-09-19T16:52:00","modified_gmt":"2012-09-19T16:52:00","slug":"cafe-tacvba-revela-detalles-de-su-nuevo-disco-el-objeto-antes-llamado-disco","status":"publish","type":"post","link":"https:\/\/www.oidossucios.com\/site\/cafe-tacvba-revela-detalles-de-su-nuevo-disco-el-objeto-antes-llamado-disco\/","title":{"rendered":"Caf\u00e9 Tacvba revela detalles de su nuevo disco: &#8220;El Objeto Antes Llamado Disco&#8221;"},"content":{"rendered":"<p><![endif]-->La banda mexicana,&nbsp;Caf\u00e9 Tacvba,&nbsp;dio a conocer la fecha de estreno de su nuevo \u00e1lbum que lleva por t\u00edtulo,&nbsp;<i>El Objeto Antes Llamado Disco<\/i>. <\/p>\n<p>La placa llegar\u00e1 a las tiendas el pr\u00f3ximo 22 de octubre a trav\u00e9s de la disquera Universal Music Group. <\/p>\n<p>El LP contiene 10 temas, cuyo primer sencillo&nbsp;&nbsp;&#8220;De Este Lado Del Camino&#8221; fue estrenado recientemente\u0096 y fue grabado en vivo en cuatro diferentes ciudades como Buenos Aires, Argentina; Santiago, Chile; M\u00e9xico DF, adem\u00e1s&nbsp; del ic\u00f3nico estudio de grabaci\u00f3n&nbsp;EastWest&nbsp;en la ciudad de Los \u00c1ngeles. <\/p>\n<p>Para este disco&nbsp;Caf\u00e9 Tacvba&nbsp;trabaj\u00f3 de nueva cuenta con el multipremiado <a href=\"\/rumores\/5727\/esta-gustavo-santaolalla-detras-de-la-musica\/\">Gustavo Santaolalla<\/a>, as\u00ed como&nbsp;Anibal Kerpel&nbsp;y&nbsp;Joe Chiccarelli.<\/p>\n<p>Fuente: www.rollingstone.com.mx<!--[if gte mso 10]> <\/style>\n\n <![endif]--><\/p>\n","protected":false},"excerpt":{"rendered":"<p>La banda mexicana,&nbsp;Caf\u00e9 Tacvba,&nbsp;dio a conocer la fecha de estreno de su nuevo \u00e1lbum que lleva por t\u00edtulo,&nbsp;El Objeto Antes Llamado Disco. La placa llegar\u00e1 a las tiendas el pr\u00f3ximo 22 de octubre a trav\u00e9s de la disquera Universal Music Group. El LP contiene 10 temas, cuyo primer sencillo&nbsp;&nbsp;&#8220;De Este Lado Del Camino&#8221; fue estrenado [&hellip;]<\/p>\n","protected":false},"author":4,"featured_media":0,"comment_status":"open","ping_status":"open","sticky":false,"template":"","format":"standard","meta":{"_jetpack_memberships_contains_paid_content":false,"footnotes":""},"categories":[142],"tags":[],"class_list":["post-6093","post","type-post","status-publish","format-standard","hentry","category-buzznews"],"jetpack_featured_media_url":"","yoast_head":"<!-- This site is optimized with the Yoast SEO plugin v14.0.4 - https:\/\/yoast.com\/wordpress\/plugins\/seo\/ -->\n<title>Caf\u00e9 Tacvba revela detalles de su nuevo disco: &quot;El Objeto Antes Llamado Disco&quot; - OidosSucios.Com<\/title>\n<meta name=\"robots\" content=\"index, follow\" \/>\n<meta name=\"googlebot\" content=\"index, follow, max-snippet:-1, max-image-preview:large, max-video-preview:-1\" \/>\n<meta name=\"bingbot\" content=\"index, follow, max-snippet:-1, max-image-preview:large, max-video-preview:-1\" \/>\n<link rel=\"canonical\" href=\"https:\/\/www.oidossucios.com\/site\/cafe-tacvba-revela-detalles-de-su-nuevo-disco-el-objeto-antes-llamado-disco\/\" \/>\n<meta property=\"og:locale\" content=\"es_ES\" \/>\n<meta property=\"og:type\" content=\"article\" \/>\n<meta property=\"og:title\" content=\"Caf\u00e9 Tacvba revela detalles de su nuevo disco: &quot;El Objeto Antes Llamado Disco&quot; - OidosSucios.Com\" \/>\n<meta property=\"og:description\" content=\"La banda mexicana,&nbsp;Caf\u00e9 Tacvba,&nbsp;dio a conocer la fecha de estreno de su nuevo \u00e1lbum que lleva por t\u00edtulo,&nbsp;El Objeto Antes Llamado Disco. La placa llegar\u00e1 a las tiendas el pr\u00f3ximo 22 de octubre a trav\u00e9s de la disquera Universal Music Group. El LP contiene 10 temas, cuyo primer sencillo&nbsp;&nbsp;&#8220;De Este Lado Del Camino&#8221; fue estrenado [&hellip;]\" \/>\n<meta property=\"og:url\" content=\"https:\/\/www.oidossucios.com\/site\/cafe-tacvba-revela-detalles-de-su-nuevo-disco-el-objeto-antes-llamado-disco\/\" \/>\n<meta property=\"og:site_name\" content=\"OidosSucios.Com\" \/>\n<meta property=\"article:published_time\" content=\"2012-09-19T16:52:00+00:00\" \/>\n<meta name=\"twitter:card\" content=\"summary_large_image\" \/>\n<meta name=\"twitter:creator\" content=\"@oidossucios\" \/>\n<script type=\"application\/ld+json\" class=\"yoast-schema-graph\">{\"@context\":\"https:\/\/schema.org\",\"@graph\":[{\"@type\":\"WebSite\",\"@id\":\"https:\/\/www.oidossucios.com\/site\/#website\",\"url\":\"https:\/\/www.oidossucios.com\/site\/\",\"name\":\"OidosSucios.Com\",\"description\":\"M\\u00fasica, conciertos, discos\",\"potentialAction\":[{\"@type\":\"SearchAction\",\"target\":\"https:\/\/www.oidossucios.com\/site\/?s={search_term_string}\",\"query-input\":\"required name=search_term_string\"}],\"inLanguage\":\"es\"},{\"@type\":\"WebPage\",\"@id\":\"https:\/\/www.oidossucios.com\/site\/cafe-tacvba-revela-detalles-de-su-nuevo-disco-el-objeto-antes-llamado-disco\/#webpage\",\"url\":\"https:\/\/www.oidossucios.com\/site\/cafe-tacvba-revela-detalles-de-su-nuevo-disco-el-objeto-antes-llamado-disco\/\",\"name\":\"Caf\\u00e9 Tacvba revela detalles de su nuevo disco: \\\"El Objeto Antes Llamado Disco\\\" - OidosSucios.Com\",\"isPartOf\":{\"@id\":\"https:\/\/www.oidossucios.com\/site\/#website\"},\"datePublished\":\"2012-09-19T16:52:00+00:00\",\"dateModified\":\"2012-09-19T16:52:00+00:00\",\"author\":{\"@id\":\"https:\/\/www.oidossucios.com\/site\/#\/schema\/person\/24559eeb76bf83a63296fb072393a688\"},\"inLanguage\":\"es\",\"potentialAction\":[{\"@type\":\"ReadAction\",\"target\":[\"https:\/\/www.oidossucios.com\/site\/cafe-tacvba-revela-detalles-de-su-nuevo-disco-el-objeto-antes-llamado-disco\/\"]}]},{\"@type\":[\"Person\"],\"@id\":\"https:\/\/www.oidossucios.com\/site\/#\/schema\/person\/24559eeb76bf83a63296fb072393a688\",\"name\":\"Oidossucios\",\"image\":{\"@type\":\"ImageObject\",\"@id\":\"https:\/\/www.oidossucios.com\/site\/#personlogo\",\"inLanguage\":\"es\",\"url\":\"https:\/\/secure.gravatar.com\/avatar\/74fcb480f42f1a33e50a0b6e6369a3f907be2e43dc84fa5f76c66e9c22b4a5ab?s=96&d=mm&r=g\",\"caption\":\"Oidossucios\"},\"sameAs\":[\"https:\/\/twitter.com\/oidossucios\"]}]}<\/script>\n<!-- \/ Yoast SEO plugin. -->","jetpack_sharing_enabled":true,"_links":{"self":[{"href":"https:\/\/www.oidossucios.com\/site\/wp-json\/wp\/v2\/posts\/6093","targetHints":{"allow":["GET"]}}],"collection":[{"href":"https:\/\/www.oidossucios.com\/site\/wp-json\/wp\/v2\/posts"}],"about":[{"href":"https:\/\/www.oidossucios.com\/site\/wp-json\/wp\/v2\/types\/post"}],"author":[{"embeddable":true,"href":"https:\/\/www.oidossucios.com\/site\/wp-json\/wp\/v2\/users\/4"}],"replies":[{"embeddable":true,"href":"https:\/\/www.oidossucios.com\/site\/wp-json\/wp\/v2\/comments?post=6093"}],"version-history":[{"count":0,"href":"https:\/\/www.oidossucios.com\/site\/wp-json\/wp\/v2\/posts\/6093\/revisions"}],"wp:attachment":[{"href":"https:\/\/www.oidossucios.com\/site\/wp-json\/wp\/v2\/media?parent=6093"}],"wp:term":[{"taxonomy":"category","embeddable":true,"href":"https:\/\/www.oidossucios.com\/site\/wp-json\/wp\/v2\/categories?post=6093"},{"taxonomy":"post_tag","embeddable":true,"href":"https:\/\/www.oidossucios.com\/site\/wp-json\/wp\/v2\/tags?post=6093"}],"curies":[{"name":"wp","href":"https:\/\/api.w.org\/{rel}","templated":true}]}}