{"id":6095,"date":"2012-09-19T20:13:00","date_gmt":"2012-09-19T20:13:00","guid":{"rendered":"https:\/\/www.oidossucios.com\/site\/2012\/09\/19\/planeador-estrena-nuevo-sencillo-donde-sale-el-sol\/"},"modified":"2012-09-19T20:13:00","modified_gmt":"2012-09-19T20:13:00","slug":"planeador-estrena-nuevo-sencillo-donde-sale-el-sol","status":"publish","type":"post","link":"https:\/\/www.oidossucios.com\/site\/planeador-estrena-nuevo-sencillo-donde-sale-el-sol\/","title":{"rendered":"Planeador estrena nuevo sencillo &#8220;Donde sale el sol&#8221;"},"content":{"rendered":"<p><![endif]-->Planeador, banda de Rock&nbsp;oriunda de la ciudad de Puerto la Cruz, vuelve a los escenarios del rock&nbsp;nacional con su nuevo sencillo &#8220;Donde sale el sol&#8221;, que ser\u00e1 estrenado&nbsp;el jueves 20 de septiembre.<\/p>\n<p>Para este nuevo promocional fue invitado Reynaldo Goit\u00eda&nbsp;(vocalista de Tomates Fritos) quien particip\u00f3 junto a Daniel Delgado&nbsp;Arocha (Voz) y Wisam Salaheldin (Bater\u00eda) en el proceso de creaci\u00f3n de&nbsp;la letra, mientras que Juan Pablo Aroutine (Guitarra) se encarg\u00f3 de la&nbsp;melod\u00eda base.<\/p>\n<p>Planeador est\u00e1 integrado por Daniel Delgado Arocha (Voz), Wisam&nbsp;Salaheldin (Bater\u00eda), Juan Pablo Aroutine (Guitarra) y Riccardo Lombardi (Guitarra). Durante sus seis a\u00f1os de trayectoria, la banda ha&nbsp;participado en numerosos eventos nacionales como el Festival Nuevas&nbsp;Bandas (2006) y el Uni\u00f3n Rock Show (2010). En el a\u00f1o 2010, su video&nbsp;&#8220;El regreso&#8221;, perteneciente a su primer disco, rot\u00f3 en el canal MTV&nbsp;Latinoam\u00e9rica.<\/p>\n<p>Descarga el tema aqu\u00ed&nbsp;<a target=\"_blank\" href=\"http:\/\/www.planeador.com.ve\/\" rel=\"noopener noreferrer\">www.planeador.com.ve<\/a><!--[if gte mso 10]> <\/style>\n\n <![endif]--><\/p>\n","protected":false},"excerpt":{"rendered":"<p>Planeador, banda de Rock&nbsp;oriunda de la ciudad de Puerto la Cruz, vuelve a los escenarios del rock&nbsp;nacional con su nuevo sencillo &#8220;Donde sale el sol&#8221;, que ser\u00e1 estrenado&nbsp;el jueves 20 de septiembre. Para este nuevo promocional fue invitado Reynaldo Goit\u00eda&nbsp;(vocalista de Tomates Fritos) quien particip\u00f3 junto a Daniel Delgado&nbsp;Arocha (Voz) y Wisam Salaheldin (Bater\u00eda) en [&hellip;]<\/p>\n","protected":false},"author":4,"featured_media":100006095,"comment_status":"open","ping_status":"open","sticky":false,"template":"","format":"standard","meta":{"_jetpack_memberships_contains_paid_content":false,"footnotes":""},"categories":[142],"tags":[],"class_list":["post-6095","post","type-post","status-publish","format-standard","has-post-thumbnail","hentry","category-buzznews"],"jetpack_featured_media_url":"https:\/\/www.oidossucios.com\/site\/wp-content\/uploads\/2012\/09\/6095.jpg","yoast_head":"<!-- This site is optimized with the Yoast SEO plugin v14.0.4 - https:\/\/yoast.com\/wordpress\/plugins\/seo\/ -->\n<title>Planeador estrena nuevo sencillo &quot;Donde sale el sol&quot; - OidosSucios.Com<\/title>\n<meta name=\"robots\" content=\"index, follow\" \/>\n<meta name=\"googlebot\" content=\"index, follow, max-snippet:-1, max-image-preview:large, max-video-preview:-1\" \/>\n<meta name=\"bingbot\" content=\"index, follow, max-snippet:-1, max-image-preview:large, max-video-preview:-1\" \/>\n<link rel=\"canonical\" href=\"https:\/\/www.oidossucios.com\/site\/planeador-estrena-nuevo-sencillo-donde-sale-el-sol\/\" \/>\n<meta property=\"og:locale\" content=\"es_ES\" \/>\n<meta property=\"og:type\" content=\"article\" \/>\n<meta property=\"og:title\" content=\"Planeador estrena nuevo sencillo &quot;Donde sale el sol&quot; - OidosSucios.Com\" \/>\n<meta property=\"og:description\" content=\"Planeador, banda de Rock&nbsp;oriunda de la ciudad de Puerto la Cruz, vuelve a los escenarios del rock&nbsp;nacional con su nuevo sencillo &#8220;Donde sale el sol&#8221;, que ser\u00e1 estrenado&nbsp;el jueves 20 de septiembre. Para este nuevo promocional fue invitado Reynaldo Goit\u00eda&nbsp;(vocalista de Tomates Fritos) quien particip\u00f3 junto a Daniel Delgado&nbsp;Arocha (Voz) y Wisam Salaheldin (Bater\u00eda) en [&hellip;]\" \/>\n<meta property=\"og:url\" content=\"https:\/\/www.oidossucios.com\/site\/planeador-estrena-nuevo-sencillo-donde-sale-el-sol\/\" \/>\n<meta property=\"og:site_name\" content=\"OidosSucios.Com\" \/>\n<meta property=\"article:published_time\" content=\"2012-09-19T20:13:00+00:00\" \/>\n<meta property=\"og:image\" content=\"https:\/\/www.oidossucios.com\/site\/wp-content\/uploads\/2012\/09\/6095.jpg\" \/>\n\t<meta property=\"og:image:width\" content=\"350\" \/>\n\t<meta property=\"og:image:height\" content=\"300\" \/>\n<meta name=\"twitter:card\" content=\"summary_large_image\" \/>\n<meta name=\"twitter:creator\" content=\"@oidossucios\" \/>\n<script type=\"application\/ld+json\" class=\"yoast-schema-graph\">{\"@context\":\"https:\/\/schema.org\",\"@graph\":[{\"@type\":\"WebSite\",\"@id\":\"https:\/\/www.oidossucios.com\/site\/#website\",\"url\":\"https:\/\/www.oidossucios.com\/site\/\",\"name\":\"OidosSucios.Com\",\"description\":\"M\\u00fasica, conciertos, discos\",\"potentialAction\":[{\"@type\":\"SearchAction\",\"target\":\"https:\/\/www.oidossucios.com\/site\/?s={search_term_string}\",\"query-input\":\"required name=search_term_string\"}],\"inLanguage\":\"es\"},{\"@type\":\"ImageObject\",\"@id\":\"https:\/\/www.oidossucios.com\/site\/planeador-estrena-nuevo-sencillo-donde-sale-el-sol\/#primaryimage\",\"inLanguage\":\"es\",\"url\":\"https:\/\/www.oidossucios.com\/site\/wp-content\/uploads\/2012\/09\/6095.jpg\",\"width\":350,\"height\":300},{\"@type\":\"WebPage\",\"@id\":\"https:\/\/www.oidossucios.com\/site\/planeador-estrena-nuevo-sencillo-donde-sale-el-sol\/#webpage\",\"url\":\"https:\/\/www.oidossucios.com\/site\/planeador-estrena-nuevo-sencillo-donde-sale-el-sol\/\",\"name\":\"Planeador estrena nuevo sencillo \\\"Donde sale el sol\\\" - OidosSucios.Com\",\"isPartOf\":{\"@id\":\"https:\/\/www.oidossucios.com\/site\/#website\"},\"primaryImageOfPage\":{\"@id\":\"https:\/\/www.oidossucios.com\/site\/planeador-estrena-nuevo-sencillo-donde-sale-el-sol\/#primaryimage\"},\"datePublished\":\"2012-09-19T20:13:00+00:00\",\"dateModified\":\"2012-09-19T20:13:00+00:00\",\"author\":{\"@id\":\"https:\/\/www.oidossucios.com\/site\/#\/schema\/person\/24559eeb76bf83a63296fb072393a688\"},\"inLanguage\":\"es\",\"potentialAction\":[{\"@type\":\"ReadAction\",\"target\":[\"https:\/\/www.oidossucios.com\/site\/planeador-estrena-nuevo-sencillo-donde-sale-el-sol\/\"]}]},{\"@type\":[\"Person\"],\"@id\":\"https:\/\/www.oidossucios.com\/site\/#\/schema\/person\/24559eeb76bf83a63296fb072393a688\",\"name\":\"Oidossucios\",\"image\":{\"@type\":\"ImageObject\",\"@id\":\"https:\/\/www.oidossucios.com\/site\/#personlogo\",\"inLanguage\":\"es\",\"url\":\"https:\/\/secure.gravatar.com\/avatar\/74fcb480f42f1a33e50a0b6e6369a3f907be2e43dc84fa5f76c66e9c22b4a5ab?s=96&d=mm&r=g\",\"caption\":\"Oidossucios\"},\"sameAs\":[\"https:\/\/twitter.com\/oidossucios\"]}]}<\/script>\n<!-- \/ Yoast SEO plugin. -->","jetpack_sharing_enabled":true,"_links":{"self":[{"href":"https:\/\/www.oidossucios.com\/site\/wp-json\/wp\/v2\/posts\/6095","targetHints":{"allow":["GET"]}}],"collection":[{"href":"https:\/\/www.oidossucios.com\/site\/wp-json\/wp\/v2\/posts"}],"about":[{"href":"https:\/\/www.oidossucios.com\/site\/wp-json\/wp\/v2\/types\/post"}],"author":[{"embeddable":true,"href":"https:\/\/www.oidossucios.com\/site\/wp-json\/wp\/v2\/users\/4"}],"replies":[{"embeddable":true,"href":"https:\/\/www.oidossucios.com\/site\/wp-json\/wp\/v2\/comments?post=6095"}],"version-history":[{"count":0,"href":"https:\/\/www.oidossucios.com\/site\/wp-json\/wp\/v2\/posts\/6095\/revisions"}],"wp:featuredmedia":[{"embeddable":true,"href":"https:\/\/www.oidossucios.com\/site\/wp-json\/wp\/v2\/media\/100006095"}],"wp:attachment":[{"href":"https:\/\/www.oidossucios.com\/site\/wp-json\/wp\/v2\/media?parent=6095"}],"wp:term":[{"taxonomy":"category","embeddable":true,"href":"https:\/\/www.oidossucios.com\/site\/wp-json\/wp\/v2\/categories?post=6095"},{"taxonomy":"post_tag","embeddable":true,"href":"https:\/\/www.oidossucios.com\/site\/wp-json\/wp\/v2\/tags?post=6095"}],"curies":[{"name":"wp","href":"https:\/\/api.w.org\/{rel}","templated":true}]}}