{"id":6101,"date":"2012-09-20T17:08:00","date_gmt":"2012-09-20T17:08:00","guid":{"rendered":"https:\/\/www.oidossucios.com\/site\/2012\/09\/20\/se-cumplen-15-anos-de-la-frase-mas-emblematica-del-rock-en-espanol-gracias-totales\/"},"modified":"2012-09-20T17:08:00","modified_gmt":"2012-09-20T17:08:00","slug":"se-cumplen-15-anos-de-la-frase-mas-emblematica-del-rock-en-espanol-gracias-totales","status":"publish","type":"post","link":"https:\/\/www.oidossucios.com\/site\/se-cumplen-15-anos-de-la-frase-mas-emblematica-del-rock-en-espanol-gracias-totales\/","title":{"rendered":"Se cumplen 15 a\u00f1os de la frase m\u00e1s emblem\u00e1tica del Rock en espa\u00f1ol &#8220;Gracias Totales&#8221;"},"content":{"rendered":"<p>Por <\/p>\n<p><![endif]--><i>&#8220;No s\u00f3lo no hubi\u00e9ramos sido nada sin ustedes, sino con toda la gente que estuvo a nuestro alrededor desde el comienzo; algunos siguen hasta hoy.\u0085<b>\u00a1Gracias totales!<\/b>&#8220;<\/i>. Esa sentida frase de despedida, finalizada con dos palabras, ha quedado <b>impresa para siempre en la historia del Rock en espa\u00f1ol.<\/b>As\u00ed culminaba, por momentos, la carrera de una de las bandas m\u00e1s importantes de Latinoam\u00e9rica.<\/p>\n<p>La noche del 20 de septiembre de 1997 en el estadio de River Plate, Gustavo Cerati frente a m\u00e1s de 70mil personas dijo: <i>&#8220;Lleg\u00f3 la hora, el minuto, el segundo, el instante. Supongo que tienen sed \u00a1Soda Stereo, Buenos Aires, Argentina!&#8221;<\/i>.&nbsp;Con estas palabras&nbsp;comenzar\u00eda <b><i>El \u00faltimo concierto<\/i>, que marcar\u00eda el final del tr\u00edo m\u00e1s importante de Latinoam\u00e9rica. <\/b>Comenzar\u00edan los acordes de &#8220;En la ciudad de la furia&#8221; y durante m\u00e1s de dos horas Soda Stereo repasar\u00eda todos sus \u00e9xitos.<\/p>\n<p>Fue en marzo de ese a\u00f1o que comenzaron los rumores, y en mayo se hizo oficial. La banda sacar\u00eda un peque\u00f1o pero devastador comunicado:&nbsp;<i>&#8220;Soda Stereo confirma su separaci\u00f3n, resuelta de com\u00fan acuerdo. Pronto se anunciar\u00e1 la fecha de la realizaci\u00f3n en un estadio de la ciudad de Buenos Aires el \u00faltimo show de la carrera del grupo. Firmado: Gustavo Cerati, Zeta Bosio y Charly Alberti&#8221;.<\/i><\/p>\n<p>La banda antes de dar el &#8220;\u00faltimo&#8221; adi\u00f3s, hizo una gira por M\u00e9xico, Venezuela, Chile y el gran cierre en Buenos Aires.&nbsp;<i> &#8220;<a href=\"http:\/\/tn.com.ar\/musica\/hoy\/charly-alberti-fue-un-recital-muy-extrano_272428\">Tuve la idea de hacer una gira<\/a>. Me pareci\u00f3 que ten\u00edamos que separarnos en buenos t\u00e9rminos y ten\u00edamos el deber de avisar a nuestras familias y a los fans. Gustavo estaba en contra, fui el promotor, lo convenc\u00ed y le gust\u00f3 hacerlo&#8221;<\/i>,&nbsp;le cont\u00f3&nbsp;Charly Alberti&nbsp;a La Viola Web.<\/p>\n<p>En cada uno de los conciertos de esta gira, Soda cont\u00f3 con grupos teloneros. En el final de Buenos Aires estuvieron&nbsp;Tumbas, Avant Press y Santos Inocentes.&nbsp; Leo Garc\u00eda, ex guitarrista y cantante de&nbsp;Avant Press <a href=\"http:\/\/tn.com.ar\/musica\/clips\/leo-garcia_272456\">record\u00f3 en una entrevista<\/a>: <i>&#8220;Cuando subimos no se escuchaba nada. Despu\u00e9s se escuch\u00f3 mejor y vimos toda esa gente. Sent\u00ed la sensaci\u00f3n de estar en un living gigante.&nbsp;Est\u00e1bamos muy metidos con la idea de telonear a Soda Stereo.&nbsp;Era tomar consciencia que&nbsp;se estaba acabando una d\u00e9cada&#8221;<\/i>. Tambi\u00e9n agreg\u00f3: &#8220;<i>A la luz, tom\u00e9 conciencia de que&nbsp;se estaba acabando una d\u00e9cada. Y esa impronta tan del coraz\u00f3n y tanta entrega de&nbsp;Gustavo Cerati&nbsp;hacia nosotros, nos hac\u00eda confiar en su carrera solista. Segu\u00eda Cerati. No sent\u00edamos que se acababa algo. Cerati iba a seguir.&nbsp;La m\u00fasica iba a seguir, no se terminaba&#8221;.<\/i><\/p>\n<p>Sobre los aspectos t\u00e9cnicos de esa gran noche, <b><a href=\"http:\/\/tn.com.ar\/musica\/hoy\/adrian-taverna-nos-preocupabamos-mucho-en-tener-lo-mejor-en-equipos_272432\">el ingeniero de sonido de Soda y Cerati en su etapa solista, Adri\u00e1n Taverna, record\u00f3<\/a>:<\/b> <i>&#8220;Gustavo decidi\u00f3 hacer un s\u00f3lo River, por ah\u00ed se pod\u00eda hacer m\u00e1s shows. Gustavo dijo &#8220;de Buenos Aires me despido una vez sola&#8221;. Por ese motivo, el escenario se corri\u00f3 15 metros para atr\u00e1s, siempre se pone el escenario sobre el arco, y no me dejaron poner algunos equipos. Fue el show que m\u00e1s entradas vendi\u00f3 en River para una sola funci\u00f3n. Fue muy movilizador. Era una \u00e9poca an\u00e1loga, en cada lugar era diferente, las consolas los sistemas de sonido, las medidas de los estadios.&nbsp;Para ese show hice traer un equipos de Brasil&nbsp;&#8220;.<\/i><\/p>\n<p>Luego, aport\u00f3:&nbsp;&#8220;<i>Ven\u00edamos grabando algunos shows de la gira y qued\u00f3 la frase <b>&#8220;Gracias Totales&#8221;<\/b>. Fue en el \u00fanico lugar que la dijo. Era la \u00faltima grabaci\u00f3n y no sab\u00edamos que pod\u00eda llegar a pasar&#8221;.<\/i><\/p>\n<p>Gustavo,&nbsp;Zeta&nbsp;y Charly &nbsp;contaron con varios m\u00fasicos de apoyo durante los shows de despedida: Tweety Gonz\u00e1lez,&nbsp;Alejandro Ter\u00e1n&nbsp;y&nbsp;Axel Krygier&nbsp;fueron los invitados para cada uno de los recitales. Pero, para el emotivo final en River, tambi\u00e9n se sumaron a la tarima&nbsp;<a href=\"http:\/\/www.tn.com.ar\/personajes\/richard-coleman\">Richard Coleman<\/a>,&nbsp;<a href=\"http:\/\/www.tn.com.ar\/personajes\/andrea-alvarez\">Andrea \u00c1lvarez&nbsp;<\/a>y&nbsp;Daniel Sais.<\/p>\n<p>&#8220;<i>El 20 de septiembre fue un d\u00eda extra\u00f1o, empec\u00e9 el show muy triste pensando que cada tema que terminaba no lo iba a tocar m\u00e1s. No sab\u00eda que existir\u00eda un 2007 (La gira Me ver\u00e1s volver). En un momento pude cambiar la energ\u00eda y disfrutar del show.&nbsp;En el \u00faltimo recital me puse la camiseta de la selecci\u00f3n Argentina, por todo lo que signific\u00f3 la banda. Tuve esa necesidad&#8221;<\/i>, record\u00f3 Charly Alberti.<\/p>\n<p><b>10 a\u00f1os y el grupo tuvo su regreso. Pero esa, es otra historia. Por ahora disfruta de <i>El \u00faltimo concierto <\/i>(completo) de Soda Stereo:<\/b><\/p>\n<p>Fuente y m\u00e1s informaci\u00f3n: <a href=\"http:\/\/www.tn.com.ar\/musica\">www.tn.com.ar\/musica<\/a><\/p>\n<p><iframe loading=\"lazy\" width=\"420\" height=\"315\" frameborder=\"0\" allowfullscreen=\"\" src=\"http:\/\/www.youtube.com\/embed\/XhDkFs58_do\"><\/iframe><\/p>\n<p>Setlist:<\/p>\n<p>1. En la Ciudad de la Furia<br \/>2. El Rito<br \/>3. Hombre al Agua<br \/>4. (En) El S\u00e9ptimo D\u00eda<br \/>5. Canci\u00f3n Animal<br \/>6. Juego de Seducci\u00f3n<br \/>7. Paseando por Roma<br \/>8. Lo que Sangra (la C\u00fapula)<br \/>9. Signos<br \/>10. Zoom<br \/>11. Ella Us\u00f3 mi Cabeza como un Revolver<br \/>12. Disco Eterno<br \/>13. Planeador<br \/>14. Luna Roja<br \/>15. Te para Tres<br \/>16. Sobredosis de TV<br \/>17. Tr\u00e1tame Suavemente<br \/>18. Cuando Pase el Temblor<br \/>19. Persiana Americana<br \/>20. Un Mill\u00f3n de A\u00f1os Luz<br \/>21. Primavera 0<br \/>22. Cae el Sol<br \/>23. De M\u00fasica Ligera <\/p>\n<p> <!--[if gte mso 10]> <\/style>\n\n <![endif]--><\/p>\n","protected":false},"excerpt":{"rendered":"<p>Fue en 1997 cuando Soda Stereo dio un recital hist\u00f3rico, despidi\u00e9ndose por primera vez con un gran show en Buenos Aires. Gustavo Cerati agradeci\u00f3  con dos palabras que quedaron escritas para siempre en la historia del Rock en espa\u00f1ol. <\/p>\n","protected":false},"author":4,"featured_media":100006101,"comment_status":"open","ping_status":"open","sticky":false,"template":"","format":"standard","meta":{"_jetpack_memberships_contains_paid_content":false,"footnotes":""},"categories":[695],"tags":[],"class_list":["post-6101","post","type-post","status-publish","format-standard","has-post-thumbnail","hentry","category-articulos"],"jetpack_featured_media_url":"https:\/\/www.oidossucios.com\/site\/wp-content\/uploads\/2012\/09\/6101.jpg","yoast_head":"<!-- This site is optimized with the Yoast SEO plugin v14.0.4 - https:\/\/yoast.com\/wordpress\/plugins\/seo\/ -->\n<title>Se cumplen 15 a\u00f1os de la frase m\u00e1s emblem\u00e1tica del Rock en espa\u00f1ol &quot;Gracias Totales&quot; - OidosSucios.Com<\/title>\n<meta name=\"description\" content=\"Fue en 1997 cuando Soda Stereo dio un recital hist\u00f3rico, despidi\u00e9ndose por primera vez con un gran show en Buenos Aires. Gustavo Cerati agradeci\u00f3 con dos palabras que quedaron escritas para siempre en la historia del Rock en espa\u00f1ol.\" \/>\n<meta name=\"robots\" content=\"index, follow\" \/>\n<meta name=\"googlebot\" content=\"index, follow, max-snippet:-1, max-image-preview:large, max-video-preview:-1\" \/>\n<meta name=\"bingbot\" content=\"index, follow, max-snippet:-1, max-image-preview:large, max-video-preview:-1\" \/>\n<link rel=\"canonical\" href=\"https:\/\/www.oidossucios.com\/site\/se-cumplen-15-anos-de-la-frase-mas-emblematica-del-rock-en-espanol-gracias-totales\/\" \/>\n<meta property=\"og:locale\" content=\"es_ES\" \/>\n<meta property=\"og:type\" content=\"article\" \/>\n<meta property=\"og:title\" content=\"Se cumplen 15 a\u00f1os de la frase m\u00e1s emblem\u00e1tica del Rock en espa\u00f1ol &quot;Gracias Totales&quot; - OidosSucios.Com\" \/>\n<meta property=\"og:description\" content=\"Fue en 1997 cuando Soda Stereo dio un recital hist\u00f3rico, despidi\u00e9ndose por primera vez con un gran show en Buenos Aires. Gustavo Cerati agradeci\u00f3 con dos palabras que quedaron escritas para siempre en la historia del Rock en espa\u00f1ol.\" \/>\n<meta property=\"og:url\" content=\"https:\/\/www.oidossucios.com\/site\/se-cumplen-15-anos-de-la-frase-mas-emblematica-del-rock-en-espanol-gracias-totales\/\" \/>\n<meta property=\"og:site_name\" content=\"OidosSucios.Com\" \/>\n<meta property=\"article:published_time\" content=\"2012-09-20T17:08:00+00:00\" \/>\n<meta property=\"og:image\" content=\"https:\/\/www.oidossucios.com\/site\/wp-content\/uploads\/2012\/09\/6101.jpg\" \/>\n\t<meta property=\"og:image:width\" content=\"350\" \/>\n\t<meta property=\"og:image:height\" content=\"300\" \/>\n<meta name=\"twitter:card\" content=\"summary_large_image\" \/>\n<meta name=\"twitter:creator\" content=\"@oidossucios\" \/>\n<script type=\"application\/ld+json\" class=\"yoast-schema-graph\">{\"@context\":\"https:\/\/schema.org\",\"@graph\":[{\"@type\":\"WebSite\",\"@id\":\"https:\/\/www.oidossucios.com\/site\/#website\",\"url\":\"https:\/\/www.oidossucios.com\/site\/\",\"name\":\"OidosSucios.Com\",\"description\":\"M\\u00fasica, conciertos, discos\",\"potentialAction\":[{\"@type\":\"SearchAction\",\"target\":\"https:\/\/www.oidossucios.com\/site\/?s={search_term_string}\",\"query-input\":\"required name=search_term_string\"}],\"inLanguage\":\"es\"},{\"@type\":\"ImageObject\",\"@id\":\"https:\/\/www.oidossucios.com\/site\/se-cumplen-15-anos-de-la-frase-mas-emblematica-del-rock-en-espanol-gracias-totales\/#primaryimage\",\"inLanguage\":\"es\",\"url\":\"https:\/\/www.oidossucios.com\/site\/wp-content\/uploads\/2012\/09\/6101.jpg\",\"width\":350,\"height\":300},{\"@type\":\"WebPage\",\"@id\":\"https:\/\/www.oidossucios.com\/site\/se-cumplen-15-anos-de-la-frase-mas-emblematica-del-rock-en-espanol-gracias-totales\/#webpage\",\"url\":\"https:\/\/www.oidossucios.com\/site\/se-cumplen-15-anos-de-la-frase-mas-emblematica-del-rock-en-espanol-gracias-totales\/\",\"name\":\"Se cumplen 15 a\\u00f1os de la frase m\\u00e1s emblem\\u00e1tica del Rock en espa\\u00f1ol \\\"Gracias Totales\\\" - OidosSucios.Com\",\"isPartOf\":{\"@id\":\"https:\/\/www.oidossucios.com\/site\/#website\"},\"primaryImageOfPage\":{\"@id\":\"https:\/\/www.oidossucios.com\/site\/se-cumplen-15-anos-de-la-frase-mas-emblematica-del-rock-en-espanol-gracias-totales\/#primaryimage\"},\"datePublished\":\"2012-09-20T17:08:00+00:00\",\"dateModified\":\"2012-09-20T17:08:00+00:00\",\"author\":{\"@id\":\"https:\/\/www.oidossucios.com\/site\/#\/schema\/person\/24559eeb76bf83a63296fb072393a688\"},\"description\":\"Fue en 1997 cuando Soda Stereo dio un recital hist\\u00f3rico, despidi\\u00e9ndose por primera vez con un gran show en Buenos Aires. Gustavo Cerati agradeci\\u00f3 con dos palabras que quedaron escritas para siempre en la historia del Rock en espa\\u00f1ol.\",\"inLanguage\":\"es\",\"potentialAction\":[{\"@type\":\"ReadAction\",\"target\":[\"https:\/\/www.oidossucios.com\/site\/se-cumplen-15-anos-de-la-frase-mas-emblematica-del-rock-en-espanol-gracias-totales\/\"]}]},{\"@type\":[\"Person\"],\"@id\":\"https:\/\/www.oidossucios.com\/site\/#\/schema\/person\/24559eeb76bf83a63296fb072393a688\",\"name\":\"Oidossucios\",\"image\":{\"@type\":\"ImageObject\",\"@id\":\"https:\/\/www.oidossucios.com\/site\/#personlogo\",\"inLanguage\":\"es\",\"url\":\"https:\/\/secure.gravatar.com\/avatar\/74fcb480f42f1a33e50a0b6e6369a3f907be2e43dc84fa5f76c66e9c22b4a5ab?s=96&d=mm&r=g\",\"caption\":\"Oidossucios\"},\"sameAs\":[\"https:\/\/twitter.com\/oidossucios\"]}]}<\/script>\n<!-- \/ Yoast SEO plugin. -->","jetpack_sharing_enabled":true,"_links":{"self":[{"href":"https:\/\/www.oidossucios.com\/site\/wp-json\/wp\/v2\/posts\/6101","targetHints":{"allow":["GET"]}}],"collection":[{"href":"https:\/\/www.oidossucios.com\/site\/wp-json\/wp\/v2\/posts"}],"about":[{"href":"https:\/\/www.oidossucios.com\/site\/wp-json\/wp\/v2\/types\/post"}],"author":[{"embeddable":true,"href":"https:\/\/www.oidossucios.com\/site\/wp-json\/wp\/v2\/users\/4"}],"replies":[{"embeddable":true,"href":"https:\/\/www.oidossucios.com\/site\/wp-json\/wp\/v2\/comments?post=6101"}],"version-history":[{"count":0,"href":"https:\/\/www.oidossucios.com\/site\/wp-json\/wp\/v2\/posts\/6101\/revisions"}],"wp:featuredmedia":[{"embeddable":true,"href":"https:\/\/www.oidossucios.com\/site\/wp-json\/wp\/v2\/media\/100006101"}],"wp:attachment":[{"href":"https:\/\/www.oidossucios.com\/site\/wp-json\/wp\/v2\/media?parent=6101"}],"wp:term":[{"taxonomy":"category","embeddable":true,"href":"https:\/\/www.oidossucios.com\/site\/wp-json\/wp\/v2\/categories?post=6101"},{"taxonomy":"post_tag","embeddable":true,"href":"https:\/\/www.oidossucios.com\/site\/wp-json\/wp\/v2\/tags?post=6101"}],"curies":[{"name":"wp","href":"https:\/\/api.w.org\/{rel}","templated":true}]}}