{"id":6104,"date":"2012-09-20T18:54:00","date_gmt":"2012-09-20T18:54:00","guid":{"rendered":"https:\/\/www.oidossucios.com\/site\/2012\/09\/20\/los-sordos-se-presentaran-en-el-teatro-bar\/"},"modified":"2012-09-20T18:54:00","modified_gmt":"2012-09-20T18:54:00","slug":"los-sordos-se-presentaran-en-el-teatro-bar","status":"publish","type":"post","link":"https:\/\/www.oidossucios.com\/site\/los-sordos-se-presentaran-en-el-teatro-bar\/","title":{"rendered":"Los Sordos se presentar\u00e1n en El Teatro Bar"},"content":{"rendered":"<p><![endif]-->La agrupaci\u00f3n venezolana&nbsp;Los Sordos&nbsp;ofrecer\u00e1 un concierto en EL Teatro Bar Caracas, este s\u00e1bado 22 de septiembre a partir de las 10:00pm.<\/p>\n<p>En esta ocasi\u00f3n&nbsp;Los Sordos&nbsp;se presentan junto a la banda marabina&nbsp;Para Llevar, para seguir en la promoci\u00f3n de su m\u00e1s reciente trabajo musical <i>Volumen 0<\/i>.&nbsp;Los Sordos&nbsp;han estado de gira tanto a nivel &nbsp;nacional como internacional llevando <i>Volumen 0<\/i> a Colombia, M\u00e9xico e importantes ciudades del territorio nacional. El pr\u00f3ximo mes de octubre, la banda se dispone a&nbsp; entrar en estudio para grabar un nuevo material discogr\u00e1fico.<\/p>\n<p>La cita para el show de Los Sordos y Para llevar es este s\u00e1bado 22 de septiembre en El Teatro Bar Caracas a partir de las 10:00pm. Las entradas estar\u00e1n disponibles en la puerta a un costo de 30Bs.<\/p>\n<p>Para m\u00e1s informaci\u00f3n, pueden seguirlos a trav\u00e9s de @los_sordos y @parallevar o visitar las p\u00e1ginas&nbsp;<a target=\"_blank\" href=\"http:\/\/www.lossordos.com\/\" rel=\"noopener noreferrer\">www.lossordos.com<\/a>&nbsp;y<a target=\"_blank\" href=\"http:\/\/www.parallevarmusica.com\/\" rel=\"noopener noreferrer\">www.parallevarmusica.com<\/a><!--[if gte mso 10]> <\/style>\n\n <![endif]--><\/p>\n","protected":false},"excerpt":{"rendered":"<p>La agrupaci\u00f3n venezolana&nbsp;Los Sordos&nbsp;ofrecer\u00e1 un concierto en EL Teatro Bar Caracas, este s\u00e1bado 22 de septiembre a partir de las 10:00pm. En esta ocasi\u00f3n&nbsp;Los Sordos&nbsp;se presentan junto a la banda marabina&nbsp;Para Llevar, para seguir en la promoci\u00f3n de su m\u00e1s reciente trabajo musical Volumen 0.&nbsp;Los Sordos&nbsp;han estado de gira tanto a nivel &nbsp;nacional como internacional [&hellip;]<\/p>\n","protected":false},"author":4,"featured_media":0,"comment_status":"open","ping_status":"open","sticky":false,"template":"","format":"standard","meta":{"_jetpack_memberships_contains_paid_content":false,"footnotes":""},"categories":[142],"tags":[],"class_list":["post-6104","post","type-post","status-publish","format-standard","hentry","category-buzznews"],"jetpack_featured_media_url":"","yoast_head":"<!-- This site is optimized with the Yoast SEO plugin v14.0.4 - https:\/\/yoast.com\/wordpress\/plugins\/seo\/ -->\n<title>Los Sordos se presentar\u00e1n en El Teatro Bar - OidosSucios.Com<\/title>\n<meta name=\"robots\" content=\"index, follow\" \/>\n<meta name=\"googlebot\" content=\"index, follow, max-snippet:-1, max-image-preview:large, max-video-preview:-1\" \/>\n<meta name=\"bingbot\" content=\"index, follow, max-snippet:-1, max-image-preview:large, max-video-preview:-1\" \/>\n<link rel=\"canonical\" href=\"https:\/\/www.oidossucios.com\/site\/los-sordos-se-presentaran-en-el-teatro-bar\/\" \/>\n<meta property=\"og:locale\" content=\"es_ES\" \/>\n<meta property=\"og:type\" content=\"article\" \/>\n<meta property=\"og:title\" content=\"Los Sordos se presentar\u00e1n en El Teatro Bar - OidosSucios.Com\" \/>\n<meta property=\"og:description\" content=\"La agrupaci\u00f3n venezolana&nbsp;Los Sordos&nbsp;ofrecer\u00e1 un concierto en EL Teatro Bar Caracas, este s\u00e1bado 22 de septiembre a partir de las 10:00pm. En esta ocasi\u00f3n&nbsp;Los Sordos&nbsp;se presentan junto a la banda marabina&nbsp;Para Llevar, para seguir en la promoci\u00f3n de su m\u00e1s reciente trabajo musical Volumen 0.&nbsp;Los Sordos&nbsp;han estado de gira tanto a nivel &nbsp;nacional como internacional [&hellip;]\" \/>\n<meta property=\"og:url\" content=\"https:\/\/www.oidossucios.com\/site\/los-sordos-se-presentaran-en-el-teatro-bar\/\" \/>\n<meta property=\"og:site_name\" content=\"OidosSucios.Com\" \/>\n<meta property=\"article:published_time\" content=\"2012-09-20T18:54:00+00:00\" \/>\n<meta name=\"twitter:card\" content=\"summary_large_image\" \/>\n<meta name=\"twitter:creator\" content=\"@oidossucios\" \/>\n<script type=\"application\/ld+json\" class=\"yoast-schema-graph\">{\"@context\":\"https:\/\/schema.org\",\"@graph\":[{\"@type\":\"WebSite\",\"@id\":\"https:\/\/www.oidossucios.com\/site\/#website\",\"url\":\"https:\/\/www.oidossucios.com\/site\/\",\"name\":\"OidosSucios.Com\",\"description\":\"M\\u00fasica, conciertos, discos\",\"potentialAction\":[{\"@type\":\"SearchAction\",\"target\":\"https:\/\/www.oidossucios.com\/site\/?s={search_term_string}\",\"query-input\":\"required name=search_term_string\"}],\"inLanguage\":\"es\"},{\"@type\":\"WebPage\",\"@id\":\"https:\/\/www.oidossucios.com\/site\/los-sordos-se-presentaran-en-el-teatro-bar\/#webpage\",\"url\":\"https:\/\/www.oidossucios.com\/site\/los-sordos-se-presentaran-en-el-teatro-bar\/\",\"name\":\"Los Sordos se presentar\\u00e1n en El Teatro Bar - OidosSucios.Com\",\"isPartOf\":{\"@id\":\"https:\/\/www.oidossucios.com\/site\/#website\"},\"datePublished\":\"2012-09-20T18:54:00+00:00\",\"dateModified\":\"2012-09-20T18:54:00+00:00\",\"author\":{\"@id\":\"https:\/\/www.oidossucios.com\/site\/#\/schema\/person\/24559eeb76bf83a63296fb072393a688\"},\"inLanguage\":\"es\",\"potentialAction\":[{\"@type\":\"ReadAction\",\"target\":[\"https:\/\/www.oidossucios.com\/site\/los-sordos-se-presentaran-en-el-teatro-bar\/\"]}]},{\"@type\":[\"Person\"],\"@id\":\"https:\/\/www.oidossucios.com\/site\/#\/schema\/person\/24559eeb76bf83a63296fb072393a688\",\"name\":\"Oidossucios\",\"image\":{\"@type\":\"ImageObject\",\"@id\":\"https:\/\/www.oidossucios.com\/site\/#personlogo\",\"inLanguage\":\"es\",\"url\":\"https:\/\/secure.gravatar.com\/avatar\/74fcb480f42f1a33e50a0b6e6369a3f907be2e43dc84fa5f76c66e9c22b4a5ab?s=96&d=mm&r=g\",\"caption\":\"Oidossucios\"},\"sameAs\":[\"https:\/\/twitter.com\/oidossucios\"]}]}<\/script>\n<!-- \/ Yoast SEO plugin. -->","jetpack_sharing_enabled":true,"_links":{"self":[{"href":"https:\/\/www.oidossucios.com\/site\/wp-json\/wp\/v2\/posts\/6104","targetHints":{"allow":["GET"]}}],"collection":[{"href":"https:\/\/www.oidossucios.com\/site\/wp-json\/wp\/v2\/posts"}],"about":[{"href":"https:\/\/www.oidossucios.com\/site\/wp-json\/wp\/v2\/types\/post"}],"author":[{"embeddable":true,"href":"https:\/\/www.oidossucios.com\/site\/wp-json\/wp\/v2\/users\/4"}],"replies":[{"embeddable":true,"href":"https:\/\/www.oidossucios.com\/site\/wp-json\/wp\/v2\/comments?post=6104"}],"version-history":[{"count":0,"href":"https:\/\/www.oidossucios.com\/site\/wp-json\/wp\/v2\/posts\/6104\/revisions"}],"wp:attachment":[{"href":"https:\/\/www.oidossucios.com\/site\/wp-json\/wp\/v2\/media?parent=6104"}],"wp:term":[{"taxonomy":"category","embeddable":true,"href":"https:\/\/www.oidossucios.com\/site\/wp-json\/wp\/v2\/categories?post=6104"},{"taxonomy":"post_tag","embeddable":true,"href":"https:\/\/www.oidossucios.com\/site\/wp-json\/wp\/v2\/tags?post=6104"}],"curies":[{"name":"wp","href":"https:\/\/api.w.org\/{rel}","templated":true}]}}