{"id":612,"date":"2002-06-11T20:46:00","date_gmt":"2002-06-11T20:46:00","guid":{"rendered":"https:\/\/www.oidossucios.com\/site\/2002\/06\/11\/el-nuevo-disco-de-cerati-saldra-en-septiembre\/"},"modified":"2002-06-11T20:46:00","modified_gmt":"2002-06-11T20:46:00","slug":"el-nuevo-disco-de-cerati-saldra-en-septiembre","status":"publish","type":"post","link":"https:\/\/www.oidossucios.com\/site\/el-nuevo-disco-de-cerati-saldra-en-septiembre\/","title":{"rendered":"El nuevo disco de Cerati saldr\u00e1 en Septiembre"},"content":{"rendered":"<p>El ex \u0096 Soda Stereo Gustavo Cerati, qui\u00e9n se encuentra en Venezuela para dar un show sinf\u00f3nico este jueves, reconoci\u00f3 que los diversos proyectos que ha afrontado le han retrasado la salida de su tercer disco como solista, el cual se esperaba para mediados del a\u00f1o pasado.<\/p>\n<p>&#8216;Yo comenc\u00e9 a grabarlo a inicios del a\u00f1o pasado, y de pronto se present\u00f3 la oportunidad de hacer esto sinf\u00f3nico, era el momento, estaban dadas las condiciones y no pude rechazarlo. Despu\u00e9s vino el disco, la gira que no pensaba hacer y hemos llegado hasta ac\u00e1. Pero por ahora, solo tengo listo el 60% del disco, lo terminar\u00e9 de grabar despu\u00e9s que me presente en Chile y en julio lo estar\u00e9 mezclando para que est\u00e9 en las calles entre agosto y septiembre&#8217;. El solista argentino aclar\u00f3 adem\u00e1s unas declaraciones suyas aparecidas en la prensa chilena recientemente donde se dejaba ver que su nuevo disco estaba influenciado por la onda del hip-hop &#8216;Me gusta el hip-hop pero como concepto de producci\u00f3n. Pocos instrumentos, poco presupuesto, grabaci\u00f3n live. As\u00ed est\u00e1 concebido mi nuevo disco.&#8217; Declar\u00f3 Cerati, quien tambi\u00e9n reconoci\u00f3 que gracias a que sus discos tambi\u00e9n se venden fuera de su pa\u00eds, la crisis Argentina no le ha golpeado tan fuerte a la hora de producir nuevo material como a sus otros compatriotas.<\/p>\n<p>Con respecto al show que dar\u00e1 este jueves, Gustavo coment\u00f3 que los \u00fanicos temas adicionales a los que salen en el disco que interpretar\u00e1 son Fue, Lisa y Hombre al Agua, como ven\u00eda haciendo en sus anteriores presentaciones. Adem\u00e1s, espera que esta sea su \u00faltima experiencia sinf\u00f3nica en mucho tiempo, pues &#8216;Esto no es lo mio&#8217;.<\/p>\n<p>Finalmente, contrari\u00f3 un poco a su colega Fito P\u00e1ez, quien en su visita a Venezuela hab\u00eda afirmado que no le gustar\u00eda que Argentina ganase el mundial, pues eso se usar\u00eda como anestesia para la crisis que afronta el pa\u00eds austral. Para Gustavo &#8216;No esta mal recibir un poco de felicidad de vez en cuando, no creo que Fito piense as\u00ed como dijo&#8217;. Aunque no es muy futbolero (&#8216;Cuando la gente habla de f\u00fatbol me siento como una mujer&#8217; coment\u00f3), afirm\u00f3 que ha seguido a su selecci\u00f3n durante este mundial y se mostr\u00f3 esperanzado en que logren el pase a la segunda ronda en el partido que juegan esta madrugada contra Suecia, sin embargo, dijo &#8216;Si no ganamos, no pasa nada. Perdemos contra Suecia y chao.&#8217;<\/p>\n<p><!--nextpage--><img loading=\"lazy\" decoding=\"async\" width=\"480\" height=\"360\" class=\"aligncenter size-medium wp-image-11111835\" src=\"https:\/\/www.oidossucios.com\/site\/wp-content\/uploads\/2020\/02\/835.jpg\" alt=\"El nuevo disco de Cerati saldr\u00e1 en Septiembre\"  \/><!--nextpage--><img loading=\"lazy\" decoding=\"async\" width=\"480\" height=\"360\" class=\"aligncenter size-medium wp-image-11111836\" src=\"https:\/\/www.oidossucios.com\/site\/wp-content\/uploads\/2020\/02\/836.jpg\" alt=\"El nuevo disco de Cerati saldr\u00e1 en Septiembre\"  \/><!--nextpage--><img loading=\"lazy\" decoding=\"async\" width=\"480\" height=\"360\" class=\"aligncenter size-medium wp-image-11111837\" src=\"https:\/\/www.oidossucios.com\/site\/wp-content\/uploads\/2020\/02\/837.jpg\" alt=\"El nuevo disco de Cerati saldr\u00e1 en Septiembre\"  \/><!--nextpage--><img loading=\"lazy\" decoding=\"async\" width=\"480\" height=\"360\" class=\"aligncenter size-medium wp-image-11111838\" src=\"https:\/\/www.oidossucios.com\/site\/wp-content\/uploads\/2020\/02\/838.jpg\" alt=\"El nuevo disco de Cerati saldr\u00e1 en Septiembre\"  \/><!--nextpage--><img loading=\"lazy\" decoding=\"async\" width=\"480\" height=\"360\" class=\"aligncenter size-medium wp-image-11111839\" src=\"https:\/\/www.oidossucios.com\/site\/wp-content\/uploads\/2020\/02\/839.jpg\" alt=\"El nuevo disco de Cerati saldr\u00e1 en Septiembre\"  \/><!--nextpage--><img loading=\"lazy\" decoding=\"async\" width=\"480\" height=\"360\" class=\"aligncenter size-medium wp-image-11111840\" src=\"https:\/\/www.oidossucios.com\/site\/wp-content\/uploads\/2020\/02\/840.jpg\" alt=\"El nuevo disco de Cerati saldr\u00e1 en Septiembre\"  \/><!--nextpage--><img loading=\"lazy\" decoding=\"async\" width=\"480\" height=\"360\" class=\"aligncenter size-medium wp-image-11111841\" src=\"https:\/\/www.oidossucios.com\/site\/wp-content\/uploads\/2020\/02\/841.jpg\" alt=\"El nuevo disco de Cerati saldr\u00e1 en Septiembre\"  \/><!--nextpage--><img loading=\"lazy\" decoding=\"async\" width=\"480\" height=\"360\" class=\"aligncenter size-medium wp-image-11111842\" src=\"https:\/\/www.oidossucios.com\/site\/wp-content\/uploads\/2020\/02\/842.jpg\" alt=\"El nuevo disco de Cerati saldr\u00e1 en Septiembre\"  \/><!--nextpage--><img loading=\"lazy\" decoding=\"async\" width=\"480\" height=\"360\" class=\"aligncenter size-medium wp-image-11111843\" src=\"https:\/\/www.oidossucios.com\/site\/wp-content\/uploads\/2020\/02\/843.jpg\" alt=\"El nuevo disco de Cerati saldr\u00e1 en Septiembre\"  \/><!--nextpage--><img loading=\"lazy\" decoding=\"async\" width=\"480\" height=\"360\" class=\"aligncenter size-medium wp-image-11111844\" src=\"https:\/\/www.oidossucios.com\/site\/wp-content\/uploads\/2020\/02\/844.jpg\" alt=\"El nuevo disco de Cerati saldr\u00e1 en Septiembre\"  \/><!--nextpage--><img loading=\"lazy\" decoding=\"async\" width=\"480\" height=\"360\" class=\"aligncenter size-medium wp-image-11111845\" src=\"https:\/\/www.oidossucios.com\/site\/wp-content\/uploads\/2020\/02\/845.jpg\" alt=\"El nuevo disco de Cerati saldr\u00e1 en Septiembre\"  \/><!--nextpage--><img loading=\"lazy\" decoding=\"async\" width=\"480\" height=\"360\" class=\"aligncenter size-medium wp-image-11111846\" src=\"https:\/\/www.oidossucios.com\/site\/wp-content\/uploads\/2020\/02\/846.jpg\" alt=\"El nuevo disco de Cerati saldr\u00e1 en Septiembre\"  \/><!--nextpage--><img loading=\"lazy\" decoding=\"async\" width=\"480\" height=\"360\" class=\"aligncenter size-medium wp-image-11111847\" src=\"https:\/\/www.oidossucios.com\/site\/wp-content\/uploads\/2020\/02\/847.jpg\" alt=\"El nuevo disco de Cerati saldr\u00e1 en Septiembre\"  \/><!--nextpage--><img loading=\"lazy\" decoding=\"async\" width=\"480\" height=\"360\" class=\"aligncenter size-medium wp-image-11111848\" src=\"https:\/\/www.oidossucios.com\/site\/wp-content\/uploads\/2020\/02\/848.jpg\" alt=\"El nuevo disco de Cerati saldr\u00e1 en Septiembre\"  \/><!--nextpage--><img loading=\"lazy\" decoding=\"async\" width=\"480\" height=\"360\" class=\"aligncenter size-medium wp-image-11111849\" src=\"https:\/\/www.oidossucios.com\/site\/wp-content\/uploads\/2020\/02\/849.jpg\" alt=\"El nuevo disco de Cerati saldr\u00e1 en Septiembre\"  \/><!--nextpage--><img loading=\"lazy\" decoding=\"async\" width=\"480\" height=\"360\" class=\"aligncenter size-medium wp-image-11111850\" src=\"https:\/\/www.oidossucios.com\/site\/wp-content\/uploads\/2020\/02\/850.jpg\" alt=\"El nuevo disco de Cerati saldr\u00e1 en Septiembre\"  \/><!--nextpage--><img loading=\"lazy\" decoding=\"async\" width=\"480\" height=\"360\" class=\"aligncenter size-medium wp-image-11111851\" src=\"https:\/\/www.oidossucios.com\/site\/wp-content\/uploads\/2020\/02\/851.jpg\" alt=\"El nuevo disco de Cerati saldr\u00e1 en Septiembre\"  \/><!--nextpage--><img loading=\"lazy\" decoding=\"async\" width=\"480\" height=\"360\" class=\"aligncenter size-medium wp-image-11111852\" src=\"https:\/\/www.oidossucios.com\/site\/wp-content\/uploads\/2020\/02\/852.jpg\" alt=\"El nuevo disco de Cerati saldr\u00e1 en Septiembre\"  \/><!--nextpage--><img loading=\"lazy\" decoding=\"async\" width=\"480\" height=\"360\" class=\"aligncenter size-medium wp-image-11111853\" src=\"https:\/\/www.oidossucios.com\/site\/wp-content\/uploads\/2020\/02\/853.jpg\" alt=\"El nuevo disco de Cerati saldr\u00e1 en Septiembre\"  \/><!--nextpage--><img loading=\"lazy\" decoding=\"async\" width=\"480\" height=\"360\" class=\"aligncenter size-medium wp-image-11111854\" src=\"https:\/\/www.oidossucios.com\/site\/wp-content\/uploads\/2020\/02\/854.jpg\" alt=\"El nuevo disco de Cerati saldr\u00e1 en Septiembre\"  \/><!--nextpage--><img loading=\"lazy\" decoding=\"async\" width=\"480\" height=\"360\" class=\"aligncenter size-medium wp-image-11111855\" src=\"https:\/\/www.oidossucios.com\/site\/wp-content\/uploads\/2020\/02\/855.jpg\" alt=\"El nuevo disco de Cerati saldr\u00e1 en Septiembre\"  \/><!--nextpage--><img loading=\"lazy\" decoding=\"async\" width=\"480\" height=\"360\" class=\"aligncenter size-medium wp-image-11111856\" src=\"https:\/\/www.oidossucios.com\/site\/wp-content\/uploads\/2020\/02\/856.jpg\" alt=\"El nuevo disco de Cerati saldr\u00e1 en Septiembre\"  \/><!--nextpage--><img loading=\"lazy\" decoding=\"async\" width=\"480\" height=\"360\" class=\"aligncenter size-medium wp-image-11111857\" src=\"https:\/\/www.oidossucios.com\/site\/wp-content\/uploads\/2020\/02\/857.jpg\" alt=\"El nuevo disco de Cerati saldr\u00e1 en Septiembre\"  \/><!--nextpage--><img loading=\"lazy\" decoding=\"async\" width=\"480\" height=\"360\" class=\"aligncenter size-medium wp-image-11111858\" src=\"https:\/\/www.oidossucios.com\/site\/wp-content\/uploads\/2020\/02\/858.jpg\" alt=\"El nuevo disco de Cerati saldr\u00e1 en Septiembre\"  \/><a href='https:\/\/www.oidossucios.com\/site\/el-nuevo-disco-de-cerati-saldra-en-septiembre\/2\/'\n                        onclick='if (tpsInstance) { tpsInstance.setNext(); return false; }'\n                        rel='next'\n                        style=''\n                        class=''>Ver galer\u00eda<\/a>]]><\/p>\n","protected":false},"excerpt":{"rendered":"<p>En la rueda de prensa previa a su presentaci\u00f3n sinf\u00f3nica en Caracas, el ex \u0096 Soda Stereo reconoci\u00f3 que los proyectos que ha afrontado le han retrasado mucho la salida de su tercera placa como solista, pero s\u00ed los planes no cambian, el disco estar\u00e1 en las calles en Septiembre.<\/p>\n","protected":false},"author":4,"featured_media":11111835,"comment_status":"open","ping_status":"open","sticky":false,"template":"","format":"standard","meta":{"_jetpack_memberships_contains_paid_content":false,"footnotes":""},"categories":[250],"tags":[],"class_list":["post-612","post","type-post","status-publish","format-standard","has-post-thumbnail","hentry","category-noticias"],"jetpack_featured_media_url":"https:\/\/www.oidossucios.com\/site\/wp-content\/uploads\/2002\/06\/835.jpg","yoast_head":"<!-- This site is optimized with the Yoast SEO plugin v14.0.4 - https:\/\/yoast.com\/wordpress\/plugins\/seo\/ -->\n<title>El nuevo disco de Cerati saldr\u00e1 en Septiembre - OidosSucios.Com<\/title>\n<meta name=\"description\" content=\"El bajista de la legendaria banda punk The Ramones, Dee Dee, muri\u00f3 esta noche a los 50 a\u00f1os de edad como consecuencia de una sobredosis.\" \/>\n<meta name=\"robots\" content=\"index, follow\" \/>\n<meta name=\"googlebot\" content=\"index, follow, max-snippet:-1, max-image-preview:large, max-video-preview:-1\" \/>\n<meta name=\"bingbot\" content=\"index, follow, max-snippet:-1, max-image-preview:large, max-video-preview:-1\" \/>\n<link rel=\"canonical\" href=\"https:\/\/www.oidossucios.com\/site\/el-nuevo-disco-de-cerati-saldra-en-septiembre\/\" \/>\n<link rel=\"next\" href=\"https:\/\/www.oidossucios.com\/site\/el-nuevo-disco-de-cerati-saldra-en-septiembre\/2\/\" \/>\n<meta property=\"og:locale\" content=\"es_ES\" \/>\n<meta property=\"og:type\" content=\"article\" \/>\n<meta property=\"og:title\" content=\"El nuevo disco de Cerati saldr\u00e1 en Septiembre - OidosSucios.Com\" \/>\n<meta property=\"og:description\" content=\"El bajista de la legendaria banda punk The Ramones, Dee Dee, muri\u00f3 esta noche a los 50 a\u00f1os de edad como consecuencia de una sobredosis.\" \/>\n<meta property=\"og:url\" content=\"https:\/\/www.oidossucios.com\/site\/el-nuevo-disco-de-cerati-saldra-en-septiembre\/\" \/>\n<meta property=\"og:site_name\" content=\"OidosSucios.Com\" \/>\n<meta property=\"article:published_time\" content=\"2002-06-11T20:46:00+00:00\" \/>\n<meta property=\"og:image\" content=\"https:\/\/www.oidossucios.com\/site\/wp-content\/uploads\/2002\/06\/835.jpg\" \/>\n\t<meta property=\"og:image:width\" content=\"480\" \/>\n\t<meta property=\"og:image:height\" content=\"360\" \/>\n<meta name=\"twitter:card\" content=\"summary_large_image\" \/>\n<meta name=\"twitter:creator\" content=\"@oidossucios\" \/>\n<script type=\"application\/ld+json\" class=\"yoast-schema-graph\">{\"@context\":\"https:\/\/schema.org\",\"@graph\":[{\"@type\":\"WebSite\",\"@id\":\"https:\/\/www.oidossucios.com\/site\/#website\",\"url\":\"https:\/\/www.oidossucios.com\/site\/\",\"name\":\"OidosSucios.Com\",\"description\":\"M\\u00fasica, conciertos, discos\",\"potentialAction\":[{\"@type\":\"SearchAction\",\"target\":\"https:\/\/www.oidossucios.com\/site\/?s={search_term_string}\",\"query-input\":\"required name=search_term_string\"}],\"inLanguage\":\"es\"},{\"@type\":\"ImageObject\",\"@id\":\"https:\/\/www.oidossucios.com\/site\/el-nuevo-disco-de-cerati-saldra-en-septiembre\/#primaryimage\",\"inLanguage\":\"es\",\"url\":\"https:\/\/www.oidossucios.com\/site\/wp-content\/uploads\/2002\/06\/835.jpg\",\"width\":480,\"height\":360},{\"@type\":\"WebPage\",\"@id\":\"https:\/\/www.oidossucios.com\/site\/el-nuevo-disco-de-cerati-saldra-en-septiembre\/#webpage\",\"url\":\"https:\/\/www.oidossucios.com\/site\/el-nuevo-disco-de-cerati-saldra-en-septiembre\/\",\"name\":\"El nuevo disco de Cerati saldr\\u00e1 en Septiembre - OidosSucios.Com\",\"isPartOf\":{\"@id\":\"https:\/\/www.oidossucios.com\/site\/#website\"},\"primaryImageOfPage\":{\"@id\":\"https:\/\/www.oidossucios.com\/site\/el-nuevo-disco-de-cerati-saldra-en-septiembre\/#primaryimage\"},\"datePublished\":\"2002-06-11T20:46:00+00:00\",\"dateModified\":\"2002-06-11T20:46:00+00:00\",\"author\":{\"@id\":\"https:\/\/www.oidossucios.com\/site\/#\/schema\/person\/24559eeb76bf83a63296fb072393a688\"},\"description\":\"El bajista de la legendaria banda punk The Ramones, Dee Dee, muri\\u00f3 esta noche a los 50 a\\u00f1os de edad como consecuencia de una sobredosis.\",\"inLanguage\":\"es\",\"potentialAction\":[{\"@type\":\"ReadAction\",\"target\":[\"https:\/\/www.oidossucios.com\/site\/el-nuevo-disco-de-cerati-saldra-en-septiembre\/\"]}]},{\"@type\":[\"Person\"],\"@id\":\"https:\/\/www.oidossucios.com\/site\/#\/schema\/person\/24559eeb76bf83a63296fb072393a688\",\"name\":\"Oidossucios\",\"image\":{\"@type\":\"ImageObject\",\"@id\":\"https:\/\/www.oidossucios.com\/site\/#personlogo\",\"inLanguage\":\"es\",\"url\":\"https:\/\/secure.gravatar.com\/avatar\/74fcb480f42f1a33e50a0b6e6369a3f907be2e43dc84fa5f76c66e9c22b4a5ab?s=96&d=mm&r=g\",\"caption\":\"Oidossucios\"},\"sameAs\":[\"https:\/\/twitter.com\/oidossucios\"]}]}<\/script>\n<!-- \/ Yoast SEO plugin. -->","jetpack_sharing_enabled":true,"_links":{"self":[{"href":"https:\/\/www.oidossucios.com\/site\/wp-json\/wp\/v2\/posts\/612","targetHints":{"allow":["GET"]}}],"collection":[{"href":"https:\/\/www.oidossucios.com\/site\/wp-json\/wp\/v2\/posts"}],"about":[{"href":"https:\/\/www.oidossucios.com\/site\/wp-json\/wp\/v2\/types\/post"}],"author":[{"embeddable":true,"href":"https:\/\/www.oidossucios.com\/site\/wp-json\/wp\/v2\/users\/4"}],"replies":[{"embeddable":true,"href":"https:\/\/www.oidossucios.com\/site\/wp-json\/wp\/v2\/comments?post=612"}],"version-history":[{"count":0,"href":"https:\/\/www.oidossucios.com\/site\/wp-json\/wp\/v2\/posts\/612\/revisions"}],"wp:featuredmedia":[{"embeddable":true,"href":"https:\/\/www.oidossucios.com\/site\/wp-json\/wp\/v2\/media\/11111835"}],"wp:attachment":[{"href":"https:\/\/www.oidossucios.com\/site\/wp-json\/wp\/v2\/media?parent=612"}],"wp:term":[{"taxonomy":"category","embeddable":true,"href":"https:\/\/www.oidossucios.com\/site\/wp-json\/wp\/v2\/categories?post=612"},{"taxonomy":"post_tag","embeddable":true,"href":"https:\/\/www.oidossucios.com\/site\/wp-json\/wp\/v2\/tags?post=612"}],"curies":[{"name":"wp","href":"https:\/\/api.w.org\/{rel}","templated":true}]}}