{"id":6125,"date":"2012-09-25T18:09:00","date_gmt":"2012-09-25T18:09:00","guid":{"rendered":"https:\/\/www.oidossucios.com\/site\/2012\/09\/25\/mauricio-claveria-ex-baterista-de-la-ley-ofrecera-una-clinica-del-instrumento-en-venezuela\/"},"modified":"2012-09-25T18:09:00","modified_gmt":"2012-09-25T18:09:00","slug":"mauricio-claveria-ex-baterista-de-la-ley-ofrecera-una-clinica-del-instrumento-en-venezuela","status":"publish","type":"post","link":"https:\/\/www.oidossucios.com\/site\/mauricio-claveria-ex-baterista-de-la-ley-ofrecera-una-clinica-del-instrumento-en-venezuela\/","title":{"rendered":"Mauricio Claver\u00eda, ex baterista de La Ley, ofrecer\u00e1 una cl\u00ednica del instrumento en Venezuela"},"content":{"rendered":"<p><![endif]-->Yamaha Musical de Venezuela y Rock and Folk Studio tendr\u00e1n como invitado en Caracas a uno de los&nbsp; bateristas y productores de mayor reconocimiento en Latinoam\u00e9rica, Mauricio Claver\u00eda.<\/p>\n<p>Como parte de la celebraci\u00f3n de su&nbsp; 17 aniversario de trayectoria en el pa\u00eds, Yamaha Musical&nbsp; de Venezuela, presenta esta cl\u00ednica, entre otros eventos programados para lo que resta de 2012 y el 2013.<\/p>\n<p>El Set de cl\u00ednicas Yamaha, ha brindado la oportunidad al p\u00fablico especializado y general de&nbsp; compartir con artistas internacionales de primera l\u00ednea tales como Russ Miller, Billy Sheehan,&nbsp; Dave Weckl, Sonny Emmory, John Patutucci, Mike Stern y de cotizados venezolanos como&nbsp; Luis&nbsp; Julio Toro, V\u00edctor Mestas,&nbsp; Alfredo Narajo, Adolfo Herrera, Miguel Hern\u00e1ndez&nbsp; entre otros, que han dado vida al ya conocido proyecto.<\/p>\n<p>Mauricio Claver\u00eda es uno de los bateristas latinos con mayor trayectoria y reconocimiento&nbsp; dentro del medio musical. Su experiencia de m\u00e1s de 25 a\u00f1os tocando este instrumento, lo ha&nbsp; llevado a recorrer casi todas las facetas por las que un m\u00fasico suela pasar.<\/p>\n<p>Con bases musicales muy s\u00f3lidas en cuanto a estudios, Claver\u00eda ingresa a este medio cuando&nbsp; tenia 18 a\u00f1os; posteriormente su trabajo en estudios de grabaci\u00f3n le brindan la oportunidad de&nbsp; obtener bases sobre edici\u00f3n musical; as\u00ed tambi\u00e9n, su participaci\u00f3n dentro del grupo chileno La Ley por casi 16 a\u00f1os le permitieron desarrollar y hacer solidos sus conocimientos como&nbsp; baterista y productor musical.<\/p>\n<p>Durante esta etapa como baterista dentro de La Ley, Mauricio se hizo acreedor junto con sus&nbsp; compa\u00f1eros de m\u00faltiples reconocimientos dentro de los cuales destacan los codiciados premios&nbsp; Grammy Americano y Grammy Latino, Premios Lo nuestro, Premio Gardel, Premio Apes y Mtv&nbsp; Music Awards, de este ultimo por su grabaci\u00f3n Unplugged, todo esto como derivado de las altas ventas de&nbsp; sus producciones musicales y los discos de oro de y platino recibidos en cada una de ellas.<\/p>\n<p>Al mismo tiempo Mauricio Claver\u00eda se encuentra en plena producci\u00f3n de diferentes grupos&nbsp; musicales de Latinoam\u00e9rica, y apoyado de su experiencia detr\u00e1s y sobre los escenarios, es hoy&nbsp; en d\u00eda un sin\u00f3nimo de \u00e9xito y seguridad para las bandas que buscan destacar su estilo propio&nbsp; pero con una calidad profesional que solo una trayectoria como la de Claver\u00eda les pueden dar.<\/p>\n<p>Mauricio Claver\u00eda ingresa a principio del 2012 al grupo Mexicano &#8220;Fobia&#8221; con el cual esta de&nbsp; tour por diferentes pa\u00edses Latinoamericanos y U.S. con el lanzamiento de su nuevo \u00e1lbum&nbsp; titulado <i>Destruye Hogares<\/i>.<\/p>\n<p>Este evento&nbsp; se llevar\u00e1 a cabo en la Sala 1 de Rock &amp; Folk (La Floresta) el domingo 30 de&nbsp; Septiembre y se har\u00e1n 3 sesiones para 20 personas cada una: Sesi\u00f3n 1 de 11:00am a&nbsp; 01:00pm; Sesi\u00f3n 2 de 02:00pm a 04:00pm; Sesi\u00f3n 3 de 05:00pm a 07:00pm. La entrada es gratuita, la puedes retirar desde ya en Rock &amp; Folk (La Floresta).<!--[if gte mso 10]> <\/style>\n\n <![endif]--><\/p>\n","protected":false},"excerpt":{"rendered":"<p>Yamaha Musical de Venezuela y Rock and Folk Studio tendr\u00e1n como invitado en Caracas a uno de los&nbsp; bateristas y productores de mayor reconocimiento en Latinoam\u00e9rica, Mauricio Claver\u00eda. Como parte de la celebraci\u00f3n de su&nbsp; 17 aniversario de trayectoria en el pa\u00eds, Yamaha Musical&nbsp; de Venezuela, presenta esta cl\u00ednica, entre otros eventos programados para lo [&hellip;]<\/p>\n","protected":false},"author":4,"featured_media":100006125,"comment_status":"open","ping_status":"open","sticky":false,"template":"","format":"standard","meta":{"_jetpack_memberships_contains_paid_content":false,"footnotes":""},"categories":[142],"tags":[],"class_list":["post-6125","post","type-post","status-publish","format-standard","has-post-thumbnail","hentry","category-buzznews"],"jetpack_featured_media_url":"https:\/\/www.oidossucios.com\/site\/wp-content\/uploads\/2012\/09\/6125.jpg","yoast_head":"<!-- This site is optimized with the Yoast SEO plugin v14.0.4 - https:\/\/yoast.com\/wordpress\/plugins\/seo\/ -->\n<title>Mauricio Claver\u00eda, ex baterista de La Ley, ofrecer\u00e1 una cl\u00ednica del instrumento en Venezuela - OidosSucios.Com<\/title>\n<meta name=\"robots\" content=\"index, follow\" \/>\n<meta name=\"googlebot\" content=\"index, follow, max-snippet:-1, max-image-preview:large, max-video-preview:-1\" \/>\n<meta name=\"bingbot\" content=\"index, follow, max-snippet:-1, max-image-preview:large, max-video-preview:-1\" \/>\n<link rel=\"canonical\" href=\"https:\/\/www.oidossucios.com\/site\/mauricio-claveria-ex-baterista-de-la-ley-ofrecera-una-clinica-del-instrumento-en-venezuela\/\" \/>\n<meta property=\"og:locale\" content=\"es_ES\" \/>\n<meta property=\"og:type\" content=\"article\" \/>\n<meta property=\"og:title\" content=\"Mauricio Claver\u00eda, ex baterista de La Ley, ofrecer\u00e1 una cl\u00ednica del instrumento en Venezuela - OidosSucios.Com\" \/>\n<meta property=\"og:description\" content=\"Yamaha Musical de Venezuela y Rock and Folk Studio tendr\u00e1n como invitado en Caracas a uno de los&nbsp; bateristas y productores de mayor reconocimiento en Latinoam\u00e9rica, Mauricio Claver\u00eda. Como parte de la celebraci\u00f3n de su&nbsp; 17 aniversario de trayectoria en el pa\u00eds, Yamaha Musical&nbsp; de Venezuela, presenta esta cl\u00ednica, entre otros eventos programados para lo [&hellip;]\" \/>\n<meta property=\"og:url\" content=\"https:\/\/www.oidossucios.com\/site\/mauricio-claveria-ex-baterista-de-la-ley-ofrecera-una-clinica-del-instrumento-en-venezuela\/\" \/>\n<meta property=\"og:site_name\" content=\"OidosSucios.Com\" \/>\n<meta property=\"article:published_time\" content=\"2012-09-25T18:09:00+00:00\" \/>\n<meta property=\"og:image\" content=\"https:\/\/www.oidossucios.com\/site\/wp-content\/uploads\/2012\/09\/6125.jpg\" \/>\n\t<meta property=\"og:image:width\" content=\"350\" \/>\n\t<meta property=\"og:image:height\" content=\"300\" \/>\n<meta name=\"twitter:card\" content=\"summary_large_image\" \/>\n<meta name=\"twitter:creator\" content=\"@oidossucios\" \/>\n<script type=\"application\/ld+json\" class=\"yoast-schema-graph\">{\"@context\":\"https:\/\/schema.org\",\"@graph\":[{\"@type\":\"WebSite\",\"@id\":\"https:\/\/www.oidossucios.com\/site\/#website\",\"url\":\"https:\/\/www.oidossucios.com\/site\/\",\"name\":\"OidosSucios.Com\",\"description\":\"M\\u00fasica, conciertos, discos\",\"potentialAction\":[{\"@type\":\"SearchAction\",\"target\":\"https:\/\/www.oidossucios.com\/site\/?s={search_term_string}\",\"query-input\":\"required name=search_term_string\"}],\"inLanguage\":\"es\"},{\"@type\":\"ImageObject\",\"@id\":\"https:\/\/www.oidossucios.com\/site\/mauricio-claveria-ex-baterista-de-la-ley-ofrecera-una-clinica-del-instrumento-en-venezuela\/#primaryimage\",\"inLanguage\":\"es\",\"url\":\"https:\/\/www.oidossucios.com\/site\/wp-content\/uploads\/2012\/09\/6125.jpg\",\"width\":350,\"height\":300},{\"@type\":\"WebPage\",\"@id\":\"https:\/\/www.oidossucios.com\/site\/mauricio-claveria-ex-baterista-de-la-ley-ofrecera-una-clinica-del-instrumento-en-venezuela\/#webpage\",\"url\":\"https:\/\/www.oidossucios.com\/site\/mauricio-claveria-ex-baterista-de-la-ley-ofrecera-una-clinica-del-instrumento-en-venezuela\/\",\"name\":\"Mauricio Claver\\u00eda, ex baterista de La Ley, ofrecer\\u00e1 una cl\\u00ednica del instrumento en Venezuela - OidosSucios.Com\",\"isPartOf\":{\"@id\":\"https:\/\/www.oidossucios.com\/site\/#website\"},\"primaryImageOfPage\":{\"@id\":\"https:\/\/www.oidossucios.com\/site\/mauricio-claveria-ex-baterista-de-la-ley-ofrecera-una-clinica-del-instrumento-en-venezuela\/#primaryimage\"},\"datePublished\":\"2012-09-25T18:09:00+00:00\",\"dateModified\":\"2012-09-25T18:09:00+00:00\",\"author\":{\"@id\":\"https:\/\/www.oidossucios.com\/site\/#\/schema\/person\/24559eeb76bf83a63296fb072393a688\"},\"inLanguage\":\"es\",\"potentialAction\":[{\"@type\":\"ReadAction\",\"target\":[\"https:\/\/www.oidossucios.com\/site\/mauricio-claveria-ex-baterista-de-la-ley-ofrecera-una-clinica-del-instrumento-en-venezuela\/\"]}]},{\"@type\":[\"Person\"],\"@id\":\"https:\/\/www.oidossucios.com\/site\/#\/schema\/person\/24559eeb76bf83a63296fb072393a688\",\"name\":\"Oidossucios\",\"image\":{\"@type\":\"ImageObject\",\"@id\":\"https:\/\/www.oidossucios.com\/site\/#personlogo\",\"inLanguage\":\"es\",\"url\":\"https:\/\/secure.gravatar.com\/avatar\/74fcb480f42f1a33e50a0b6e6369a3f907be2e43dc84fa5f76c66e9c22b4a5ab?s=96&d=mm&r=g\",\"caption\":\"Oidossucios\"},\"sameAs\":[\"https:\/\/twitter.com\/oidossucios\"]}]}<\/script>\n<!-- \/ Yoast SEO plugin. -->","jetpack_sharing_enabled":true,"_links":{"self":[{"href":"https:\/\/www.oidossucios.com\/site\/wp-json\/wp\/v2\/posts\/6125","targetHints":{"allow":["GET"]}}],"collection":[{"href":"https:\/\/www.oidossucios.com\/site\/wp-json\/wp\/v2\/posts"}],"about":[{"href":"https:\/\/www.oidossucios.com\/site\/wp-json\/wp\/v2\/types\/post"}],"author":[{"embeddable":true,"href":"https:\/\/www.oidossucios.com\/site\/wp-json\/wp\/v2\/users\/4"}],"replies":[{"embeddable":true,"href":"https:\/\/www.oidossucios.com\/site\/wp-json\/wp\/v2\/comments?post=6125"}],"version-history":[{"count":0,"href":"https:\/\/www.oidossucios.com\/site\/wp-json\/wp\/v2\/posts\/6125\/revisions"}],"wp:featuredmedia":[{"embeddable":true,"href":"https:\/\/www.oidossucios.com\/site\/wp-json\/wp\/v2\/media\/100006125"}],"wp:attachment":[{"href":"https:\/\/www.oidossucios.com\/site\/wp-json\/wp\/v2\/media?parent=6125"}],"wp:term":[{"taxonomy":"category","embeddable":true,"href":"https:\/\/www.oidossucios.com\/site\/wp-json\/wp\/v2\/categories?post=6125"},{"taxonomy":"post_tag","embeddable":true,"href":"https:\/\/www.oidossucios.com\/site\/wp-json\/wp\/v2\/tags?post=6125"}],"curies":[{"name":"wp","href":"https:\/\/api.w.org\/{rel}","templated":true}]}}