{"id":614,"date":"2002-06-17T07:37:00","date_gmt":"2002-06-17T07:37:00","guid":{"rendered":"https:\/\/www.oidossucios.com\/site\/2002\/06\/17\/cafe-tacvba-graba-su-quinto-disco\/"},"modified":"2002-06-17T07:37:00","modified_gmt":"2002-06-17T07:37:00","slug":"cafe-tacvba-graba-su-quinto-disco","status":"publish","type":"post","link":"https:\/\/www.oidossucios.com\/site\/cafe-tacvba-graba-su-quinto-disco\/","title":{"rendered":"Caf\u00e9 Tacvba graba su quinto disco"},"content":{"rendered":"<p>La banda mexicana Caf\u00e9 Tacvba, finalmente firm\u00f3 un contrato con la compa\u00f1\u00eda discogr\u00e1fica MCA Am\u00e9rica (que distribuye bajo Universal Music), la cual sacar\u00e1 a la calle su quinto LP, que se encuentra en proceso de grabaci\u00f3n desde hace varios meses y se espera est\u00e9 en la calle para finales de este a\u00f1o.<\/p>\n<p>Los Cafetas se encontraban en una tortuosa b\u00fasqueda de sello disquero desde finales del a\u00f1o 2000, cuando Warner Music, su compa\u00f1\u00eda discogr\u00e1fica, decidi\u00f3 no renovarles el contrato que manten\u00edan. Adem\u00e1s, la disquera se quedaba con los derechos de todas sus canciones editadas, por lo cual, para q la banda pueda usar alguno de sus anteriores temas, necesitar\u00e1 el permiso de su anterior disquera.<\/p>\n<p>Caf\u00e9 Tacvba lanz\u00f3 su primer disco hom\u00f3nimo en 1992, dos a\u00f1os despu\u00e9s lanzaron el disco &#8216;RE&#8217;, &#8216;Avalancha de Exitos&#8217; en 1996 y 4 a\u00f1os m\u00e1s tarde el experimental &#8216;Reves\/Yo Soy&#8217;, el disco con el cual registraron menores ventas pero una gran fama internacional, que les sirvi\u00f3 incluso para abriruna parte de la gira norteamericana de Beck.<\/p>\n","protected":false},"excerpt":{"rendered":"<p>Despu\u00e9s de una intensa b\u00fasqueda de disquera que se prolong\u00f3 por m\u00e1s de un a\u00f1o, la banda mexicana Caf\u00e9 Tacvba entr\u00f3 a los estudios a grabar su quinto disco que saldr\u00e1 con Universal.<\/p>\n","protected":false},"author":4,"featured_media":0,"comment_status":"open","ping_status":"open","sticky":false,"template":"","format":"standard","meta":{"_jetpack_memberships_contains_paid_content":false,"footnotes":""},"categories":[250],"tags":[],"class_list":["post-614","post","type-post","status-publish","format-standard","hentry","category-noticias"],"jetpack_featured_media_url":"","yoast_head":"<!-- This site is optimized with the Yoast SEO plugin v14.0.4 - https:\/\/yoast.com\/wordpress\/plugins\/seo\/ -->\n<title>Caf\u00e9 Tacvba graba su quinto disco - OidosSucios.Com<\/title>\n<meta name=\"description\" content=\"Desde la semana pasada est\u00e1n abiertas las inscripciones para el Festival Nuevas Bandas, que se llevar\u00e1 a cabo los d\u00edas 25, 26 y 27 de Julio en el estacionamiento del CCCT.\" \/>\n<meta name=\"robots\" content=\"index, follow\" \/>\n<meta name=\"googlebot\" content=\"index, follow, max-snippet:-1, max-image-preview:large, max-video-preview:-1\" \/>\n<meta name=\"bingbot\" content=\"index, follow, max-snippet:-1, max-image-preview:large, max-video-preview:-1\" \/>\n<link rel=\"canonical\" href=\"https:\/\/www.oidossucios.com\/site\/cafe-tacvba-graba-su-quinto-disco\/\" \/>\n<meta property=\"og:locale\" content=\"es_ES\" \/>\n<meta property=\"og:type\" content=\"article\" \/>\n<meta property=\"og:title\" content=\"Caf\u00e9 Tacvba graba su quinto disco - OidosSucios.Com\" \/>\n<meta property=\"og:description\" content=\"Desde la semana pasada est\u00e1n abiertas las inscripciones para el Festival Nuevas Bandas, que se llevar\u00e1 a cabo los d\u00edas 25, 26 y 27 de Julio en el estacionamiento del CCCT.\" \/>\n<meta property=\"og:url\" content=\"https:\/\/www.oidossucios.com\/site\/cafe-tacvba-graba-su-quinto-disco\/\" \/>\n<meta property=\"og:site_name\" content=\"OidosSucios.Com\" \/>\n<meta property=\"article:published_time\" content=\"2002-06-17T07:37:00+00:00\" \/>\n<meta name=\"twitter:card\" content=\"summary_large_image\" \/>\n<meta name=\"twitter:creator\" content=\"@oidossucios\" \/>\n<script type=\"application\/ld+json\" class=\"yoast-schema-graph\">{\"@context\":\"https:\/\/schema.org\",\"@graph\":[{\"@type\":\"WebSite\",\"@id\":\"https:\/\/www.oidossucios.com\/site\/#website\",\"url\":\"https:\/\/www.oidossucios.com\/site\/\",\"name\":\"OidosSucios.Com\",\"description\":\"M\\u00fasica, conciertos, discos\",\"potentialAction\":[{\"@type\":\"SearchAction\",\"target\":\"https:\/\/www.oidossucios.com\/site\/?s={search_term_string}\",\"query-input\":\"required name=search_term_string\"}],\"inLanguage\":\"es\"},{\"@type\":\"WebPage\",\"@id\":\"https:\/\/www.oidossucios.com\/site\/cafe-tacvba-graba-su-quinto-disco\/#webpage\",\"url\":\"https:\/\/www.oidossucios.com\/site\/cafe-tacvba-graba-su-quinto-disco\/\",\"name\":\"Caf\\u00e9 Tacvba graba su quinto disco - OidosSucios.Com\",\"isPartOf\":{\"@id\":\"https:\/\/www.oidossucios.com\/site\/#website\"},\"datePublished\":\"2002-06-17T07:37:00+00:00\",\"dateModified\":\"2002-06-17T07:37:00+00:00\",\"author\":{\"@id\":\"https:\/\/www.oidossucios.com\/site\/#\/schema\/person\/24559eeb76bf83a63296fb072393a688\"},\"description\":\"Desde la semana pasada est\\u00e1n abiertas las inscripciones para el Festival Nuevas Bandas, que se llevar\\u00e1 a cabo los d\\u00edas 25, 26 y 27 de Julio en el estacionamiento del CCCT.\",\"inLanguage\":\"es\",\"potentialAction\":[{\"@type\":\"ReadAction\",\"target\":[\"https:\/\/www.oidossucios.com\/site\/cafe-tacvba-graba-su-quinto-disco\/\"]}]},{\"@type\":[\"Person\"],\"@id\":\"https:\/\/www.oidossucios.com\/site\/#\/schema\/person\/24559eeb76bf83a63296fb072393a688\",\"name\":\"Oidossucios\",\"image\":{\"@type\":\"ImageObject\",\"@id\":\"https:\/\/www.oidossucios.com\/site\/#personlogo\",\"inLanguage\":\"es\",\"url\":\"https:\/\/secure.gravatar.com\/avatar\/74fcb480f42f1a33e50a0b6e6369a3f907be2e43dc84fa5f76c66e9c22b4a5ab?s=96&d=mm&r=g\",\"caption\":\"Oidossucios\"},\"sameAs\":[\"https:\/\/twitter.com\/oidossucios\"]}]}<\/script>\n<!-- \/ Yoast SEO plugin. -->","jetpack_sharing_enabled":true,"_links":{"self":[{"href":"https:\/\/www.oidossucios.com\/site\/wp-json\/wp\/v2\/posts\/614","targetHints":{"allow":["GET"]}}],"collection":[{"href":"https:\/\/www.oidossucios.com\/site\/wp-json\/wp\/v2\/posts"}],"about":[{"href":"https:\/\/www.oidossucios.com\/site\/wp-json\/wp\/v2\/types\/post"}],"author":[{"embeddable":true,"href":"https:\/\/www.oidossucios.com\/site\/wp-json\/wp\/v2\/users\/4"}],"replies":[{"embeddable":true,"href":"https:\/\/www.oidossucios.com\/site\/wp-json\/wp\/v2\/comments?post=614"}],"version-history":[{"count":0,"href":"https:\/\/www.oidossucios.com\/site\/wp-json\/wp\/v2\/posts\/614\/revisions"}],"wp:attachment":[{"href":"https:\/\/www.oidossucios.com\/site\/wp-json\/wp\/v2\/media?parent=614"}],"wp:term":[{"taxonomy":"category","embeddable":true,"href":"https:\/\/www.oidossucios.com\/site\/wp-json\/wp\/v2\/categories?post=614"},{"taxonomy":"post_tag","embeddable":true,"href":"https:\/\/www.oidossucios.com\/site\/wp-json\/wp\/v2\/tags?post=614"}],"curies":[{"name":"wp","href":"https:\/\/api.w.org\/{rel}","templated":true}]}}