{"id":616,"date":"2002-06-18T20:09:00","date_gmt":"2002-06-18T20:09:00","guid":{"rendered":"https:\/\/www.oidossucios.com\/site\/2002\/06\/18\/vuelve-el-rock-a-via-de-escape\/"},"modified":"2002-06-18T20:09:00","modified_gmt":"2002-06-18T20:09:00","slug":"vuelve-el-rock-a-via-de-escape","status":"publish","type":"post","link":"https:\/\/www.oidossucios.com\/site\/vuelve-el-rock-a-via-de-escape\/","title":{"rendered":"Vuelve el rock a V\u00eda de Escape"},"content":{"rendered":"<p>V\u00eda de Escape volver\u00e1 a presentar bandas de rock a partir de este domingo 23 de junio, luego que los administradores del local decidieran aceptar nuevamente la programaci\u00f3n de bandas de este g\u00e9nero, pues desde hace varias semanas solo presentaban agrupaciones de Hip \u0096 Hop.<\/p>\n<p>Sabotaje, Despuesdevieja y Factor Mental (en la foto) dar\u00e1n inicio al nuevo ciclo este domingo 23 de junio a partir de las 3pm, en funci\u00f3n matin\u00e9e con una entrada de 3 mil Bs. La inauguraci\u00f3n oficial ser\u00e1 el viernes 29, cuando se est\u00e9n presentando Skatz, Liq\u00fcet, La Puta El\u00e9ctrica, Elefreak, Metempsicosis, Despuesdevieja, NADA y Factor Mental.<\/p>\n<p>El nuevo ciclo del local presentar\u00e1 bandas de rock los viernes, s\u00e1bado y domingo. Para todos los viernes la entrada costar\u00e1 3 mil bol\u00edvares con 2 bebidas; los s\u00e1bados ser\u00e1n barra libre a 6 mil bol\u00edvares y los domingos funcione matin\u00e9e a 3 mil bol\u00edvares. El sitio dejar\u00e1 de llamarse V\u00eda de Escape a partir del 29, aunque el nuevo nombre que usar\u00e1n a\u00fan no ha sido develado.<\/p>\n","protected":false},"excerpt":{"rendered":"<p>El local que hab\u00eda cambiado su programaci\u00f3n a bandas de Hip Hop, volver\u00e1 a presentar agrupaciones de rock a partir de este domingo, cuando Sabotaje, Despuesdevieja y Factor Mental (en la foto) est\u00e9n inaugurando el nuevo ciclo. <\/p>\n","protected":false},"author":4,"featured_media":11111835,"comment_status":"open","ping_status":"open","sticky":false,"template":"","format":"standard","meta":{"_jetpack_memberships_contains_paid_content":false,"footnotes":""},"categories":[250],"tags":[],"class_list":["post-616","post","type-post","status-publish","format-standard","has-post-thumbnail","hentry","category-noticias"],"jetpack_featured_media_url":"https:\/\/www.oidossucios.com\/site\/wp-content\/uploads\/2002\/06\/835.jpg","yoast_head":"<!-- This site is optimized with the Yoast SEO plugin v14.0.4 - https:\/\/yoast.com\/wordpress\/plugins\/seo\/ -->\n<title>Vuelve el rock a V\u00eda de Escape - OidosSucios.Com<\/title>\n<meta name=\"description\" content=\"En la rueda de prensa previa a su presentaci\u00f3n sinf\u00f3nica en Caracas, el ex \u0096 Soda Stereo reconoci\u00f3 que los proyectos que ha afrontado le han retrasado mucho la salida de su tercera placa como solista, pero s\u00ed los planes no cambian, el disco estar\u00e1 en las calles en Septiembre.\" \/>\n<meta name=\"robots\" content=\"index, follow\" \/>\n<meta name=\"googlebot\" content=\"index, follow, max-snippet:-1, max-image-preview:large, max-video-preview:-1\" \/>\n<meta name=\"bingbot\" content=\"index, follow, max-snippet:-1, max-image-preview:large, max-video-preview:-1\" \/>\n<link rel=\"canonical\" href=\"https:\/\/www.oidossucios.com\/site\/vuelve-el-rock-a-via-de-escape\/\" \/>\n<meta property=\"og:locale\" content=\"es_ES\" \/>\n<meta property=\"og:type\" content=\"article\" \/>\n<meta property=\"og:title\" content=\"Vuelve el rock a V\u00eda de Escape - OidosSucios.Com\" \/>\n<meta property=\"og:description\" content=\"En la rueda de prensa previa a su presentaci\u00f3n sinf\u00f3nica en Caracas, el ex \u0096 Soda Stereo reconoci\u00f3 que los proyectos que ha afrontado le han retrasado mucho la salida de su tercera placa como solista, pero s\u00ed los planes no cambian, el disco estar\u00e1 en las calles en Septiembre.\" \/>\n<meta property=\"og:url\" content=\"https:\/\/www.oidossucios.com\/site\/vuelve-el-rock-a-via-de-escape\/\" \/>\n<meta property=\"og:site_name\" content=\"OidosSucios.Com\" \/>\n<meta property=\"article:published_time\" content=\"2002-06-18T20:09:00+00:00\" \/>\n<meta property=\"og:image\" content=\"https:\/\/www.oidossucios.com\/site\/wp-content\/uploads\/2002\/06\/835.jpg\" \/>\n\t<meta property=\"og:image:width\" content=\"480\" \/>\n\t<meta property=\"og:image:height\" content=\"360\" \/>\n<meta name=\"twitter:card\" content=\"summary_large_image\" \/>\n<meta name=\"twitter:creator\" content=\"@oidossucios\" \/>\n<script type=\"application\/ld+json\" class=\"yoast-schema-graph\">{\"@context\":\"https:\/\/schema.org\",\"@graph\":[{\"@type\":\"WebSite\",\"@id\":\"https:\/\/www.oidossucios.com\/site\/#website\",\"url\":\"https:\/\/www.oidossucios.com\/site\/\",\"name\":\"OidosSucios.Com\",\"description\":\"M\\u00fasica, conciertos, discos\",\"potentialAction\":[{\"@type\":\"SearchAction\",\"target\":\"https:\/\/www.oidossucios.com\/site\/?s={search_term_string}\",\"query-input\":\"required name=search_term_string\"}],\"inLanguage\":\"es\"},{\"@type\":\"ImageObject\",\"@id\":\"https:\/\/www.oidossucios.com\/site\/vuelve-el-rock-a-via-de-escape\/#primaryimage\",\"inLanguage\":\"es\",\"url\":\"https:\/\/www.oidossucios.com\/site\/wp-content\/uploads\/2002\/06\/835.jpg\",\"width\":480,\"height\":360},{\"@type\":\"WebPage\",\"@id\":\"https:\/\/www.oidossucios.com\/site\/vuelve-el-rock-a-via-de-escape\/#webpage\",\"url\":\"https:\/\/www.oidossucios.com\/site\/vuelve-el-rock-a-via-de-escape\/\",\"name\":\"Vuelve el rock a V\\u00eda de Escape - OidosSucios.Com\",\"isPartOf\":{\"@id\":\"https:\/\/www.oidossucios.com\/site\/#website\"},\"primaryImageOfPage\":{\"@id\":\"https:\/\/www.oidossucios.com\/site\/vuelve-el-rock-a-via-de-escape\/#primaryimage\"},\"datePublished\":\"2002-06-18T20:09:00+00:00\",\"dateModified\":\"2002-06-18T20:09:00+00:00\",\"author\":{\"@id\":\"https:\/\/www.oidossucios.com\/site\/#\/schema\/person\/24559eeb76bf83a63296fb072393a688\"},\"description\":\"En la rueda de prensa previa a su presentaci\\u00f3n sinf\\u00f3nica en Caracas, el ex \\u0096 Soda Stereo reconoci\\u00f3 que los proyectos que ha afrontado le han retrasado mucho la salida de su tercera placa como solista, pero s\\u00ed los planes no cambian, el disco estar\\u00e1 en las calles en Septiembre.\",\"inLanguage\":\"es\",\"potentialAction\":[{\"@type\":\"ReadAction\",\"target\":[\"https:\/\/www.oidossucios.com\/site\/vuelve-el-rock-a-via-de-escape\/\"]}]},{\"@type\":[\"Person\"],\"@id\":\"https:\/\/www.oidossucios.com\/site\/#\/schema\/person\/24559eeb76bf83a63296fb072393a688\",\"name\":\"Oidossucios\",\"image\":{\"@type\":\"ImageObject\",\"@id\":\"https:\/\/www.oidossucios.com\/site\/#personlogo\",\"inLanguage\":\"es\",\"url\":\"https:\/\/secure.gravatar.com\/avatar\/74fcb480f42f1a33e50a0b6e6369a3f907be2e43dc84fa5f76c66e9c22b4a5ab?s=96&d=mm&r=g\",\"caption\":\"Oidossucios\"},\"sameAs\":[\"https:\/\/twitter.com\/oidossucios\"]}]}<\/script>\n<!-- \/ Yoast SEO plugin. -->","jetpack_sharing_enabled":true,"_links":{"self":[{"href":"https:\/\/www.oidossucios.com\/site\/wp-json\/wp\/v2\/posts\/616","targetHints":{"allow":["GET"]}}],"collection":[{"href":"https:\/\/www.oidossucios.com\/site\/wp-json\/wp\/v2\/posts"}],"about":[{"href":"https:\/\/www.oidossucios.com\/site\/wp-json\/wp\/v2\/types\/post"}],"author":[{"embeddable":true,"href":"https:\/\/www.oidossucios.com\/site\/wp-json\/wp\/v2\/users\/4"}],"replies":[{"embeddable":true,"href":"https:\/\/www.oidossucios.com\/site\/wp-json\/wp\/v2\/comments?post=616"}],"version-history":[{"count":0,"href":"https:\/\/www.oidossucios.com\/site\/wp-json\/wp\/v2\/posts\/616\/revisions"}],"wp:featuredmedia":[{"embeddable":true,"href":"https:\/\/www.oidossucios.com\/site\/wp-json\/wp\/v2\/media\/11111835"}],"wp:attachment":[{"href":"https:\/\/www.oidossucios.com\/site\/wp-json\/wp\/v2\/media?parent=616"}],"wp:term":[{"taxonomy":"category","embeddable":true,"href":"https:\/\/www.oidossucios.com\/site\/wp-json\/wp\/v2\/categories?post=616"},{"taxonomy":"post_tag","embeddable":true,"href":"https:\/\/www.oidossucios.com\/site\/wp-json\/wp\/v2\/tags?post=616"}],"curies":[{"name":"wp","href":"https:\/\/api.w.org\/{rel}","templated":true}]}}