{"id":6168,"date":"2012-10-03T18:03:00","date_gmt":"2012-10-03T18:03:00","guid":{"rendered":"https:\/\/www.oidossucios.com\/site\/2012\/10\/03\/el-comunicado-de-dave-grohl-anunciando-la-separacion-temporal-de-foo-fighters\/"},"modified":"2012-10-03T18:03:00","modified_gmt":"2012-10-03T18:03:00","slug":"el-comunicado-de-dave-grohl-anunciando-la-separacion-temporal-de-foo-fighters","status":"publish","type":"post","link":"https:\/\/www.oidossucios.com\/site\/el-comunicado-de-dave-grohl-anunciando-la-separacion-temporal-de-foo-fighters\/","title":{"rendered":"El comunicado de Dave Grohl anunciando la separaci\u00f3n temporal de Foo Fighters"},"content":{"rendered":"<p><![endif]--> <\/p>\n<p>Como informamos hace d\u00edas, la banda&nbsp;liderada por Dave Grohl&nbsp;abandonar\u00e1 los escenarios por un tiempo.<\/p>\n<p>El&nbsp;ex baterista de&nbsp;Nirvana&nbsp;y ahora frontman de los Foo Fighters ya lo hab\u00eda confirmado en un concierto en New York hace d\u00edas: &#8220;Sin hacer demasiado sobre esto, no tenemos ning\u00fan show despu\u00e9s de este. Esto es todo. Honestamente, no s\u00e9 cu\u00e1ndo vamos a hacerlo otra vez\u0085y es el lugar perfecto para anunciarlo&#8221;.<\/p>\n<p>Pero ahora, el m\u00fasico escribi\u00f3 y public\u00f3 una carta a todos sus fans, en la que oficializa el receso que se tomar\u00e1 la banda.<\/p>\n<p>A continuaci\u00f3n el escrito de Dave:<\/p>\n<p><i>Hola todos&#8230;<\/p>\n<p>Dave aqu\u00ed. S\u00f3lo quer\u00eda escribir y decir gracias desde el fondo de mi coraz\u00f3n por un nuevo a\u00f1o incre\u00edble (nuestro 18\u00ba, para ser exactos!) Realmente nunca podr\u00edamos haber hecho esto sin ustedes&#8230;<\/p>\n<p>Nunca en mis sue\u00f1os m\u00e1s salvajes se me ocurri\u00f3 que pasar\u00eda esto con Foo Fighters. Nunca pens\u00e9 que podr\u00edamos hacer esto ahora, para ser honesto. Hubo momentos cuando cre\u00ed que sobrevivir\u00eda a la banda. Hubo tiempos en los que quise renunciar. Pero&#8230; Yo no puedo renunciar a esta banda. Y nunca lo har\u00e9. Porque no es s\u00f3lo una banda para m\u00ed. Es mi vida. Es mi familia. Es mi mundo.<\/p>\n<p>S\u00ed&#8230; es en serio. No estoy seguro de cu\u00e1ndo los Foo Fighters van a tocar de nuevo. Se siente extra\u00f1o decirlo, pero es algo bueno para todos nosotros desaparecer por un tiempo. Es una de las razones por las que a\u00fan estamos aqu\u00ed. \u00bfTiene sentido? Nunca querr\u00e9 &#8220;no estar&#8221; en esta banda. Por eso, a veces es bueno solo&#8230; ponerla de nuevo en el garage durante un tiempo&#8230;<\/p>\n<p>Pero, no habr\u00e1 relojes de oro o vacaciones todav\u00eda&#8230; Estoy enfocando toda mi energ\u00eda en terminar mi documental Sound City y el \u00e1lbum de lanzamiento mundial que lo acompa\u00f1ar\u00e1 en un futuro muy pr\u00f3ximo. Un a\u00f1o en la elaboraci\u00f3n, podr\u00eda ser el proyecto m\u00e1s grande, m\u00e1s importante en el que nunca he trabajado. Preparate&#8230; viene.<\/p>\n<p>Yo, Taylor, Nate, Pat, Chris y Rami&#8230; Estoy seguro que todos nos veremos por ah\u00ed&#8230; en alg\u00fan lugar&#8230;<\/p>\n<p>Gracias, gracias, gracias&#8230;<\/p>\n<p>Dave<\/i><\/p>\n<p><!--[if gte mso 10]> <\/style>\n\n <![endif]--><\/p>\n","protected":false},"excerpt":{"rendered":"<p>El m\u00fasico escribi\u00f3 y public\u00f3 una carta a todos sus fans, en la que oficializa el receso que se tomar\u00e1 la banda.<\/p>\n","protected":false},"author":4,"featured_media":100006168,"comment_status":"open","ping_status":"open","sticky":false,"template":"","format":"standard","meta":{"_jetpack_memberships_contains_paid_content":false,"footnotes":""},"categories":[250],"tags":[],"class_list":["post-6168","post","type-post","status-publish","format-standard","has-post-thumbnail","hentry","category-noticias"],"jetpack_featured_media_url":"https:\/\/www.oidossucios.com\/site\/wp-content\/uploads\/2012\/10\/6168.jpg","yoast_head":"<!-- This site is optimized with the Yoast SEO plugin v14.0.4 - https:\/\/yoast.com\/wordpress\/plugins\/seo\/ -->\n<title>El comunicado de Dave Grohl anunciando la separaci\u00f3n temporal de Foo Fighters - OidosSucios.Com<\/title>\n<meta name=\"description\" content=\"El m\u00fasico escribi\u00f3 y public\u00f3 una carta a todos sus fans, en la que oficializa el receso que se tomar\u00e1 la banda.\" \/>\n<meta name=\"robots\" content=\"index, follow\" \/>\n<meta name=\"googlebot\" content=\"index, follow, max-snippet:-1, max-image-preview:large, max-video-preview:-1\" \/>\n<meta name=\"bingbot\" content=\"index, follow, max-snippet:-1, max-image-preview:large, max-video-preview:-1\" \/>\n<link rel=\"canonical\" href=\"https:\/\/www.oidossucios.com\/site\/el-comunicado-de-dave-grohl-anunciando-la-separacion-temporal-de-foo-fighters\/\" \/>\n<meta property=\"og:locale\" content=\"es_ES\" \/>\n<meta property=\"og:type\" content=\"article\" \/>\n<meta property=\"og:title\" content=\"El comunicado de Dave Grohl anunciando la separaci\u00f3n temporal de Foo Fighters - OidosSucios.Com\" \/>\n<meta property=\"og:description\" content=\"El m\u00fasico escribi\u00f3 y public\u00f3 una carta a todos sus fans, en la que oficializa el receso que se tomar\u00e1 la banda.\" \/>\n<meta property=\"og:url\" content=\"https:\/\/www.oidossucios.com\/site\/el-comunicado-de-dave-grohl-anunciando-la-separacion-temporal-de-foo-fighters\/\" \/>\n<meta property=\"og:site_name\" content=\"OidosSucios.Com\" \/>\n<meta property=\"article:published_time\" content=\"2012-10-03T18:03:00+00:00\" \/>\n<meta property=\"og:image\" content=\"https:\/\/www.oidossucios.com\/site\/wp-content\/uploads\/2012\/10\/6168.jpg\" \/>\n\t<meta property=\"og:image:width\" content=\"350\" \/>\n\t<meta property=\"og:image:height\" content=\"300\" \/>\n<meta name=\"twitter:card\" content=\"summary_large_image\" \/>\n<meta name=\"twitter:creator\" content=\"@oidossucios\" \/>\n<script type=\"application\/ld+json\" class=\"yoast-schema-graph\">{\"@context\":\"https:\/\/schema.org\",\"@graph\":[{\"@type\":\"WebSite\",\"@id\":\"https:\/\/www.oidossucios.com\/site\/#website\",\"url\":\"https:\/\/www.oidossucios.com\/site\/\",\"name\":\"OidosSucios.Com\",\"description\":\"M\\u00fasica, conciertos, discos\",\"potentialAction\":[{\"@type\":\"SearchAction\",\"target\":\"https:\/\/www.oidossucios.com\/site\/?s={search_term_string}\",\"query-input\":\"required name=search_term_string\"}],\"inLanguage\":\"es\"},{\"@type\":\"ImageObject\",\"@id\":\"https:\/\/www.oidossucios.com\/site\/el-comunicado-de-dave-grohl-anunciando-la-separacion-temporal-de-foo-fighters\/#primaryimage\",\"inLanguage\":\"es\",\"url\":\"https:\/\/www.oidossucios.com\/site\/wp-content\/uploads\/2012\/10\/6168.jpg\",\"width\":350,\"height\":300},{\"@type\":\"WebPage\",\"@id\":\"https:\/\/www.oidossucios.com\/site\/el-comunicado-de-dave-grohl-anunciando-la-separacion-temporal-de-foo-fighters\/#webpage\",\"url\":\"https:\/\/www.oidossucios.com\/site\/el-comunicado-de-dave-grohl-anunciando-la-separacion-temporal-de-foo-fighters\/\",\"name\":\"El comunicado de Dave Grohl anunciando la separaci\\u00f3n temporal de Foo Fighters - OidosSucios.Com\",\"isPartOf\":{\"@id\":\"https:\/\/www.oidossucios.com\/site\/#website\"},\"primaryImageOfPage\":{\"@id\":\"https:\/\/www.oidossucios.com\/site\/el-comunicado-de-dave-grohl-anunciando-la-separacion-temporal-de-foo-fighters\/#primaryimage\"},\"datePublished\":\"2012-10-03T18:03:00+00:00\",\"dateModified\":\"2012-10-03T18:03:00+00:00\",\"author\":{\"@id\":\"https:\/\/www.oidossucios.com\/site\/#\/schema\/person\/24559eeb76bf83a63296fb072393a688\"},\"description\":\"El m\\u00fasico escribi\\u00f3 y public\\u00f3 una carta a todos sus fans, en la que oficializa el receso que se tomar\\u00e1 la banda.\",\"inLanguage\":\"es\",\"potentialAction\":[{\"@type\":\"ReadAction\",\"target\":[\"https:\/\/www.oidossucios.com\/site\/el-comunicado-de-dave-grohl-anunciando-la-separacion-temporal-de-foo-fighters\/\"]}]},{\"@type\":[\"Person\"],\"@id\":\"https:\/\/www.oidossucios.com\/site\/#\/schema\/person\/24559eeb76bf83a63296fb072393a688\",\"name\":\"Oidossucios\",\"image\":{\"@type\":\"ImageObject\",\"@id\":\"https:\/\/www.oidossucios.com\/site\/#personlogo\",\"inLanguage\":\"es\",\"url\":\"https:\/\/secure.gravatar.com\/avatar\/74fcb480f42f1a33e50a0b6e6369a3f907be2e43dc84fa5f76c66e9c22b4a5ab?s=96&d=mm&r=g\",\"caption\":\"Oidossucios\"},\"sameAs\":[\"https:\/\/twitter.com\/oidossucios\"]}]}<\/script>\n<!-- \/ Yoast SEO plugin. -->","jetpack_sharing_enabled":true,"_links":{"self":[{"href":"https:\/\/www.oidossucios.com\/site\/wp-json\/wp\/v2\/posts\/6168","targetHints":{"allow":["GET"]}}],"collection":[{"href":"https:\/\/www.oidossucios.com\/site\/wp-json\/wp\/v2\/posts"}],"about":[{"href":"https:\/\/www.oidossucios.com\/site\/wp-json\/wp\/v2\/types\/post"}],"author":[{"embeddable":true,"href":"https:\/\/www.oidossucios.com\/site\/wp-json\/wp\/v2\/users\/4"}],"replies":[{"embeddable":true,"href":"https:\/\/www.oidossucios.com\/site\/wp-json\/wp\/v2\/comments?post=6168"}],"version-history":[{"count":0,"href":"https:\/\/www.oidossucios.com\/site\/wp-json\/wp\/v2\/posts\/6168\/revisions"}],"wp:featuredmedia":[{"embeddable":true,"href":"https:\/\/www.oidossucios.com\/site\/wp-json\/wp\/v2\/media\/100006168"}],"wp:attachment":[{"href":"https:\/\/www.oidossucios.com\/site\/wp-json\/wp\/v2\/media?parent=6168"}],"wp:term":[{"taxonomy":"category","embeddable":true,"href":"https:\/\/www.oidossucios.com\/site\/wp-json\/wp\/v2\/categories?post=6168"},{"taxonomy":"post_tag","embeddable":true,"href":"https:\/\/www.oidossucios.com\/site\/wp-json\/wp\/v2\/tags?post=6168"}],"curies":[{"name":"wp","href":"https:\/\/api.w.org\/{rel}","templated":true}]}}