{"id":6172,"date":"2012-10-03T19:34:00","date_gmt":"2012-10-03T19:34:00","guid":{"rendered":"https:\/\/www.oidossucios.com\/site\/2012\/10\/03\/illya-kuryaki-the-valderramas-revela-portda-y-mas-detalles-de-su-nuevo-disco\/"},"modified":"2012-10-03T19:34:00","modified_gmt":"2012-10-03T19:34:00","slug":"illya-kuryaki-the-valderramas-revela-portda-y-mas-detalles-de-su-nuevo-disco","status":"publish","type":"post","link":"https:\/\/www.oidossucios.com\/site\/illya-kuryaki-the-valderramas-revela-portda-y-mas-detalles-de-su-nuevo-disco\/","title":{"rendered":"Illya Kuryaki &amp; The Valderramas revela portda y m\u00e1s detalles de su nuevo disco"},"content":{"rendered":"<p><![endif]-->  <\/p>\n<p>Tras apenas lanzar uno de sus cortes, Illya Kuryaki &amp; The Valderramas ha dado a conocer el nombre y arte de tapa del nuevo \u00e1lbum que saldr\u00e1 a la venta a fines de este mes:&nbsp;<i>Chances<\/i>&nbsp;es el t\u00edtulo del esperado trabajo discogr\u00e1fico que, luego de 10 a\u00f1os de ausencia del d\u00fao rapero, se ha estado haciendo desear.<\/p>\n<p>Hace unos quince d\u00edas&nbsp;la banda lanz\u00f3&nbsp;&#8220;Ula Ula&#8221;, el primer adelanto de lo que ser\u00e1 el disco,&nbsp;en forma de sencillo y v\u00eda internet. Para calmar la ansiedad de muchos ya hay portada y fecha de lanzamiento: a partir del 30 de octubre,&nbsp;<i>Chances&nbsp;<\/i>podr\u00e1 adquirirse y escucharse por completo.<\/p>\n<p>Luego de 11 a\u00f1os de ausencia de un \u00e1lbum de estudio, y un a\u00f1o despu\u00e9s de que Dante Spinetta y Emmanuel Horvilleur anunciaran el reencuentro, la banda ya est\u00e1 por sacar su primer disco en a\u00f1os.<\/p>\n<p>Tras la separaci\u00f3n de Illya Kuryaki en 2001, tanto Dante como Emmanuel han trabajado como solistas durante una d\u00e9cada, haciendo algunas cosas distintas, cada uno por su lado.<\/p>\n<p>La portada de <i>Chances<\/i> en la galer\u00eda.<\/p>\n<p>Fuente: www.fmrockandpop.com<\/p>\n<p><!--[if gte mso 10]> <\/style>\n\n <![endif]--><!--nextpage--><img decoding=\"async\" class=\"aligncenter size-medium wp-image-111116130\" src=\"https:\/\/www.oidossucios.com\/site\/wp-content\/uploads\/2020\/02\/6130.jpg\" alt=\"Illya Kuryaki &amp; The Valderramas revela portda y m\u00e1s detalles de su nuevo disco\"  \/><a href='https:\/\/www.oidossucios.com\/site\/illya-kuryaki-the-valderramas-revela-portda-y-mas-detalles-de-su-nuevo-disco\/2\/'\n                        onclick='if (tpsInstance) { tpsInstance.setNext(); return false; }'\n                        rel='next'\n                        style=''\n                        class=''>Ver galer\u00eda<\/a>]]><\/p>\n","protected":false},"excerpt":{"rendered":"<p>Tras apenas lanzar uno de sus cortes, Illya Kuryaki &amp; The Valderramas ha dado a conocer el nombre y arte de tapa del nuevo \u00e1lbum que saldr\u00e1 a la venta a fines de este mes:&nbsp;Chances&nbsp;es el t\u00edtulo del esperado trabajo discogr\u00e1fico que, luego de 10 a\u00f1os de ausencia del d\u00fao rapero, se ha estado haciendo [&hellip;]<\/p>\n","protected":false},"author":4,"featured_media":100006172,"comment_status":"open","ping_status":"open","sticky":false,"template":"","format":"standard","meta":{"_jetpack_memberships_contains_paid_content":false,"footnotes":""},"categories":[142],"tags":[],"class_list":["post-6172","post","type-post","status-publish","format-standard","has-post-thumbnail","hentry","category-buzznews"],"jetpack_featured_media_url":"https:\/\/www.oidossucios.com\/site\/wp-content\/uploads\/2012\/10\/6172.jpg","yoast_head":"<!-- This site is optimized with the Yoast SEO plugin v14.0.4 - https:\/\/yoast.com\/wordpress\/plugins\/seo\/ -->\n<title>Illya Kuryaki &amp; The Valderramas revela portda y m\u00e1s detalles de su nuevo disco - OidosSucios.Com<\/title>\n<meta name=\"robots\" content=\"index, follow\" \/>\n<meta name=\"googlebot\" content=\"index, follow, max-snippet:-1, max-image-preview:large, max-video-preview:-1\" \/>\n<meta name=\"bingbot\" content=\"index, follow, max-snippet:-1, max-image-preview:large, max-video-preview:-1\" \/>\n<link rel=\"canonical\" href=\"https:\/\/www.oidossucios.com\/site\/illya-kuryaki-the-valderramas-revela-portda-y-mas-detalles-de-su-nuevo-disco\/\" \/>\n<link rel=\"next\" href=\"https:\/\/www.oidossucios.com\/site\/illya-kuryaki-the-valderramas-revela-portda-y-mas-detalles-de-su-nuevo-disco\/2\/\" \/>\n<meta property=\"og:locale\" content=\"es_ES\" \/>\n<meta property=\"og:type\" content=\"article\" \/>\n<meta property=\"og:title\" content=\"Illya Kuryaki &amp; The Valderramas revela portda y m\u00e1s detalles de su nuevo disco - OidosSucios.Com\" \/>\n<meta property=\"og:description\" content=\"Tras apenas lanzar uno de sus cortes, Illya Kuryaki &amp; The Valderramas ha dado a conocer el nombre y arte de tapa del nuevo \u00e1lbum que saldr\u00e1 a la venta a fines de este mes:&nbsp;Chances&nbsp;es el t\u00edtulo del esperado trabajo discogr\u00e1fico que, luego de 10 a\u00f1os de ausencia del d\u00fao rapero, se ha estado haciendo [&hellip;]\" \/>\n<meta property=\"og:url\" content=\"https:\/\/www.oidossucios.com\/site\/illya-kuryaki-the-valderramas-revela-portda-y-mas-detalles-de-su-nuevo-disco\/\" \/>\n<meta property=\"og:site_name\" content=\"OidosSucios.Com\" \/>\n<meta property=\"article:published_time\" content=\"2012-10-03T19:34:00+00:00\" \/>\n<meta property=\"og:image\" content=\"https:\/\/www.oidossucios.com\/site\/wp-content\/uploads\/2012\/10\/6172.jpg\" \/>\n\t<meta property=\"og:image:width\" content=\"350\" \/>\n\t<meta property=\"og:image:height\" content=\"300\" \/>\n<meta name=\"twitter:card\" content=\"summary_large_image\" \/>\n<meta name=\"twitter:creator\" content=\"@oidossucios\" \/>\n<script type=\"application\/ld+json\" class=\"yoast-schema-graph\">{\"@context\":\"https:\/\/schema.org\",\"@graph\":[{\"@type\":\"WebSite\",\"@id\":\"https:\/\/www.oidossucios.com\/site\/#website\",\"url\":\"https:\/\/www.oidossucios.com\/site\/\",\"name\":\"OidosSucios.Com\",\"description\":\"M\\u00fasica, conciertos, discos\",\"potentialAction\":[{\"@type\":\"SearchAction\",\"target\":\"https:\/\/www.oidossucios.com\/site\/?s={search_term_string}\",\"query-input\":\"required name=search_term_string\"}],\"inLanguage\":\"es\"},{\"@type\":\"ImageObject\",\"@id\":\"https:\/\/www.oidossucios.com\/site\/illya-kuryaki-the-valderramas-revela-portda-y-mas-detalles-de-su-nuevo-disco\/#primaryimage\",\"inLanguage\":\"es\",\"url\":\"https:\/\/www.oidossucios.com\/site\/wp-content\/uploads\/2012\/10\/6172.jpg\",\"width\":350,\"height\":300},{\"@type\":\"WebPage\",\"@id\":\"https:\/\/www.oidossucios.com\/site\/illya-kuryaki-the-valderramas-revela-portda-y-mas-detalles-de-su-nuevo-disco\/#webpage\",\"url\":\"https:\/\/www.oidossucios.com\/site\/illya-kuryaki-the-valderramas-revela-portda-y-mas-detalles-de-su-nuevo-disco\/\",\"name\":\"Illya Kuryaki &amp; The Valderramas revela portda y m\\u00e1s detalles de su nuevo disco - OidosSucios.Com\",\"isPartOf\":{\"@id\":\"https:\/\/www.oidossucios.com\/site\/#website\"},\"primaryImageOfPage\":{\"@id\":\"https:\/\/www.oidossucios.com\/site\/illya-kuryaki-the-valderramas-revela-portda-y-mas-detalles-de-su-nuevo-disco\/#primaryimage\"},\"datePublished\":\"2012-10-03T19:34:00+00:00\",\"dateModified\":\"2012-10-03T19:34:00+00:00\",\"author\":{\"@id\":\"https:\/\/www.oidossucios.com\/site\/#\/schema\/person\/24559eeb76bf83a63296fb072393a688\"},\"inLanguage\":\"es\",\"potentialAction\":[{\"@type\":\"ReadAction\",\"target\":[\"https:\/\/www.oidossucios.com\/site\/illya-kuryaki-the-valderramas-revela-portda-y-mas-detalles-de-su-nuevo-disco\/\"]}]},{\"@type\":[\"Person\"],\"@id\":\"https:\/\/www.oidossucios.com\/site\/#\/schema\/person\/24559eeb76bf83a63296fb072393a688\",\"name\":\"Oidossucios\",\"image\":{\"@type\":\"ImageObject\",\"@id\":\"https:\/\/www.oidossucios.com\/site\/#personlogo\",\"inLanguage\":\"es\",\"url\":\"https:\/\/secure.gravatar.com\/avatar\/74fcb480f42f1a33e50a0b6e6369a3f907be2e43dc84fa5f76c66e9c22b4a5ab?s=96&d=mm&r=g\",\"caption\":\"Oidossucios\"},\"sameAs\":[\"https:\/\/twitter.com\/oidossucios\"]}]}<\/script>\n<!-- \/ Yoast SEO plugin. -->","jetpack_sharing_enabled":true,"_links":{"self":[{"href":"https:\/\/www.oidossucios.com\/site\/wp-json\/wp\/v2\/posts\/6172","targetHints":{"allow":["GET"]}}],"collection":[{"href":"https:\/\/www.oidossucios.com\/site\/wp-json\/wp\/v2\/posts"}],"about":[{"href":"https:\/\/www.oidossucios.com\/site\/wp-json\/wp\/v2\/types\/post"}],"author":[{"embeddable":true,"href":"https:\/\/www.oidossucios.com\/site\/wp-json\/wp\/v2\/users\/4"}],"replies":[{"embeddable":true,"href":"https:\/\/www.oidossucios.com\/site\/wp-json\/wp\/v2\/comments?post=6172"}],"version-history":[{"count":0,"href":"https:\/\/www.oidossucios.com\/site\/wp-json\/wp\/v2\/posts\/6172\/revisions"}],"wp:featuredmedia":[{"embeddable":true,"href":"https:\/\/www.oidossucios.com\/site\/wp-json\/wp\/v2\/media\/100006172"}],"wp:attachment":[{"href":"https:\/\/www.oidossucios.com\/site\/wp-json\/wp\/v2\/media?parent=6172"}],"wp:term":[{"taxonomy":"category","embeddable":true,"href":"https:\/\/www.oidossucios.com\/site\/wp-json\/wp\/v2\/categories?post=6172"},{"taxonomy":"post_tag","embeddable":true,"href":"https:\/\/www.oidossucios.com\/site\/wp-json\/wp\/v2\/tags?post=6172"}],"curies":[{"name":"wp","href":"https:\/\/api.w.org\/{rel}","templated":true}]}}