{"id":6179,"date":"2012-10-04T17:16:00","date_gmt":"2012-10-04T17:16:00","guid":{"rendered":"https:\/\/www.oidossucios.com\/site\/2012\/10\/04\/rage-against-the-machine-grabando-nuevo-disco\/"},"modified":"2012-10-04T17:16:00","modified_gmt":"2012-10-04T17:16:00","slug":"rage-against-the-machine-grabando-nuevo-disco","status":"publish","type":"post","link":"https:\/\/www.oidossucios.com\/site\/rage-against-the-machine-grabando-nuevo-disco\/","title":{"rendered":"\u00bfRage Against The Machine grabando nuevo disco?"},"content":{"rendered":"<p><![endif]-->Desde que&nbsp;Rage Against The Machine&nbsp;se reuniera y volviera a los escenarios en 2007, los fan\u00e1ticos han estado esperando el lanzamiento de un nuevo disco, pero la banda siempre declar\u00f3 que no estaba en sus planes.<\/p>\n<p>Ahora, el bajista del cuarteto,&nbsp;Tim Commerford, fue preguntado por unos paparazzis en California si RATM est\u00e1 grabando un nuevo disco, que ser\u00eda el quinto de la banda y el primero desde <i>Renegades<\/i> (2000), a lo que el m\u00fasico se limit\u00f3 a responder &#8220;Puede ser, puede ser&#8230;&#8221; entre risas. <\/p>\n<p>Esta declaraci\u00f3n de Commerford fue publicada en el website&nbsp;TMZ: <\/p>\n<p><img loading=\"lazy\" decoding=\"async\" width=\"0\" height=\"0\" border=\"0\" style=\"visibility: hidden; width: 0px; height: 0px;\" src=\"http:\/\/c.gigcount.com\/wildfire\/IMP\/CXNID=2000002.11NXC\/bT*xJmx*PTEzNDkzNjkzOTc5ODAmcHQ9MTM*OTM2OTQwODcyNyZwPSZkPSZnPTImbz*yODg2YjQ2NzVhNGE*YTdmYjViMjFjZGQ4\/NDRjMDdjOSZvZj*w.gif\" \/><object width=\"500\" height=\"330\" data=\"http:\/\/cdnapi.kaltura.com\/index.php\/kwidget\/wid\/1_syz1n3kz\/uiconf_id\/6740162\" allowfullscreen=\"true\" allownetworking=\"all\" allowscriptaccess=\"always\" id=\"kaltura_player_1349369491\" name=\"kaltura_player_1349369491\" type=\"application\/x-shockwave-flash\"><param name=\"allowScriptAccess\" value=\"always\"><\/param><param name=\"allowNetworking\" value=\"all\"><\/param><param name=\"allowFullScreen\" value=\"true\"><\/param><param name=\"bgcolor\" value=\"#000000\"><\/param><param name=\"movie\" value=\"http:\/\/cdnapi.kaltura.com\/index.php\/kwidget\/wid\/1_syz1n3kz\/uiconf_id\/6740162\"><\/param><param name=\"flashVars\"><\/param><\/object><\/p>\n<p>Hasta ahora, no hay ninguna confirmaci\u00f3n por parte de los dem\u00e1s miembros del grupo, las pocas palabras del bajista dejan una puerta abierta y esperanzadora sobre el futuro de Rage Against The Machine.<\/p>\n<p>Recordemos que RATM se separ\u00f3 en el 2000, cuando su vocalista Zack de la Rocha dej\u00f3 la banda debido a &#8220;la falta de ideas creativas&#8221; que sufr\u00eda el grupo. El resto de los miembros posteriormente formaron Audioslave junto al cantante de Soundgarden, Chris Cornell, editando tres discos de estudio antes de disolverse.<\/p>\n<p><!--[if gte mso 10]> <\/style>\n\n <![endif]--><\/p>\n","protected":false},"excerpt":{"rendered":"<p>El bajista de la banda, Tim Commerford, fue preguntado por unos paparazzis en California  si RATM est\u00e1 grabando un nuevo disco, su respuesta fue inconclusa pero esperanzadora.<\/p>\n","protected":false},"author":4,"featured_media":100006179,"comment_status":"open","ping_status":"open","sticky":false,"template":"","format":"standard","meta":{"_jetpack_memberships_contains_paid_content":false,"footnotes":""},"categories":[250],"tags":[],"class_list":["post-6179","post","type-post","status-publish","format-standard","has-post-thumbnail","hentry","category-noticias"],"jetpack_featured_media_url":"https:\/\/www.oidossucios.com\/site\/wp-content\/uploads\/2012\/10\/6179.jpg","yoast_head":"<!-- This site is optimized with the Yoast SEO plugin v14.0.4 - https:\/\/yoast.com\/wordpress\/plugins\/seo\/ -->\n<title>\u00bfRage Against The Machine grabando nuevo disco? - OidosSucios.Com<\/title>\n<meta name=\"description\" content=\"El bajista de la banda, Tim Commerford, fue preguntado por unos paparazzis en California si RATM est\u00e1 grabando un nuevo disco, su respuesta fue inconclusa pero esperanzadora.\" \/>\n<meta name=\"robots\" content=\"index, follow\" \/>\n<meta name=\"googlebot\" content=\"index, follow, max-snippet:-1, max-image-preview:large, max-video-preview:-1\" \/>\n<meta name=\"bingbot\" content=\"index, follow, max-snippet:-1, max-image-preview:large, max-video-preview:-1\" \/>\n<link rel=\"canonical\" href=\"https:\/\/www.oidossucios.com\/site\/rage-against-the-machine-grabando-nuevo-disco\/\" \/>\n<meta property=\"og:locale\" content=\"es_ES\" \/>\n<meta property=\"og:type\" content=\"article\" \/>\n<meta property=\"og:title\" content=\"\u00bfRage Against The Machine grabando nuevo disco? - OidosSucios.Com\" \/>\n<meta property=\"og:description\" content=\"El bajista de la banda, Tim Commerford, fue preguntado por unos paparazzis en California si RATM est\u00e1 grabando un nuevo disco, su respuesta fue inconclusa pero esperanzadora.\" \/>\n<meta property=\"og:url\" content=\"https:\/\/www.oidossucios.com\/site\/rage-against-the-machine-grabando-nuevo-disco\/\" \/>\n<meta property=\"og:site_name\" content=\"OidosSucios.Com\" \/>\n<meta property=\"article:published_time\" content=\"2012-10-04T17:16:00+00:00\" \/>\n<meta property=\"og:image\" content=\"https:\/\/www.oidossucios.com\/site\/wp-content\/uploads\/2012\/10\/6179.jpg\" \/>\n\t<meta property=\"og:image:width\" content=\"350\" \/>\n\t<meta property=\"og:image:height\" content=\"300\" \/>\n<meta name=\"twitter:card\" content=\"summary_large_image\" \/>\n<meta name=\"twitter:creator\" content=\"@oidossucios\" \/>\n<script type=\"application\/ld+json\" class=\"yoast-schema-graph\">{\"@context\":\"https:\/\/schema.org\",\"@graph\":[{\"@type\":\"WebSite\",\"@id\":\"https:\/\/www.oidossucios.com\/site\/#website\",\"url\":\"https:\/\/www.oidossucios.com\/site\/\",\"name\":\"OidosSucios.Com\",\"description\":\"M\\u00fasica, conciertos, discos\",\"potentialAction\":[{\"@type\":\"SearchAction\",\"target\":\"https:\/\/www.oidossucios.com\/site\/?s={search_term_string}\",\"query-input\":\"required name=search_term_string\"}],\"inLanguage\":\"es\"},{\"@type\":\"ImageObject\",\"@id\":\"https:\/\/www.oidossucios.com\/site\/rage-against-the-machine-grabando-nuevo-disco\/#primaryimage\",\"inLanguage\":\"es\",\"url\":\"https:\/\/www.oidossucios.com\/site\/wp-content\/uploads\/2012\/10\/6179.jpg\",\"width\":350,\"height\":300},{\"@type\":\"WebPage\",\"@id\":\"https:\/\/www.oidossucios.com\/site\/rage-against-the-machine-grabando-nuevo-disco\/#webpage\",\"url\":\"https:\/\/www.oidossucios.com\/site\/rage-against-the-machine-grabando-nuevo-disco\/\",\"name\":\"\\u00bfRage Against The Machine grabando nuevo disco? - OidosSucios.Com\",\"isPartOf\":{\"@id\":\"https:\/\/www.oidossucios.com\/site\/#website\"},\"primaryImageOfPage\":{\"@id\":\"https:\/\/www.oidossucios.com\/site\/rage-against-the-machine-grabando-nuevo-disco\/#primaryimage\"},\"datePublished\":\"2012-10-04T17:16:00+00:00\",\"dateModified\":\"2012-10-04T17:16:00+00:00\",\"author\":{\"@id\":\"https:\/\/www.oidossucios.com\/site\/#\/schema\/person\/24559eeb76bf83a63296fb072393a688\"},\"description\":\"El bajista de la banda, Tim Commerford, fue preguntado por unos paparazzis en California si RATM est\\u00e1 grabando un nuevo disco, su respuesta fue inconclusa pero esperanzadora.\",\"inLanguage\":\"es\",\"potentialAction\":[{\"@type\":\"ReadAction\",\"target\":[\"https:\/\/www.oidossucios.com\/site\/rage-against-the-machine-grabando-nuevo-disco\/\"]}]},{\"@type\":[\"Person\"],\"@id\":\"https:\/\/www.oidossucios.com\/site\/#\/schema\/person\/24559eeb76bf83a63296fb072393a688\",\"name\":\"Oidossucios\",\"image\":{\"@type\":\"ImageObject\",\"@id\":\"https:\/\/www.oidossucios.com\/site\/#personlogo\",\"inLanguage\":\"es\",\"url\":\"https:\/\/secure.gravatar.com\/avatar\/74fcb480f42f1a33e50a0b6e6369a3f907be2e43dc84fa5f76c66e9c22b4a5ab?s=96&d=mm&r=g\",\"caption\":\"Oidossucios\"},\"sameAs\":[\"https:\/\/twitter.com\/oidossucios\"]}]}<\/script>\n<!-- \/ Yoast SEO plugin. -->","jetpack_sharing_enabled":true,"_links":{"self":[{"href":"https:\/\/www.oidossucios.com\/site\/wp-json\/wp\/v2\/posts\/6179","targetHints":{"allow":["GET"]}}],"collection":[{"href":"https:\/\/www.oidossucios.com\/site\/wp-json\/wp\/v2\/posts"}],"about":[{"href":"https:\/\/www.oidossucios.com\/site\/wp-json\/wp\/v2\/types\/post"}],"author":[{"embeddable":true,"href":"https:\/\/www.oidossucios.com\/site\/wp-json\/wp\/v2\/users\/4"}],"replies":[{"embeddable":true,"href":"https:\/\/www.oidossucios.com\/site\/wp-json\/wp\/v2\/comments?post=6179"}],"version-history":[{"count":0,"href":"https:\/\/www.oidossucios.com\/site\/wp-json\/wp\/v2\/posts\/6179\/revisions"}],"wp:featuredmedia":[{"embeddable":true,"href":"https:\/\/www.oidossucios.com\/site\/wp-json\/wp\/v2\/media\/100006179"}],"wp:attachment":[{"href":"https:\/\/www.oidossucios.com\/site\/wp-json\/wp\/v2\/media?parent=6179"}],"wp:term":[{"taxonomy":"category","embeddable":true,"href":"https:\/\/www.oidossucios.com\/site\/wp-json\/wp\/v2\/categories?post=6179"},{"taxonomy":"post_tag","embeddable":true,"href":"https:\/\/www.oidossucios.com\/site\/wp-json\/wp\/v2\/tags?post=6179"}],"curies":[{"name":"wp","href":"https:\/\/api.w.org\/{rel}","templated":true}]}}