{"id":6186,"date":"2012-10-05T18:12:00","date_gmt":"2012-10-05T18:12:00","guid":{"rendered":"https:\/\/www.oidossucios.com\/site\/2012\/10\/05\/blur-vuelve-a-los-escenarios-participara-en-el-rock-werchter-festival-2013\/"},"modified":"2012-10-05T18:12:00","modified_gmt":"2012-10-05T18:12:00","slug":"blur-vuelve-a-los-escenarios-participara-en-el-rock-werchter-festival-2013","status":"publish","type":"post","link":"https:\/\/www.oidossucios.com\/site\/blur-vuelve-a-los-escenarios-participara-en-el-rock-werchter-festival-2013\/","title":{"rendered":"Blur vuelve a los escenarios, participar\u00e1 en el Rock Werchter Festival 2013"},"content":{"rendered":"<p><![endif]-->Luego de dos meses de ausencia, Blur da a conocer que formar\u00e1 parte del Rock Werchter Festival, en B\u00e9lgica, a realizarse el a\u00f1o entrante, adem\u00e1s de abrir la posibilidad de que ofrezcan m\u00e1s presentaciones.<\/p>\n<p>Fue a trav\u00e9s de su cuenta de Facebook que Damon Albarn, Graham Coxon, Alex James y Dave Rowntree publicaron: &#8220;Gracias por esperar&#8230; Rock Werchter est\u00e1 por anunciar que Blur lo encabezar\u00e1 el pr\u00f3ximo mes de julio. Estamos muy emocionados&#8230; esperamos viajar en 2013 para tocar frente a m\u00e1s de nuestros adorados fans, quienes no nos han visto por un tiempo. A\u00fan no sabemos cu\u00e1ndo, se los diremos en cuanto lo sepamos. Est\u00e9n pendientes.&#8221;<\/p>\n<p>Rock Werchter se realizar\u00e1 del 4 al 7 de julio de 2013 y es el festival m\u00e1s importante de B\u00e9lgica, con una capacidad de 140 mil asistentes.<\/p>\n<p>Fuente: www.warp.la<!--[if gte mso 10]> <\/style>\n\n <![endif]--><\/p>\n","protected":false},"excerpt":{"rendered":"<p>Luego de dos meses de ausencia, Blur da a conocer que formar\u00e1 parte del Rock Werchter Festival, en B\u00e9lgica, a realizarse el a\u00f1o entrante, adem\u00e1s de abrir la posibilidad de que ofrezcan m\u00e1s presentaciones. Fue a trav\u00e9s de su cuenta de Facebook que Damon Albarn, Graham Coxon, Alex James y Dave Rowntree publicaron: &#8220;Gracias por [&hellip;]<\/p>\n","protected":false},"author":4,"featured_media":100006186,"comment_status":"open","ping_status":"open","sticky":false,"template":"","format":"standard","meta":{"_jetpack_memberships_contains_paid_content":false,"footnotes":""},"categories":[142],"tags":[],"class_list":["post-6186","post","type-post","status-publish","format-standard","has-post-thumbnail","hentry","category-buzznews"],"jetpack_featured_media_url":"https:\/\/www.oidossucios.com\/site\/wp-content\/uploads\/2012\/10\/6186.jpg","yoast_head":"<!-- This site is optimized with the Yoast SEO plugin v14.0.4 - https:\/\/yoast.com\/wordpress\/plugins\/seo\/ -->\n<title>Blur vuelve a los escenarios, participar\u00e1 en el Rock Werchter Festival 2013 - OidosSucios.Com<\/title>\n<meta name=\"robots\" content=\"index, follow\" \/>\n<meta name=\"googlebot\" content=\"index, follow, max-snippet:-1, max-image-preview:large, max-video-preview:-1\" \/>\n<meta name=\"bingbot\" content=\"index, follow, max-snippet:-1, max-image-preview:large, max-video-preview:-1\" \/>\n<link rel=\"canonical\" href=\"https:\/\/www.oidossucios.com\/site\/blur-vuelve-a-los-escenarios-participara-en-el-rock-werchter-festival-2013\/\" \/>\n<meta property=\"og:locale\" content=\"es_ES\" \/>\n<meta property=\"og:type\" content=\"article\" \/>\n<meta property=\"og:title\" content=\"Blur vuelve a los escenarios, participar\u00e1 en el Rock Werchter Festival 2013 - OidosSucios.Com\" \/>\n<meta property=\"og:description\" content=\"Luego de dos meses de ausencia, Blur da a conocer que formar\u00e1 parte del Rock Werchter Festival, en B\u00e9lgica, a realizarse el a\u00f1o entrante, adem\u00e1s de abrir la posibilidad de que ofrezcan m\u00e1s presentaciones. Fue a trav\u00e9s de su cuenta de Facebook que Damon Albarn, Graham Coxon, Alex James y Dave Rowntree publicaron: &#8220;Gracias por [&hellip;]\" \/>\n<meta property=\"og:url\" content=\"https:\/\/www.oidossucios.com\/site\/blur-vuelve-a-los-escenarios-participara-en-el-rock-werchter-festival-2013\/\" \/>\n<meta property=\"og:site_name\" content=\"OidosSucios.Com\" \/>\n<meta property=\"article:published_time\" content=\"2012-10-05T18:12:00+00:00\" \/>\n<meta property=\"og:image\" content=\"https:\/\/www.oidossucios.com\/site\/wp-content\/uploads\/2012\/10\/6186.jpg\" \/>\n\t<meta property=\"og:image:width\" content=\"350\" \/>\n\t<meta property=\"og:image:height\" content=\"300\" \/>\n<meta name=\"twitter:card\" content=\"summary_large_image\" \/>\n<meta name=\"twitter:creator\" content=\"@oidossucios\" \/>\n<script type=\"application\/ld+json\" class=\"yoast-schema-graph\">{\"@context\":\"https:\/\/schema.org\",\"@graph\":[{\"@type\":\"WebSite\",\"@id\":\"https:\/\/www.oidossucios.com\/site\/#website\",\"url\":\"https:\/\/www.oidossucios.com\/site\/\",\"name\":\"OidosSucios.Com\",\"description\":\"M\\u00fasica, conciertos, discos\",\"potentialAction\":[{\"@type\":\"SearchAction\",\"target\":\"https:\/\/www.oidossucios.com\/site\/?s={search_term_string}\",\"query-input\":\"required name=search_term_string\"}],\"inLanguage\":\"es\"},{\"@type\":\"ImageObject\",\"@id\":\"https:\/\/www.oidossucios.com\/site\/blur-vuelve-a-los-escenarios-participara-en-el-rock-werchter-festival-2013\/#primaryimage\",\"inLanguage\":\"es\",\"url\":\"https:\/\/www.oidossucios.com\/site\/wp-content\/uploads\/2012\/10\/6186.jpg\",\"width\":350,\"height\":300},{\"@type\":\"WebPage\",\"@id\":\"https:\/\/www.oidossucios.com\/site\/blur-vuelve-a-los-escenarios-participara-en-el-rock-werchter-festival-2013\/#webpage\",\"url\":\"https:\/\/www.oidossucios.com\/site\/blur-vuelve-a-los-escenarios-participara-en-el-rock-werchter-festival-2013\/\",\"name\":\"Blur vuelve a los escenarios, participar\\u00e1 en el Rock Werchter Festival 2013 - OidosSucios.Com\",\"isPartOf\":{\"@id\":\"https:\/\/www.oidossucios.com\/site\/#website\"},\"primaryImageOfPage\":{\"@id\":\"https:\/\/www.oidossucios.com\/site\/blur-vuelve-a-los-escenarios-participara-en-el-rock-werchter-festival-2013\/#primaryimage\"},\"datePublished\":\"2012-10-05T18:12:00+00:00\",\"dateModified\":\"2012-10-05T18:12:00+00:00\",\"author\":{\"@id\":\"https:\/\/www.oidossucios.com\/site\/#\/schema\/person\/24559eeb76bf83a63296fb072393a688\"},\"inLanguage\":\"es\",\"potentialAction\":[{\"@type\":\"ReadAction\",\"target\":[\"https:\/\/www.oidossucios.com\/site\/blur-vuelve-a-los-escenarios-participara-en-el-rock-werchter-festival-2013\/\"]}]},{\"@type\":[\"Person\"],\"@id\":\"https:\/\/www.oidossucios.com\/site\/#\/schema\/person\/24559eeb76bf83a63296fb072393a688\",\"name\":\"Oidossucios\",\"image\":{\"@type\":\"ImageObject\",\"@id\":\"https:\/\/www.oidossucios.com\/site\/#personlogo\",\"inLanguage\":\"es\",\"url\":\"https:\/\/secure.gravatar.com\/avatar\/74fcb480f42f1a33e50a0b6e6369a3f907be2e43dc84fa5f76c66e9c22b4a5ab?s=96&d=mm&r=g\",\"caption\":\"Oidossucios\"},\"sameAs\":[\"https:\/\/twitter.com\/oidossucios\"]}]}<\/script>\n<!-- \/ Yoast SEO plugin. -->","jetpack_sharing_enabled":true,"_links":{"self":[{"href":"https:\/\/www.oidossucios.com\/site\/wp-json\/wp\/v2\/posts\/6186","targetHints":{"allow":["GET"]}}],"collection":[{"href":"https:\/\/www.oidossucios.com\/site\/wp-json\/wp\/v2\/posts"}],"about":[{"href":"https:\/\/www.oidossucios.com\/site\/wp-json\/wp\/v2\/types\/post"}],"author":[{"embeddable":true,"href":"https:\/\/www.oidossucios.com\/site\/wp-json\/wp\/v2\/users\/4"}],"replies":[{"embeddable":true,"href":"https:\/\/www.oidossucios.com\/site\/wp-json\/wp\/v2\/comments?post=6186"}],"version-history":[{"count":0,"href":"https:\/\/www.oidossucios.com\/site\/wp-json\/wp\/v2\/posts\/6186\/revisions"}],"wp:featuredmedia":[{"embeddable":true,"href":"https:\/\/www.oidossucios.com\/site\/wp-json\/wp\/v2\/media\/100006186"}],"wp:attachment":[{"href":"https:\/\/www.oidossucios.com\/site\/wp-json\/wp\/v2\/media?parent=6186"}],"wp:term":[{"taxonomy":"category","embeddable":true,"href":"https:\/\/www.oidossucios.com\/site\/wp-json\/wp\/v2\/categories?post=6186"},{"taxonomy":"post_tag","embeddable":true,"href":"https:\/\/www.oidossucios.com\/site\/wp-json\/wp\/v2\/tags?post=6186"}],"curies":[{"name":"wp","href":"https:\/\/api.w.org\/{rel}","templated":true}]}}