{"id":6191,"date":"2012-10-08T17:00:00","date_gmt":"2012-10-08T17:00:00","guid":{"rendered":"https:\/\/www.oidossucios.com\/site\/2012\/10\/08\/jimmy-page-no-creo-que-haya-una-reunion-de-led-zeppelin\/"},"modified":"2012-10-08T17:00:00","modified_gmt":"2012-10-08T17:00:00","slug":"jimmy-page-no-creo-que-haya-una-reunion-de-led-zeppelin","status":"publish","type":"post","link":"https:\/\/www.oidossucios.com\/site\/jimmy-page-no-creo-que-haya-una-reunion-de-led-zeppelin\/","title":{"rendered":"Jimmy Page: &#8220;No creo que haya una reuni\u00f3n de Led Zeppelin&#8221;"},"content":{"rendered":"<p><![endif]-->Led Zeppelin&nbsp;estrena el 17 de octubre&nbsp;<i>Celebration Day<\/i>, pel\u00edcula que recoge el concierto que la banda ofreci\u00f3 en 2007 en el O2 Arena de Londres. Ese d\u00eda los tres miembros supervivientes del grupo dieron su primer concierto juntos en m\u00e1s de dos d\u00e9cadas. Una reuni\u00f3n que, por desgracia para sus seguidores, parece que no se volver\u00e1 a repetir.<\/p>\n<p>En declaraciones a la revista&nbsp;Rolling Stone, el guitarrista&nbsp;Jimmy Page&nbsp;ha asegurado que ve muy lejos un posible regreso de la banda.&nbsp;&#8220;Creo que si hubiera m\u00e1s conciertos ya habr\u00edamos hablado de ello. As\u00ed que no lo veo&#8221;. Con estas palabras el m\u00fasico ha querido acallar cualquier rumor, confirmando que el concierto de 2007 ser\u00e1 con toda probabilidad el \u00faltimo en la historia de&nbsp;Led Zeppelin.<i><\/p>\n<p>Celebration Day<\/i>&nbsp;tambi\u00e9n estar\u00e1 disponible en DVD y Blu-ray el 19 de Noviembre.<\/p>\n<p>Tracklist: <\/p>\n<p>Good Times Bad Times<br \/>Ramble On<br \/>Black Dog<br \/>In My Time Of Dying<br \/>For Your Life<br \/>Trampled Under Foot <br \/>Nobody\u00b4s Fault But Mine<br \/>No Quarter<br \/>Since I\u00b4ve Been Loving You<br \/>Dazed And Confused<br \/>Stairway To Heaven<br \/>The Song Remains The Same<br \/>Misty Mountain Hop<br \/>Kashmir<br \/>Whole Lotta Love<br \/>Rock And Roll<!--[if gte mso 10]> <\/style>\n\n <![endif]--><\/p>\n","protected":false},"excerpt":{"rendered":"<p>El guitarrista descarta cualquier posibilidad de que la m\u00edtica banda vuelva a tocar.<\/p>\n","protected":false},"author":4,"featured_media":100006191,"comment_status":"open","ping_status":"open","sticky":false,"template":"","format":"standard","meta":{"_jetpack_memberships_contains_paid_content":false,"footnotes":""},"categories":[250],"tags":[],"class_list":["post-6191","post","type-post","status-publish","format-standard","has-post-thumbnail","hentry","category-noticias"],"jetpack_featured_media_url":"https:\/\/www.oidossucios.com\/site\/wp-content\/uploads\/2012\/10\/6191.jpg","yoast_head":"<!-- This site is optimized with the Yoast SEO plugin v14.0.4 - https:\/\/yoast.com\/wordpress\/plugins\/seo\/ -->\n<title>Jimmy Page: &quot;No creo que haya una reuni\u00f3n de Led Zeppelin&quot; - OidosSucios.Com<\/title>\n<meta name=\"description\" content=\"El guitarrista descarta cualquier posibilidad de que la m\u00edtica banda vuelva a tocar.\" \/>\n<meta name=\"robots\" content=\"index, follow\" \/>\n<meta name=\"googlebot\" content=\"index, follow, max-snippet:-1, max-image-preview:large, max-video-preview:-1\" \/>\n<meta name=\"bingbot\" content=\"index, follow, max-snippet:-1, max-image-preview:large, max-video-preview:-1\" \/>\n<link rel=\"canonical\" href=\"https:\/\/www.oidossucios.com\/site\/jimmy-page-no-creo-que-haya-una-reunion-de-led-zeppelin\/\" \/>\n<meta property=\"og:locale\" content=\"es_ES\" \/>\n<meta property=\"og:type\" content=\"article\" \/>\n<meta property=\"og:title\" content=\"Jimmy Page: &quot;No creo que haya una reuni\u00f3n de Led Zeppelin&quot; - OidosSucios.Com\" \/>\n<meta property=\"og:description\" content=\"El guitarrista descarta cualquier posibilidad de que la m\u00edtica banda vuelva a tocar.\" \/>\n<meta property=\"og:url\" content=\"https:\/\/www.oidossucios.com\/site\/jimmy-page-no-creo-que-haya-una-reunion-de-led-zeppelin\/\" \/>\n<meta property=\"og:site_name\" content=\"OidosSucios.Com\" \/>\n<meta property=\"article:published_time\" content=\"2012-10-08T17:00:00+00:00\" \/>\n<meta property=\"og:image\" content=\"https:\/\/www.oidossucios.com\/site\/wp-content\/uploads\/2012\/10\/6191.jpg\" \/>\n\t<meta property=\"og:image:width\" content=\"350\" \/>\n\t<meta property=\"og:image:height\" content=\"300\" \/>\n<meta name=\"twitter:card\" content=\"summary_large_image\" \/>\n<meta name=\"twitter:creator\" content=\"@oidossucios\" \/>\n<script type=\"application\/ld+json\" class=\"yoast-schema-graph\">{\"@context\":\"https:\/\/schema.org\",\"@graph\":[{\"@type\":\"WebSite\",\"@id\":\"https:\/\/www.oidossucios.com\/site\/#website\",\"url\":\"https:\/\/www.oidossucios.com\/site\/\",\"name\":\"OidosSucios.Com\",\"description\":\"M\\u00fasica, conciertos, discos\",\"potentialAction\":[{\"@type\":\"SearchAction\",\"target\":\"https:\/\/www.oidossucios.com\/site\/?s={search_term_string}\",\"query-input\":\"required name=search_term_string\"}],\"inLanguage\":\"es\"},{\"@type\":\"ImageObject\",\"@id\":\"https:\/\/www.oidossucios.com\/site\/jimmy-page-no-creo-que-haya-una-reunion-de-led-zeppelin\/#primaryimage\",\"inLanguage\":\"es\",\"url\":\"https:\/\/www.oidossucios.com\/site\/wp-content\/uploads\/2012\/10\/6191.jpg\",\"width\":350,\"height\":300},{\"@type\":\"WebPage\",\"@id\":\"https:\/\/www.oidossucios.com\/site\/jimmy-page-no-creo-que-haya-una-reunion-de-led-zeppelin\/#webpage\",\"url\":\"https:\/\/www.oidossucios.com\/site\/jimmy-page-no-creo-que-haya-una-reunion-de-led-zeppelin\/\",\"name\":\"Jimmy Page: \\\"No creo que haya una reuni\\u00f3n de Led Zeppelin\\\" - OidosSucios.Com\",\"isPartOf\":{\"@id\":\"https:\/\/www.oidossucios.com\/site\/#website\"},\"primaryImageOfPage\":{\"@id\":\"https:\/\/www.oidossucios.com\/site\/jimmy-page-no-creo-que-haya-una-reunion-de-led-zeppelin\/#primaryimage\"},\"datePublished\":\"2012-10-08T17:00:00+00:00\",\"dateModified\":\"2012-10-08T17:00:00+00:00\",\"author\":{\"@id\":\"https:\/\/www.oidossucios.com\/site\/#\/schema\/person\/24559eeb76bf83a63296fb072393a688\"},\"description\":\"El guitarrista descarta cualquier posibilidad de que la m\\u00edtica banda vuelva a tocar.\",\"inLanguage\":\"es\",\"potentialAction\":[{\"@type\":\"ReadAction\",\"target\":[\"https:\/\/www.oidossucios.com\/site\/jimmy-page-no-creo-que-haya-una-reunion-de-led-zeppelin\/\"]}]},{\"@type\":[\"Person\"],\"@id\":\"https:\/\/www.oidossucios.com\/site\/#\/schema\/person\/24559eeb76bf83a63296fb072393a688\",\"name\":\"Oidossucios\",\"image\":{\"@type\":\"ImageObject\",\"@id\":\"https:\/\/www.oidossucios.com\/site\/#personlogo\",\"inLanguage\":\"es\",\"url\":\"https:\/\/secure.gravatar.com\/avatar\/74fcb480f42f1a33e50a0b6e6369a3f907be2e43dc84fa5f76c66e9c22b4a5ab?s=96&d=mm&r=g\",\"caption\":\"Oidossucios\"},\"sameAs\":[\"https:\/\/twitter.com\/oidossucios\"]}]}<\/script>\n<!-- \/ Yoast SEO plugin. -->","jetpack_sharing_enabled":true,"_links":{"self":[{"href":"https:\/\/www.oidossucios.com\/site\/wp-json\/wp\/v2\/posts\/6191","targetHints":{"allow":["GET"]}}],"collection":[{"href":"https:\/\/www.oidossucios.com\/site\/wp-json\/wp\/v2\/posts"}],"about":[{"href":"https:\/\/www.oidossucios.com\/site\/wp-json\/wp\/v2\/types\/post"}],"author":[{"embeddable":true,"href":"https:\/\/www.oidossucios.com\/site\/wp-json\/wp\/v2\/users\/4"}],"replies":[{"embeddable":true,"href":"https:\/\/www.oidossucios.com\/site\/wp-json\/wp\/v2\/comments?post=6191"}],"version-history":[{"count":0,"href":"https:\/\/www.oidossucios.com\/site\/wp-json\/wp\/v2\/posts\/6191\/revisions"}],"wp:featuredmedia":[{"embeddable":true,"href":"https:\/\/www.oidossucios.com\/site\/wp-json\/wp\/v2\/media\/100006191"}],"wp:attachment":[{"href":"https:\/\/www.oidossucios.com\/site\/wp-json\/wp\/v2\/media?parent=6191"}],"wp:term":[{"taxonomy":"category","embeddable":true,"href":"https:\/\/www.oidossucios.com\/site\/wp-json\/wp\/v2\/categories?post=6191"},{"taxonomy":"post_tag","embeddable":true,"href":"https:\/\/www.oidossucios.com\/site\/wp-json\/wp\/v2\/tags?post=6191"}],"curies":[{"name":"wp","href":"https:\/\/api.w.org\/{rel}","templated":true}]}}