{"id":6193,"date":"2012-10-08T17:34:00","date_gmt":"2012-10-08T17:34:00","guid":{"rendered":"https:\/\/www.oidossucios.com\/site\/2012\/10\/08\/morrisey-harto-de-los-rumores-sobre-la-reunion-de-the-smiths\/"},"modified":"2012-10-08T17:34:00","modified_gmt":"2012-10-08T17:34:00","slug":"morrisey-harto-de-los-rumores-sobre-la-reunion-de-the-smiths","status":"publish","type":"post","link":"https:\/\/www.oidossucios.com\/site\/morrisey-harto-de-los-rumores-sobre-la-reunion-de-the-smiths\/","title":{"rendered":"Morrisey harto de los rumores sobre la reuni\u00f3n de The Smiths"},"content":{"rendered":"<p>Morrisey ha declarado que su carrera como solista es m\u00e1s significatva para su audiencia que sus a\u00f1os con The Smiths, y dice estar harto de las constantes especulaciones sobre la reuni\u00f3n de la banda.<\/p>\n<p>&#8220;Los a\u00f1os como solista han sido mucho m\u00e1s significativos para la audiencia que los a\u00f1os con The Smiths, pero los medios en Inglaterra s\u00f3lo escriben sobre la relaci\u00f3n con la banda. Es agotador,&#8221; dijo a Billboard.<\/p>\n<p>&#8220;Me gustar\u00eda que los medios se enfocaran en mis \u00e1lbumes y tours recientes, pero no lo har\u00e1n. He abarrotado lugares enormes en cinco continentes s\u00f3lo en este a\u00f1o. Sin embargo a la presa s\u00f3lo le interesan los rumores sobre una posible reuni\u00f3n. Es frustrante.&#8221;<\/p>\n<p>Por su parte, el ex guitarrista de The Smiths, Johnny Mar, tambi\u00e9n neg\u00f3 una posible reuni\u00f3n en 2013.<\/p>\n<p>Fuente: www.rollingstone.com.mx<![endif]--><!--[if gte mso 10]> <\/style>\n\n <![endif]--><\/p>\n","protected":false},"excerpt":{"rendered":"<p>Morrisey ha declarado que su carrera como solista es m\u00e1s significatva para su audiencia que sus a\u00f1os con The Smiths, y dice estar harto de las constantes especulaciones sobre la reuni\u00f3n de la banda. &#8220;Los a\u00f1os como solista han sido mucho m\u00e1s significativos para la audiencia que los a\u00f1os con The Smiths, pero los medios [&hellip;]<\/p>\n","protected":false},"author":4,"featured_media":100006193,"comment_status":"open","ping_status":"open","sticky":false,"template":"","format":"standard","meta":{"_jetpack_memberships_contains_paid_content":false,"footnotes":""},"categories":[142],"tags":[],"class_list":["post-6193","post","type-post","status-publish","format-standard","has-post-thumbnail","hentry","category-buzznews"],"jetpack_featured_media_url":"https:\/\/www.oidossucios.com\/site\/wp-content\/uploads\/2012\/10\/6193.jpg","yoast_head":"<!-- This site is optimized with the Yoast SEO plugin v14.0.4 - https:\/\/yoast.com\/wordpress\/plugins\/seo\/ -->\n<title>Morrisey harto de los rumores sobre la reuni\u00f3n de The Smiths - OidosSucios.Com<\/title>\n<meta name=\"robots\" content=\"index, follow\" \/>\n<meta name=\"googlebot\" content=\"index, follow, max-snippet:-1, max-image-preview:large, max-video-preview:-1\" \/>\n<meta name=\"bingbot\" content=\"index, follow, max-snippet:-1, max-image-preview:large, max-video-preview:-1\" \/>\n<link rel=\"canonical\" href=\"https:\/\/www.oidossucios.com\/site\/morrisey-harto-de-los-rumores-sobre-la-reunion-de-the-smiths\/\" \/>\n<meta property=\"og:locale\" content=\"es_ES\" \/>\n<meta property=\"og:type\" content=\"article\" \/>\n<meta property=\"og:title\" content=\"Morrisey harto de los rumores sobre la reuni\u00f3n de The Smiths - OidosSucios.Com\" \/>\n<meta property=\"og:description\" content=\"Morrisey ha declarado que su carrera como solista es m\u00e1s significatva para su audiencia que sus a\u00f1os con The Smiths, y dice estar harto de las constantes especulaciones sobre la reuni\u00f3n de la banda. &#8220;Los a\u00f1os como solista han sido mucho m\u00e1s significativos para la audiencia que los a\u00f1os con The Smiths, pero los medios [&hellip;]\" \/>\n<meta property=\"og:url\" content=\"https:\/\/www.oidossucios.com\/site\/morrisey-harto-de-los-rumores-sobre-la-reunion-de-the-smiths\/\" \/>\n<meta property=\"og:site_name\" content=\"OidosSucios.Com\" \/>\n<meta property=\"article:published_time\" content=\"2012-10-08T17:34:00+00:00\" \/>\n<meta property=\"og:image\" content=\"https:\/\/www.oidossucios.com\/site\/wp-content\/uploads\/2012\/10\/6193.jpg\" \/>\n\t<meta property=\"og:image:width\" content=\"350\" \/>\n\t<meta property=\"og:image:height\" content=\"300\" \/>\n<meta name=\"twitter:card\" content=\"summary_large_image\" \/>\n<meta name=\"twitter:creator\" content=\"@oidossucios\" \/>\n<script type=\"application\/ld+json\" class=\"yoast-schema-graph\">{\"@context\":\"https:\/\/schema.org\",\"@graph\":[{\"@type\":\"WebSite\",\"@id\":\"https:\/\/www.oidossucios.com\/site\/#website\",\"url\":\"https:\/\/www.oidossucios.com\/site\/\",\"name\":\"OidosSucios.Com\",\"description\":\"M\\u00fasica, conciertos, discos\",\"potentialAction\":[{\"@type\":\"SearchAction\",\"target\":\"https:\/\/www.oidossucios.com\/site\/?s={search_term_string}\",\"query-input\":\"required name=search_term_string\"}],\"inLanguage\":\"es\"},{\"@type\":\"ImageObject\",\"@id\":\"https:\/\/www.oidossucios.com\/site\/morrisey-harto-de-los-rumores-sobre-la-reunion-de-the-smiths\/#primaryimage\",\"inLanguage\":\"es\",\"url\":\"https:\/\/www.oidossucios.com\/site\/wp-content\/uploads\/2012\/10\/6193.jpg\",\"width\":350,\"height\":300},{\"@type\":\"WebPage\",\"@id\":\"https:\/\/www.oidossucios.com\/site\/morrisey-harto-de-los-rumores-sobre-la-reunion-de-the-smiths\/#webpage\",\"url\":\"https:\/\/www.oidossucios.com\/site\/morrisey-harto-de-los-rumores-sobre-la-reunion-de-the-smiths\/\",\"name\":\"Morrisey harto de los rumores sobre la reuni\\u00f3n de The Smiths - OidosSucios.Com\",\"isPartOf\":{\"@id\":\"https:\/\/www.oidossucios.com\/site\/#website\"},\"primaryImageOfPage\":{\"@id\":\"https:\/\/www.oidossucios.com\/site\/morrisey-harto-de-los-rumores-sobre-la-reunion-de-the-smiths\/#primaryimage\"},\"datePublished\":\"2012-10-08T17:34:00+00:00\",\"dateModified\":\"2012-10-08T17:34:00+00:00\",\"author\":{\"@id\":\"https:\/\/www.oidossucios.com\/site\/#\/schema\/person\/24559eeb76bf83a63296fb072393a688\"},\"inLanguage\":\"es\",\"potentialAction\":[{\"@type\":\"ReadAction\",\"target\":[\"https:\/\/www.oidossucios.com\/site\/morrisey-harto-de-los-rumores-sobre-la-reunion-de-the-smiths\/\"]}]},{\"@type\":[\"Person\"],\"@id\":\"https:\/\/www.oidossucios.com\/site\/#\/schema\/person\/24559eeb76bf83a63296fb072393a688\",\"name\":\"Oidossucios\",\"image\":{\"@type\":\"ImageObject\",\"@id\":\"https:\/\/www.oidossucios.com\/site\/#personlogo\",\"inLanguage\":\"es\",\"url\":\"https:\/\/secure.gravatar.com\/avatar\/74fcb480f42f1a33e50a0b6e6369a3f907be2e43dc84fa5f76c66e9c22b4a5ab?s=96&d=mm&r=g\",\"caption\":\"Oidossucios\"},\"sameAs\":[\"https:\/\/twitter.com\/oidossucios\"]}]}<\/script>\n<!-- \/ Yoast SEO plugin. -->","jetpack_sharing_enabled":true,"_links":{"self":[{"href":"https:\/\/www.oidossucios.com\/site\/wp-json\/wp\/v2\/posts\/6193","targetHints":{"allow":["GET"]}}],"collection":[{"href":"https:\/\/www.oidossucios.com\/site\/wp-json\/wp\/v2\/posts"}],"about":[{"href":"https:\/\/www.oidossucios.com\/site\/wp-json\/wp\/v2\/types\/post"}],"author":[{"embeddable":true,"href":"https:\/\/www.oidossucios.com\/site\/wp-json\/wp\/v2\/users\/4"}],"replies":[{"embeddable":true,"href":"https:\/\/www.oidossucios.com\/site\/wp-json\/wp\/v2\/comments?post=6193"}],"version-history":[{"count":0,"href":"https:\/\/www.oidossucios.com\/site\/wp-json\/wp\/v2\/posts\/6193\/revisions"}],"wp:featuredmedia":[{"embeddable":true,"href":"https:\/\/www.oidossucios.com\/site\/wp-json\/wp\/v2\/media\/100006193"}],"wp:attachment":[{"href":"https:\/\/www.oidossucios.com\/site\/wp-json\/wp\/v2\/media?parent=6193"}],"wp:term":[{"taxonomy":"category","embeddable":true,"href":"https:\/\/www.oidossucios.com\/site\/wp-json\/wp\/v2\/categories?post=6193"},{"taxonomy":"post_tag","embeddable":true,"href":"https:\/\/www.oidossucios.com\/site\/wp-json\/wp\/v2\/tags?post=6193"}],"curies":[{"name":"wp","href":"https:\/\/api.w.org\/{rel}","templated":true}]}}