{"id":6203,"date":"2012-10-09T18:24:00","date_gmt":"2012-10-09T18:24:00","guid":{"rendered":"https:\/\/www.oidossucios.com\/site\/2012\/10\/09\/confirmado-los-rolling-stones-vuelven-a-los-escenarios\/"},"modified":"2012-10-09T18:24:00","modified_gmt":"2012-10-09T18:24:00","slug":"confirmado-los-rolling-stones-vuelven-a-los-escenarios","status":"publish","type":"post","link":"https:\/\/www.oidossucios.com\/site\/confirmado-los-rolling-stones-vuelven-a-los-escenarios\/","title":{"rendered":"Confirmado: Los Rolling Stones vuelven a los escenarios"},"content":{"rendered":"<p><![endif]-->Para alegr\u00eda de sus seguidores en todo el mundo, el m\u00edtico grupo&nbsp;The Rolling Stones&nbsp;est\u00e1 cada vez m\u00e1s cerca de volver a montarse a tocar en tarima. El guitarrista&nbsp;Keith Richards&nbsp;confirm\u00f3 que&nbsp;el cuarteto tendr\u00e1 muy pronto varias presentaciones.<\/p>\n<p>&#8220;Tenemos algunos conciertos en Londres, creo; y en Nueva York,&nbsp;pero no puedo hablar de nada de eso en este momento. Me han puesto una mordaza sobre esto.&nbsp;\u00a1Ustedes lo pueden insinuar!&#8221;, revel\u00f3 Richards a la&nbsp;revista Q.<\/p>\n<p>Adem\u00e1s, Richards habl\u00f3 sobre los ensayos que han tenido: &#8220;Todo se basa en los instintos, especialmente una vez que empezamos a trabajar regularmente, todos juntos. Porque eso pone todos los bits y piezas juntas, lo que se disipa cuando no estas trabajando y tocando con los chicos, obviamente.&#8221;<\/p>\n<p>Recordemos que desde el a\u00f1o pasado se especul\u00f3 sobre una gira de&nbsp;Mick Jagger, Keith Richards, Ronnie Wood y Charlie Watts, coincidiendo con los 50 a\u00f1os del grupo, pero se posterg\u00f3 para 2013.<\/p>\n<p>Sin embargo, el 19 de agosto pasado, The Rolling Stones se reunieron en el estudio Guillaume Tell de Par\u00eds y grabaron dos temas nuevos &#8220;Gloom And Doom&#8221; y &#8220;One Last Shot&#8221;, incluidos en su nuevo disco recopilatorio <i>GRRR! <\/i>y ahora el guitarrista, confirma esta vuelta a los escenarios.<\/p>\n<p>Con esta informaci\u00f3n no faltar\u00e1 mucho para que se revelen las primeras fechas en vivo de The Rolling Stones.<!--[if gte mso 10]> <\/style>\n\n <![endif]--><\/p>\n","protected":false},"excerpt":{"rendered":"<p>El guitarrista de la m\u00edtica banda, Keith Richards, confirm\u00f3 que la banda muy pronto volver\u00e1 a tocar en vivo.<\/p>\n","protected":false},"author":4,"featured_media":100006203,"comment_status":"open","ping_status":"open","sticky":false,"template":"","format":"standard","meta":{"_jetpack_memberships_contains_paid_content":false,"footnotes":""},"categories":[250],"tags":[],"class_list":["post-6203","post","type-post","status-publish","format-standard","has-post-thumbnail","hentry","category-noticias"],"jetpack_featured_media_url":"https:\/\/www.oidossucios.com\/site\/wp-content\/uploads\/2012\/10\/6203.jpg","yoast_head":"<!-- This site is optimized with the Yoast SEO plugin v14.0.4 - https:\/\/yoast.com\/wordpress\/plugins\/seo\/ -->\n<title>Confirmado: Los Rolling Stones vuelven a los escenarios - OidosSucios.Com<\/title>\n<meta name=\"description\" content=\"El guitarrista de la m\u00edtica banda, Keith Richards, confirm\u00f3 que la banda muy pronto volver\u00e1 a tocar en vivo.\" \/>\n<meta name=\"robots\" content=\"index, follow\" \/>\n<meta name=\"googlebot\" content=\"index, follow, max-snippet:-1, max-image-preview:large, max-video-preview:-1\" \/>\n<meta name=\"bingbot\" content=\"index, follow, max-snippet:-1, max-image-preview:large, max-video-preview:-1\" \/>\n<link rel=\"canonical\" href=\"https:\/\/www.oidossucios.com\/site\/confirmado-los-rolling-stones-vuelven-a-los-escenarios\/\" \/>\n<meta property=\"og:locale\" content=\"es_ES\" \/>\n<meta property=\"og:type\" content=\"article\" \/>\n<meta property=\"og:title\" content=\"Confirmado: Los Rolling Stones vuelven a los escenarios - OidosSucios.Com\" \/>\n<meta property=\"og:description\" content=\"El guitarrista de la m\u00edtica banda, Keith Richards, confirm\u00f3 que la banda muy pronto volver\u00e1 a tocar en vivo.\" \/>\n<meta property=\"og:url\" content=\"https:\/\/www.oidossucios.com\/site\/confirmado-los-rolling-stones-vuelven-a-los-escenarios\/\" \/>\n<meta property=\"og:site_name\" content=\"OidosSucios.Com\" \/>\n<meta property=\"article:published_time\" content=\"2012-10-09T18:24:00+00:00\" \/>\n<meta property=\"og:image\" content=\"https:\/\/www.oidossucios.com\/site\/wp-content\/uploads\/2012\/10\/6203.jpg\" \/>\n\t<meta property=\"og:image:width\" content=\"350\" \/>\n\t<meta property=\"og:image:height\" content=\"300\" \/>\n<meta name=\"twitter:card\" content=\"summary_large_image\" \/>\n<meta name=\"twitter:creator\" content=\"@oidossucios\" \/>\n<script type=\"application\/ld+json\" class=\"yoast-schema-graph\">{\"@context\":\"https:\/\/schema.org\",\"@graph\":[{\"@type\":\"WebSite\",\"@id\":\"https:\/\/www.oidossucios.com\/site\/#website\",\"url\":\"https:\/\/www.oidossucios.com\/site\/\",\"name\":\"OidosSucios.Com\",\"description\":\"M\\u00fasica, conciertos, discos\",\"potentialAction\":[{\"@type\":\"SearchAction\",\"target\":\"https:\/\/www.oidossucios.com\/site\/?s={search_term_string}\",\"query-input\":\"required name=search_term_string\"}],\"inLanguage\":\"es\"},{\"@type\":\"ImageObject\",\"@id\":\"https:\/\/www.oidossucios.com\/site\/confirmado-los-rolling-stones-vuelven-a-los-escenarios\/#primaryimage\",\"inLanguage\":\"es\",\"url\":\"https:\/\/www.oidossucios.com\/site\/wp-content\/uploads\/2012\/10\/6203.jpg\",\"width\":350,\"height\":300},{\"@type\":\"WebPage\",\"@id\":\"https:\/\/www.oidossucios.com\/site\/confirmado-los-rolling-stones-vuelven-a-los-escenarios\/#webpage\",\"url\":\"https:\/\/www.oidossucios.com\/site\/confirmado-los-rolling-stones-vuelven-a-los-escenarios\/\",\"name\":\"Confirmado: Los Rolling Stones vuelven a los escenarios - OidosSucios.Com\",\"isPartOf\":{\"@id\":\"https:\/\/www.oidossucios.com\/site\/#website\"},\"primaryImageOfPage\":{\"@id\":\"https:\/\/www.oidossucios.com\/site\/confirmado-los-rolling-stones-vuelven-a-los-escenarios\/#primaryimage\"},\"datePublished\":\"2012-10-09T18:24:00+00:00\",\"dateModified\":\"2012-10-09T18:24:00+00:00\",\"author\":{\"@id\":\"https:\/\/www.oidossucios.com\/site\/#\/schema\/person\/24559eeb76bf83a63296fb072393a688\"},\"description\":\"El guitarrista de la m\\u00edtica banda, Keith Richards, confirm\\u00f3 que la banda muy pronto volver\\u00e1 a tocar en vivo.\",\"inLanguage\":\"es\",\"potentialAction\":[{\"@type\":\"ReadAction\",\"target\":[\"https:\/\/www.oidossucios.com\/site\/confirmado-los-rolling-stones-vuelven-a-los-escenarios\/\"]}]},{\"@type\":[\"Person\"],\"@id\":\"https:\/\/www.oidossucios.com\/site\/#\/schema\/person\/24559eeb76bf83a63296fb072393a688\",\"name\":\"Oidossucios\",\"image\":{\"@type\":\"ImageObject\",\"@id\":\"https:\/\/www.oidossucios.com\/site\/#personlogo\",\"inLanguage\":\"es\",\"url\":\"https:\/\/secure.gravatar.com\/avatar\/74fcb480f42f1a33e50a0b6e6369a3f907be2e43dc84fa5f76c66e9c22b4a5ab?s=96&d=mm&r=g\",\"caption\":\"Oidossucios\"},\"sameAs\":[\"https:\/\/twitter.com\/oidossucios\"]}]}<\/script>\n<!-- \/ Yoast SEO plugin. -->","jetpack_sharing_enabled":true,"_links":{"self":[{"href":"https:\/\/www.oidossucios.com\/site\/wp-json\/wp\/v2\/posts\/6203","targetHints":{"allow":["GET"]}}],"collection":[{"href":"https:\/\/www.oidossucios.com\/site\/wp-json\/wp\/v2\/posts"}],"about":[{"href":"https:\/\/www.oidossucios.com\/site\/wp-json\/wp\/v2\/types\/post"}],"author":[{"embeddable":true,"href":"https:\/\/www.oidossucios.com\/site\/wp-json\/wp\/v2\/users\/4"}],"replies":[{"embeddable":true,"href":"https:\/\/www.oidossucios.com\/site\/wp-json\/wp\/v2\/comments?post=6203"}],"version-history":[{"count":0,"href":"https:\/\/www.oidossucios.com\/site\/wp-json\/wp\/v2\/posts\/6203\/revisions"}],"wp:featuredmedia":[{"embeddable":true,"href":"https:\/\/www.oidossucios.com\/site\/wp-json\/wp\/v2\/media\/100006203"}],"wp:attachment":[{"href":"https:\/\/www.oidossucios.com\/site\/wp-json\/wp\/v2\/media?parent=6203"}],"wp:term":[{"taxonomy":"category","embeddable":true,"href":"https:\/\/www.oidossucios.com\/site\/wp-json\/wp\/v2\/categories?post=6203"},{"taxonomy":"post_tag","embeddable":true,"href":"https:\/\/www.oidossucios.com\/site\/wp-json\/wp\/v2\/tags?post=6203"}],"curies":[{"name":"wp","href":"https:\/\/api.w.org\/{rel}","templated":true}]}}