{"id":6219,"date":"2012-10-11T15:44:00","date_gmt":"2012-10-11T15:44:00","guid":{"rendered":"https:\/\/www.oidossucios.com\/site\/2012\/10\/11\/rage-against-the-machine-anuncia-el-relanzamiento-en-edicion-especial-de-su-disco-debut\/"},"modified":"2012-10-11T15:44:00","modified_gmt":"2012-10-11T15:44:00","slug":"rage-against-the-machine-anuncia-el-relanzamiento-en-edicion-especial-de-su-disco-debut","status":"publish","type":"post","link":"https:\/\/www.oidossucios.com\/site\/rage-against-the-machine-anuncia-el-relanzamiento-en-edicion-especial-de-su-disco-debut\/","title":{"rendered":"Rage Against The Machine anuncia el relanzamiento en edici\u00f3n especial de su disco debut"},"content":{"rendered":"<p><![endif]-->La banda liderada por el carism\u00e1tico Zack de la Rocha, Rage Against The Machine, celebrar\u00e1 el aniversario n\u00famero 20 de la salida de su \u00e1lbum debut, hom\u00f3nimo, con relanzamientos especiales, este 27 de noviembre.<\/p>\n<p>Este relanzamiento se titular\u00e1 <i>Rage Against The Machine XX<\/i> e incluir\u00e1 una copia remasterizada del disco original junto a tres lados B de aquella \u00e9poca, y ser\u00e1 lanzado como un disco individual, una edici\u00f3n especial de dos discos, un set de DVDs, y una caja de lujo con dos CDs, dos DVDs, un vinilo, booklet de 40 p\u00e1ginas a manera de introducci\u00f3n escrito por Chuck D de Public Enemy, y m\u00e1s.<\/p>\n<p>Tanto la edici\u00f3n especial como la caja de lujo incluir\u00e1n la grabaci\u00f3n demo de la banda, la cual fue grabada en 1991 y vendida \u00fanicamente en cassette en los primeros shows de RATM a 5 d\u00f3lares, adem\u00e1s de un DVD con im\u00e1genes de &nbsp;conciertos, videos tanto en vivo como musicales, algunos de ellos in\u00e9ditos hasta ahora.<\/p>\n<p>La caja contendr\u00e1 tambi\u00e9n un DVD con presentaciones ocurridas de 1991 a 1994 y l\u00edneas escritas especialmente por el 20 aniversario del disco.<\/p>\n<p>Ac\u00e1 el contenido completo de <i>Rage Against The Machine XX:<\/i><b><\/p>\n<p>CD 1<\/b><br \/>01. Bombtrack<br \/>02. Killing In The Name<br \/>03. Take The Power Back<br \/>04. Settle For Nothing<br \/>05. Bullet In The Head<br \/>06. Know Your Enemy<br \/>07. Wake Up<br \/>08. Fistful Of Steel<br \/>09. Township Rebellion<br \/>10. Freedom<b><br \/>Bonus Tracks (b-sides)<\/b><br \/>11. Bombtrack (live, taken from Bombtrack single)<br \/>12 Bullet in the Head (live, taken from Bullet in the Head single)<br \/>13. Take The Power Back (live, taken from Freedom single)<b><\/p>\n<p>CD 2 \u0096 &#8220;The Original Demos&#8221; \u0096 first official commercial release (except where noted)<\/b><br \/>01. Bombtrack<br \/>02. Take The Power Back<br \/>03. Bullet in the Head<br \/>04. Darkness of Greed (previously released)<br \/>05. Clear the Lane (previously released)<br \/>06. Township Rebellion<br \/>07. Know Your Enemy<br \/>08. Mindset\u00b4s A Threat<br \/>09. Killing In The Name<br \/>10. Auto Logic<br \/>11. The Narrows<br \/>12. Freedom<b><\/p>\n<p>DVD #1<\/b><br \/><i>The Battle of Britain<\/i> \u0096 previously unreleased<br \/>FINSBURY PARK, LONDON ENGLAND (JUNE 6, 2010)<br \/>01. Testify<br \/>02. Bombtrack<br \/>03. People Of The Sun<br \/>04. Know Your Enemy<br \/>05. Bulls On Parade<br \/>06. Township Rebellion<br \/>07. Bullet In The Head<br \/>08. White Riot<br \/>09. Guerrilla Radio<br \/>10. Sleep Now In The Fire<br \/>11. Freedom<br \/>12. Killing In The Name<b><\/p>\n<p><\/b><b>VIDEOS MUSICALES<\/b><br \/>Killing in the Name (1992)<br \/>Bullet in the Head (1993)<br \/>Bombtrack (1993)<br \/>Freedom (1993)<br \/>Bulls on Parade (1996)<br \/>People of the Sun (1996)<br \/>No Shelter (1998)<br \/>Guerrilla Radio (1999)<br \/>Sleep Now in the Fire (2000) \u0096 first official commercial release<br \/>Testify (2000) \u0096 first official commercial release<br \/>Renegades of Funk (2000) \u0096 first official commercial release<br \/>How I Could Just Kill a Man (2000) \u0096 previously unreleased<\/p>\n<p><b>MATERIAL EN VIVO DE 1997 \u0096 por primera vez en DVD<\/b><br \/>The Ghost Of Tom Joad<br \/>Vietnow \u0096 Irvine, CA \u0096 1997<br \/>People Of The Sun<br \/>Bulls On Parade<br \/>Bullet In The Head<br \/>Zapata\u00b4s Blood \u0096 Rock Am Ring Festival, Germany \u0096 1996<br \/>Know Your Enemy<br \/>Bombtrack<br \/>Tire Me \u0096 Reading Festival 1996<br \/>Killing In The Name \u0096 Pink Pop Festival \u0096 1994 <\/p>\n<p><b>DVD #2 \u0096 nunca antes lanzados<\/b><br \/><i>First Public Performance<\/i><br \/>CAL STATE NORTH RIDGE, CA (OCTOBER 23, 1991)<br \/>1. Killing In The Name<br \/>2. Take The Power Back<br \/>3. Autologic<br \/>4. Bullet In The Head<br \/>5. Hit The Deck<br \/>6. Township Rebellion<br \/>7. Darkness Of Greed<br \/>8. Clear The Lane<br \/>9. Clampdown<br \/>10. Know Your Enemy<br \/>11. Freedom<\/p>\n<p>PINK POP 1994 \u0096 Freedom<br \/>VIC THEATRE 1993 \u0096 Take the Power Back<br \/>JC DOBBS 1993 \u0096 Fistful of Steel<br \/>SOUNDSTAGE PERFORMANCE 1992 \u0096 Bombtrack<br \/>Halfway House 1992 \u0096 Wake Up<br \/>Castaic 1992 \u0096 Settle for Nothing<br \/>San Luis Obispo 1992 \u0096 Clear the Lane<br \/>CWNN 1992 \u0096 Untitled<br \/>Zed\u00b4s Records 1992 \u0096 Darkness of Greed<br \/>NOMADS 1992 \u0096 Wake Up&nbsp;<\/p>\n<p><!--[if gte mso 10]> <\/style>\n\n <![endif]--><\/p>\n","protected":false},"excerpt":{"rendered":"<p>La banda liderada por el carism\u00e1tico Zack de la Rocha, Rage Against The Machine, celebrar\u00e1 el aniversario n\u00famero 20 de la salida de su \u00e1lbum debut, hom\u00f3nimo, con relanzamientos especiales, este 27 de noviembre.<\/p>\n","protected":false},"author":4,"featured_media":100006219,"comment_status":"open","ping_status":"open","sticky":false,"template":"","format":"standard","meta":{"_jetpack_memberships_contains_paid_content":false,"footnotes":""},"categories":[250],"tags":[],"class_list":["post-6219","post","type-post","status-publish","format-standard","has-post-thumbnail","hentry","category-noticias"],"jetpack_featured_media_url":"https:\/\/www.oidossucios.com\/site\/wp-content\/uploads\/2012\/10\/6219.jpg","yoast_head":"<!-- This site is optimized with the Yoast SEO plugin v14.0.4 - https:\/\/yoast.com\/wordpress\/plugins\/seo\/ -->\n<title>Rage Against The Machine anuncia el relanzamiento en edici\u00f3n especial de su disco debut - OidosSucios.Com<\/title>\n<meta name=\"description\" content=\"La banda liderada por el carism\u00e1tico Zack de la Rocha, Rage Against The Machine, celebrar\u00e1 el aniversario n\u00famero 20 de la salida de su \u00e1lbum debut, hom\u00f3nimo, con relanzamientos especiales, este 27 de noviembre.\" \/>\n<meta name=\"robots\" content=\"index, follow\" \/>\n<meta name=\"googlebot\" content=\"index, follow, max-snippet:-1, max-image-preview:large, max-video-preview:-1\" \/>\n<meta name=\"bingbot\" content=\"index, follow, max-snippet:-1, max-image-preview:large, max-video-preview:-1\" \/>\n<link rel=\"canonical\" href=\"https:\/\/www.oidossucios.com\/site\/rage-against-the-machine-anuncia-el-relanzamiento-en-edicion-especial-de-su-disco-debut\/\" \/>\n<meta property=\"og:locale\" content=\"es_ES\" \/>\n<meta property=\"og:type\" content=\"article\" \/>\n<meta property=\"og:title\" content=\"Rage Against The Machine anuncia el relanzamiento en edici\u00f3n especial de su disco debut - OidosSucios.Com\" \/>\n<meta property=\"og:description\" content=\"La banda liderada por el carism\u00e1tico Zack de la Rocha, Rage Against The Machine, celebrar\u00e1 el aniversario n\u00famero 20 de la salida de su \u00e1lbum debut, hom\u00f3nimo, con relanzamientos especiales, este 27 de noviembre.\" \/>\n<meta property=\"og:url\" content=\"https:\/\/www.oidossucios.com\/site\/rage-against-the-machine-anuncia-el-relanzamiento-en-edicion-especial-de-su-disco-debut\/\" \/>\n<meta property=\"og:site_name\" content=\"OidosSucios.Com\" \/>\n<meta property=\"article:published_time\" content=\"2012-10-11T15:44:00+00:00\" \/>\n<meta property=\"og:image\" content=\"https:\/\/www.oidossucios.com\/site\/wp-content\/uploads\/2012\/10\/6219.jpg\" \/>\n\t<meta property=\"og:image:width\" content=\"350\" \/>\n\t<meta property=\"og:image:height\" content=\"300\" \/>\n<meta name=\"twitter:card\" content=\"summary_large_image\" \/>\n<meta name=\"twitter:creator\" content=\"@oidossucios\" \/>\n<script type=\"application\/ld+json\" class=\"yoast-schema-graph\">{\"@context\":\"https:\/\/schema.org\",\"@graph\":[{\"@type\":\"WebSite\",\"@id\":\"https:\/\/www.oidossucios.com\/site\/#website\",\"url\":\"https:\/\/www.oidossucios.com\/site\/\",\"name\":\"OidosSucios.Com\",\"description\":\"M\\u00fasica, conciertos, discos\",\"potentialAction\":[{\"@type\":\"SearchAction\",\"target\":\"https:\/\/www.oidossucios.com\/site\/?s={search_term_string}\",\"query-input\":\"required name=search_term_string\"}],\"inLanguage\":\"es\"},{\"@type\":\"ImageObject\",\"@id\":\"https:\/\/www.oidossucios.com\/site\/rage-against-the-machine-anuncia-el-relanzamiento-en-edicion-especial-de-su-disco-debut\/#primaryimage\",\"inLanguage\":\"es\",\"url\":\"https:\/\/www.oidossucios.com\/site\/wp-content\/uploads\/2012\/10\/6219.jpg\",\"width\":350,\"height\":300},{\"@type\":\"WebPage\",\"@id\":\"https:\/\/www.oidossucios.com\/site\/rage-against-the-machine-anuncia-el-relanzamiento-en-edicion-especial-de-su-disco-debut\/#webpage\",\"url\":\"https:\/\/www.oidossucios.com\/site\/rage-against-the-machine-anuncia-el-relanzamiento-en-edicion-especial-de-su-disco-debut\/\",\"name\":\"Rage Against The Machine anuncia el relanzamiento en edici\\u00f3n especial de su disco debut - OidosSucios.Com\",\"isPartOf\":{\"@id\":\"https:\/\/www.oidossucios.com\/site\/#website\"},\"primaryImageOfPage\":{\"@id\":\"https:\/\/www.oidossucios.com\/site\/rage-against-the-machine-anuncia-el-relanzamiento-en-edicion-especial-de-su-disco-debut\/#primaryimage\"},\"datePublished\":\"2012-10-11T15:44:00+00:00\",\"dateModified\":\"2012-10-11T15:44:00+00:00\",\"author\":{\"@id\":\"https:\/\/www.oidossucios.com\/site\/#\/schema\/person\/24559eeb76bf83a63296fb072393a688\"},\"description\":\"La banda liderada por el carism\\u00e1tico Zack de la Rocha, Rage Against The Machine, celebrar\\u00e1 el aniversario n\\u00famero 20 de la salida de su \\u00e1lbum debut, hom\\u00f3nimo, con relanzamientos especiales, este 27 de noviembre.\",\"inLanguage\":\"es\",\"potentialAction\":[{\"@type\":\"ReadAction\",\"target\":[\"https:\/\/www.oidossucios.com\/site\/rage-against-the-machine-anuncia-el-relanzamiento-en-edicion-especial-de-su-disco-debut\/\"]}]},{\"@type\":[\"Person\"],\"@id\":\"https:\/\/www.oidossucios.com\/site\/#\/schema\/person\/24559eeb76bf83a63296fb072393a688\",\"name\":\"Oidossucios\",\"image\":{\"@type\":\"ImageObject\",\"@id\":\"https:\/\/www.oidossucios.com\/site\/#personlogo\",\"inLanguage\":\"es\",\"url\":\"https:\/\/secure.gravatar.com\/avatar\/74fcb480f42f1a33e50a0b6e6369a3f907be2e43dc84fa5f76c66e9c22b4a5ab?s=96&d=mm&r=g\",\"caption\":\"Oidossucios\"},\"sameAs\":[\"https:\/\/twitter.com\/oidossucios\"]}]}<\/script>\n<!-- \/ Yoast SEO plugin. -->","jetpack_sharing_enabled":true,"_links":{"self":[{"href":"https:\/\/www.oidossucios.com\/site\/wp-json\/wp\/v2\/posts\/6219","targetHints":{"allow":["GET"]}}],"collection":[{"href":"https:\/\/www.oidossucios.com\/site\/wp-json\/wp\/v2\/posts"}],"about":[{"href":"https:\/\/www.oidossucios.com\/site\/wp-json\/wp\/v2\/types\/post"}],"author":[{"embeddable":true,"href":"https:\/\/www.oidossucios.com\/site\/wp-json\/wp\/v2\/users\/4"}],"replies":[{"embeddable":true,"href":"https:\/\/www.oidossucios.com\/site\/wp-json\/wp\/v2\/comments?post=6219"}],"version-history":[{"count":0,"href":"https:\/\/www.oidossucios.com\/site\/wp-json\/wp\/v2\/posts\/6219\/revisions"}],"wp:featuredmedia":[{"embeddable":true,"href":"https:\/\/www.oidossucios.com\/site\/wp-json\/wp\/v2\/media\/100006219"}],"wp:attachment":[{"href":"https:\/\/www.oidossucios.com\/site\/wp-json\/wp\/v2\/media?parent=6219"}],"wp:term":[{"taxonomy":"category","embeddable":true,"href":"https:\/\/www.oidossucios.com\/site\/wp-json\/wp\/v2\/categories?post=6219"},{"taxonomy":"post_tag","embeddable":true,"href":"https:\/\/www.oidossucios.com\/site\/wp-json\/wp\/v2\/tags?post=6219"}],"curies":[{"name":"wp","href":"https:\/\/api.w.org\/{rel}","templated":true}]}}