{"id":6222,"date":"2012-10-15T03:37:00","date_gmt":"2012-10-15T03:37:00","guid":{"rendered":"https:\/\/www.oidossucios.com\/site\/2012\/10\/15\/manana-se-estrena-el-documental-una-noche-para-onechot\/"},"modified":"2012-10-15T03:37:00","modified_gmt":"2012-10-15T03:37:00","slug":"manana-se-estrena-el-documental-una-noche-para-onechot","status":"publish","type":"post","link":"https:\/\/www.oidossucios.com\/site\/manana-se-estrena-el-documental-una-noche-para-onechot\/","title":{"rendered":"Ma\u00f1ana se estrena el documental &#8220;Una noche para Onechot&#8221;"},"content":{"rendered":"<p><![endif]-->El pr\u00f3ximo 16 de octubre se estrenar\u00e1 el documental <i>Una noche para Onechot<\/i>, grabado por la empresa Caja Negra Films. La Proyecci\u00f3n ser\u00e1 en el Anfiteatro del Centro Cultural Chacao, a las 6:00pm con entrada libre.<\/p>\n<p>En el pasado mes de mayo se realizaron dos importantes conciertos en pro a la salud del artista Juan David Chac\u00f3n, mejor conocido como Onechot. Este concierto \u0096dividido en dos fechas- fue llamado <i>Una noche para Onechot<\/i>. Artistas y agrupaciones como Caramelos de Cianuro, Viniloversus, Mcklopedia, Desorden P\u00fablico, Circo Vulkano, Lebronch, entre otros, colaboraron en este proyecto-.<\/p>\n<p><i>Una noche para Onechot<\/i> el documental, re\u00fane todo el material de ambas noches donde el talento nacional se hizo presente. Posee entrevistas, comentarios y participaci\u00f3n adicional&nbsp; de todos los artistas involucrados en este evento.<\/p>\n<p><i>Una noche para Onechot<\/i> se estrenar\u00e1 el pr\u00f3ximo martes 16 de octubre en el Anfiteatro del Centro Cultural Chacao. Adem\u00e1s, se har\u00e1 proyecci\u00f3n del video &#8220;Rotten Town&#8221; de Onechot, acompa\u00f1ado por las versiones realizadas por Desorden P\u00fablico, Okills y Baroni.<\/p>\n<p>Para la fecha, despu\u00e9s de un largo proceso de recuperaci\u00f3n, Juan David se encuentra bastante estable con planes de retomar las tarimas. Onechot estar\u00e1 presente en la proyecci\u00f3n pero desconoce el producto final del video, para \u00e9l ser\u00e1 una sorpresa.<br \/>&nbsp;<!--[if gte mso 10]> <\/style>\n\n <![endif]--><\/p>\n","protected":false},"excerpt":{"rendered":"<p>El pr\u00f3ximo 16 de octubre se estrenar\u00e1 el documental Una noche para Onechot, grabado por la empresa Caja Negra Films. La Proyecci\u00f3n ser\u00e1 en el Anfiteatro del Centro Cultural Chacao, a las 6:00pm con entrada libre. En el pasado mes de mayo se realizaron dos importantes conciertos en pro a la salud del artista Juan [&hellip;]<\/p>\n","protected":false},"author":4,"featured_media":100006222,"comment_status":"open","ping_status":"open","sticky":false,"template":"","format":"standard","meta":{"_jetpack_memberships_contains_paid_content":false,"footnotes":""},"categories":[142],"tags":[],"class_list":["post-6222","post","type-post","status-publish","format-standard","has-post-thumbnail","hentry","category-buzznews"],"jetpack_featured_media_url":"https:\/\/www.oidossucios.com\/site\/wp-content\/uploads\/2012\/10\/6222.jpg","yoast_head":"<!-- This site is optimized with the Yoast SEO plugin v14.0.4 - https:\/\/yoast.com\/wordpress\/plugins\/seo\/ -->\n<title>Ma\u00f1ana se estrena el documental &quot;Una noche para Onechot&quot; - OidosSucios.Com<\/title>\n<meta name=\"robots\" content=\"index, follow\" \/>\n<meta name=\"googlebot\" content=\"index, follow, max-snippet:-1, max-image-preview:large, max-video-preview:-1\" \/>\n<meta name=\"bingbot\" content=\"index, follow, max-snippet:-1, max-image-preview:large, max-video-preview:-1\" \/>\n<link rel=\"canonical\" href=\"https:\/\/www.oidossucios.com\/site\/manana-se-estrena-el-documental-una-noche-para-onechot\/\" \/>\n<meta property=\"og:locale\" content=\"es_ES\" \/>\n<meta property=\"og:type\" content=\"article\" \/>\n<meta property=\"og:title\" content=\"Ma\u00f1ana se estrena el documental &quot;Una noche para Onechot&quot; - OidosSucios.Com\" \/>\n<meta property=\"og:description\" content=\"El pr\u00f3ximo 16 de octubre se estrenar\u00e1 el documental Una noche para Onechot, grabado por la empresa Caja Negra Films. La Proyecci\u00f3n ser\u00e1 en el Anfiteatro del Centro Cultural Chacao, a las 6:00pm con entrada libre. En el pasado mes de mayo se realizaron dos importantes conciertos en pro a la salud del artista Juan [&hellip;]\" \/>\n<meta property=\"og:url\" content=\"https:\/\/www.oidossucios.com\/site\/manana-se-estrena-el-documental-una-noche-para-onechot\/\" \/>\n<meta property=\"og:site_name\" content=\"OidosSucios.Com\" \/>\n<meta property=\"article:published_time\" content=\"2012-10-15T03:37:00+00:00\" \/>\n<meta property=\"og:image\" content=\"https:\/\/www.oidossucios.com\/site\/wp-content\/uploads\/2012\/10\/6222.jpg\" \/>\n\t<meta property=\"og:image:width\" content=\"350\" \/>\n\t<meta property=\"og:image:height\" content=\"300\" \/>\n<meta name=\"twitter:card\" content=\"summary_large_image\" \/>\n<meta name=\"twitter:creator\" content=\"@oidossucios\" \/>\n<script type=\"application\/ld+json\" class=\"yoast-schema-graph\">{\"@context\":\"https:\/\/schema.org\",\"@graph\":[{\"@type\":\"WebSite\",\"@id\":\"https:\/\/www.oidossucios.com\/site\/#website\",\"url\":\"https:\/\/www.oidossucios.com\/site\/\",\"name\":\"OidosSucios.Com\",\"description\":\"M\\u00fasica, conciertos, discos\",\"potentialAction\":[{\"@type\":\"SearchAction\",\"target\":\"https:\/\/www.oidossucios.com\/site\/?s={search_term_string}\",\"query-input\":\"required name=search_term_string\"}],\"inLanguage\":\"es\"},{\"@type\":\"ImageObject\",\"@id\":\"https:\/\/www.oidossucios.com\/site\/manana-se-estrena-el-documental-una-noche-para-onechot\/#primaryimage\",\"inLanguage\":\"es\",\"url\":\"https:\/\/www.oidossucios.com\/site\/wp-content\/uploads\/2012\/10\/6222.jpg\",\"width\":350,\"height\":300},{\"@type\":\"WebPage\",\"@id\":\"https:\/\/www.oidossucios.com\/site\/manana-se-estrena-el-documental-una-noche-para-onechot\/#webpage\",\"url\":\"https:\/\/www.oidossucios.com\/site\/manana-se-estrena-el-documental-una-noche-para-onechot\/\",\"name\":\"Ma\\u00f1ana se estrena el documental \\\"Una noche para Onechot\\\" - OidosSucios.Com\",\"isPartOf\":{\"@id\":\"https:\/\/www.oidossucios.com\/site\/#website\"},\"primaryImageOfPage\":{\"@id\":\"https:\/\/www.oidossucios.com\/site\/manana-se-estrena-el-documental-una-noche-para-onechot\/#primaryimage\"},\"datePublished\":\"2012-10-15T03:37:00+00:00\",\"dateModified\":\"2012-10-15T03:37:00+00:00\",\"author\":{\"@id\":\"https:\/\/www.oidossucios.com\/site\/#\/schema\/person\/24559eeb76bf83a63296fb072393a688\"},\"inLanguage\":\"es\",\"potentialAction\":[{\"@type\":\"ReadAction\",\"target\":[\"https:\/\/www.oidossucios.com\/site\/manana-se-estrena-el-documental-una-noche-para-onechot\/\"]}]},{\"@type\":[\"Person\"],\"@id\":\"https:\/\/www.oidossucios.com\/site\/#\/schema\/person\/24559eeb76bf83a63296fb072393a688\",\"name\":\"Oidossucios\",\"image\":{\"@type\":\"ImageObject\",\"@id\":\"https:\/\/www.oidossucios.com\/site\/#personlogo\",\"inLanguage\":\"es\",\"url\":\"https:\/\/secure.gravatar.com\/avatar\/74fcb480f42f1a33e50a0b6e6369a3f907be2e43dc84fa5f76c66e9c22b4a5ab?s=96&d=mm&r=g\",\"caption\":\"Oidossucios\"},\"sameAs\":[\"https:\/\/twitter.com\/oidossucios\"]}]}<\/script>\n<!-- \/ Yoast SEO plugin. -->","jetpack_sharing_enabled":true,"_links":{"self":[{"href":"https:\/\/www.oidossucios.com\/site\/wp-json\/wp\/v2\/posts\/6222","targetHints":{"allow":["GET"]}}],"collection":[{"href":"https:\/\/www.oidossucios.com\/site\/wp-json\/wp\/v2\/posts"}],"about":[{"href":"https:\/\/www.oidossucios.com\/site\/wp-json\/wp\/v2\/types\/post"}],"author":[{"embeddable":true,"href":"https:\/\/www.oidossucios.com\/site\/wp-json\/wp\/v2\/users\/4"}],"replies":[{"embeddable":true,"href":"https:\/\/www.oidossucios.com\/site\/wp-json\/wp\/v2\/comments?post=6222"}],"version-history":[{"count":0,"href":"https:\/\/www.oidossucios.com\/site\/wp-json\/wp\/v2\/posts\/6222\/revisions"}],"wp:featuredmedia":[{"embeddable":true,"href":"https:\/\/www.oidossucios.com\/site\/wp-json\/wp\/v2\/media\/100006222"}],"wp:attachment":[{"href":"https:\/\/www.oidossucios.com\/site\/wp-json\/wp\/v2\/media?parent=6222"}],"wp:term":[{"taxonomy":"category","embeddable":true,"href":"https:\/\/www.oidossucios.com\/site\/wp-json\/wp\/v2\/categories?post=6222"},{"taxonomy":"post_tag","embeddable":true,"href":"https:\/\/www.oidossucios.com\/site\/wp-json\/wp\/v2\/tags?post=6222"}],"curies":[{"name":"wp","href":"https:\/\/api.w.org\/{rel}","templated":true}]}}