{"id":6338,"date":"2012-11-01T18:58:00","date_gmt":"2012-11-01T18:58:00","guid":{"rendered":"https:\/\/www.oidossucios.com\/site\/2012\/11\/01\/el-cantante-de-suicide-silence-fallecio-tras-un-accidente-de-moto\/"},"modified":"2012-11-01T18:58:00","modified_gmt":"2012-11-01T18:58:00","slug":"el-cantante-de-suicide-silence-fallecio-tras-un-accidente-de-moto","status":"publish","type":"post","link":"https:\/\/www.oidossucios.com\/site\/el-cantante-de-suicide-silence-fallecio-tras-un-accidente-de-moto\/","title":{"rendered":"El cantante de Suicide Silence falleci\u00f3 tras un accidente de moto"},"content":{"rendered":"<p>Por <\/p>\n<p><![endif]-->Mitch Lucker, vocalista de la banda de Metal Suicide Silence, falleci\u00f3 este jueves 1 de Noviembre en la ma\u00f1ana, v\u00edctima de un accidente en moto el mi\u00e9rcoles en la noche en Huntington Beach, California.<\/p>\n<p>El juez de instrucci\u00f3n del condado declar\u00f3 que Lucker fue declarado muerto a las 6:17 am en el centro m\u00e9dico de Orange County.<\/p>\n<p>Lucker fue hospitalizado tras el accidente poco despu\u00e9s de las &nbsp;9 pm del mi\u00e9rcoles. La polic\u00eda de Huntington Beach a\u00fan est\u00e1 investigando los detalles del suceso.<\/p>\n<p>El cantante de 28 a\u00f1os viv\u00eda en Huntington Beach pero creci\u00f3 en Riverside, donde se form\u00f3 Suicide Silence hace una d\u00e9cada.<\/p>\n<p>El \u00e1lbum debut de la banda, <i>The Cleansing<\/i>, sali\u00f3 en 2007 y fue seguido por dos producciones m\u00e1s. El grupo ten\u00eda pautada una presentaci\u00f3n en el California Metalfest VI el 24 de Noviembre.<!--[if gte mso 10]> <\/style>\n\n <![endif]--><!--nextpage--><img decoding=\"async\" class=\"aligncenter size-medium wp-image-111116280\" src=\"https:\/\/www.oidossucios.com\/site\/wp-content\/uploads\/2020\/02\/6280.jpg\" alt=\"El cantante de Suicide Silence falleci\u00f3 tras un accidente de moto\"  \/><!--nextpage--><img decoding=\"async\" class=\"aligncenter size-medium wp-image-111116281\" src=\"https:\/\/www.oidossucios.com\/site\/wp-content\/uploads\/2020\/02\/6281.jpg\" alt=\"El cantante de Suicide Silence falleci\u00f3 tras un accidente de moto\"  \/><!--nextpage--><img decoding=\"async\" class=\"aligncenter size-medium wp-image-111116282\" src=\"https:\/\/www.oidossucios.com\/site\/wp-content\/uploads\/2020\/02\/6282.jpg\" alt=\"El cantante de Suicide Silence falleci\u00f3 tras un accidente de moto\"  \/><a href='https:\/\/www.oidossucios.com\/site\/el-cantante-de-suicide-silence-fallecio-tras-un-accidente-de-moto\/2\/'\n                        onclick='if (tpsInstance) { tpsInstance.setNext(); return false; }'\n                        rel='next'\n                        style=''\n                        class=''>Ver galer\u00eda<\/a>]]><\/p>\n","protected":false},"excerpt":{"rendered":"<p>Mitch Lucker, vocalista de la banda Suicide Silence, falleci\u00f3 este jueves en la ma\u00f1ana v\u00edctima de un accidente en moto.<\/p>\n","protected":false},"author":4,"featured_media":100006338,"comment_status":"open","ping_status":"open","sticky":false,"template":"","format":"standard","meta":{"_jetpack_memberships_contains_paid_content":false,"footnotes":""},"categories":[685],"tags":[],"class_list":["post-6338","post","type-post","status-publish","format-standard","has-post-thumbnail","hentry","category-ultima"],"jetpack_featured_media_url":"https:\/\/www.oidossucios.com\/site\/wp-content\/uploads\/2012\/11\/6338.jpg","yoast_head":"<!-- This site is optimized with the Yoast SEO plugin v14.0.4 - https:\/\/yoast.com\/wordpress\/plugins\/seo\/ -->\n<title>El cantante de Suicide Silence falleci\u00f3 tras un accidente de moto - OidosSucios.Com<\/title>\n<meta name=\"description\" content=\"Mitch Lucker, vocalista de la banda Suicide Silence, falleci\u00f3 este jueves en la ma\u00f1ana v\u00edctima de un accidente en moto.\" \/>\n<meta name=\"robots\" content=\"index, follow\" \/>\n<meta name=\"googlebot\" content=\"index, follow, max-snippet:-1, max-image-preview:large, max-video-preview:-1\" \/>\n<meta name=\"bingbot\" content=\"index, follow, max-snippet:-1, max-image-preview:large, max-video-preview:-1\" \/>\n<link rel=\"canonical\" href=\"https:\/\/www.oidossucios.com\/site\/el-cantante-de-suicide-silence-fallecio-tras-un-accidente-de-moto\/\" \/>\n<link rel=\"next\" href=\"https:\/\/www.oidossucios.com\/site\/el-cantante-de-suicide-silence-fallecio-tras-un-accidente-de-moto\/2\/\" \/>\n<meta property=\"og:locale\" content=\"es_ES\" \/>\n<meta property=\"og:type\" content=\"article\" \/>\n<meta property=\"og:title\" content=\"El cantante de Suicide Silence falleci\u00f3 tras un accidente de moto - OidosSucios.Com\" \/>\n<meta property=\"og:description\" content=\"Mitch Lucker, vocalista de la banda Suicide Silence, falleci\u00f3 este jueves en la ma\u00f1ana v\u00edctima de un accidente en moto.\" \/>\n<meta property=\"og:url\" content=\"https:\/\/www.oidossucios.com\/site\/el-cantante-de-suicide-silence-fallecio-tras-un-accidente-de-moto\/\" \/>\n<meta property=\"og:site_name\" content=\"OidosSucios.Com\" \/>\n<meta property=\"article:published_time\" content=\"2012-11-01T18:58:00+00:00\" \/>\n<meta property=\"og:image\" content=\"https:\/\/www.oidossucios.com\/site\/wp-content\/uploads\/2012\/11\/6338.jpg\" \/>\n\t<meta property=\"og:image:width\" content=\"350\" \/>\n\t<meta property=\"og:image:height\" content=\"300\" \/>\n<meta name=\"twitter:card\" content=\"summary_large_image\" \/>\n<meta name=\"twitter:creator\" content=\"@oidossucios\" \/>\n<script type=\"application\/ld+json\" class=\"yoast-schema-graph\">{\"@context\":\"https:\/\/schema.org\",\"@graph\":[{\"@type\":\"WebSite\",\"@id\":\"https:\/\/www.oidossucios.com\/site\/#website\",\"url\":\"https:\/\/www.oidossucios.com\/site\/\",\"name\":\"OidosSucios.Com\",\"description\":\"M\\u00fasica, conciertos, discos\",\"potentialAction\":[{\"@type\":\"SearchAction\",\"target\":\"https:\/\/www.oidossucios.com\/site\/?s={search_term_string}\",\"query-input\":\"required name=search_term_string\"}],\"inLanguage\":\"es\"},{\"@type\":\"ImageObject\",\"@id\":\"https:\/\/www.oidossucios.com\/site\/el-cantante-de-suicide-silence-fallecio-tras-un-accidente-de-moto\/#primaryimage\",\"inLanguage\":\"es\",\"url\":\"https:\/\/www.oidossucios.com\/site\/wp-content\/uploads\/2012\/11\/6338.jpg\",\"width\":350,\"height\":300},{\"@type\":\"WebPage\",\"@id\":\"https:\/\/www.oidossucios.com\/site\/el-cantante-de-suicide-silence-fallecio-tras-un-accidente-de-moto\/#webpage\",\"url\":\"https:\/\/www.oidossucios.com\/site\/el-cantante-de-suicide-silence-fallecio-tras-un-accidente-de-moto\/\",\"name\":\"El cantante de Suicide Silence falleci\\u00f3 tras un accidente de moto - OidosSucios.Com\",\"isPartOf\":{\"@id\":\"https:\/\/www.oidossucios.com\/site\/#website\"},\"primaryImageOfPage\":{\"@id\":\"https:\/\/www.oidossucios.com\/site\/el-cantante-de-suicide-silence-fallecio-tras-un-accidente-de-moto\/#primaryimage\"},\"datePublished\":\"2012-11-01T18:58:00+00:00\",\"dateModified\":\"2012-11-01T18:58:00+00:00\",\"author\":{\"@id\":\"https:\/\/www.oidossucios.com\/site\/#\/schema\/person\/24559eeb76bf83a63296fb072393a688\"},\"description\":\"Mitch Lucker, vocalista de la banda Suicide Silence, falleci\\u00f3 este jueves en la ma\\u00f1ana v\\u00edctima de un accidente en moto.\",\"inLanguage\":\"es\",\"potentialAction\":[{\"@type\":\"ReadAction\",\"target\":[\"https:\/\/www.oidossucios.com\/site\/el-cantante-de-suicide-silence-fallecio-tras-un-accidente-de-moto\/\"]}]},{\"@type\":[\"Person\"],\"@id\":\"https:\/\/www.oidossucios.com\/site\/#\/schema\/person\/24559eeb76bf83a63296fb072393a688\",\"name\":\"Oidossucios\",\"image\":{\"@type\":\"ImageObject\",\"@id\":\"https:\/\/www.oidossucios.com\/site\/#personlogo\",\"inLanguage\":\"es\",\"url\":\"https:\/\/secure.gravatar.com\/avatar\/74fcb480f42f1a33e50a0b6e6369a3f907be2e43dc84fa5f76c66e9c22b4a5ab?s=96&d=mm&r=g\",\"caption\":\"Oidossucios\"},\"sameAs\":[\"https:\/\/twitter.com\/oidossucios\"]}]}<\/script>\n<!-- \/ Yoast SEO plugin. -->","jetpack_sharing_enabled":true,"_links":{"self":[{"href":"https:\/\/www.oidossucios.com\/site\/wp-json\/wp\/v2\/posts\/6338","targetHints":{"allow":["GET"]}}],"collection":[{"href":"https:\/\/www.oidossucios.com\/site\/wp-json\/wp\/v2\/posts"}],"about":[{"href":"https:\/\/www.oidossucios.com\/site\/wp-json\/wp\/v2\/types\/post"}],"author":[{"embeddable":true,"href":"https:\/\/www.oidossucios.com\/site\/wp-json\/wp\/v2\/users\/4"}],"replies":[{"embeddable":true,"href":"https:\/\/www.oidossucios.com\/site\/wp-json\/wp\/v2\/comments?post=6338"}],"version-history":[{"count":0,"href":"https:\/\/www.oidossucios.com\/site\/wp-json\/wp\/v2\/posts\/6338\/revisions"}],"wp:featuredmedia":[{"embeddable":true,"href":"https:\/\/www.oidossucios.com\/site\/wp-json\/wp\/v2\/media\/100006338"}],"wp:attachment":[{"href":"https:\/\/www.oidossucios.com\/site\/wp-json\/wp\/v2\/media?parent=6338"}],"wp:term":[{"taxonomy":"category","embeddable":true,"href":"https:\/\/www.oidossucios.com\/site\/wp-json\/wp\/v2\/categories?post=6338"},{"taxonomy":"post_tag","embeddable":true,"href":"https:\/\/www.oidossucios.com\/site\/wp-json\/wp\/v2\/tags?post=6338"}],"curies":[{"name":"wp","href":"https:\/\/api.w.org\/{rel}","templated":true}]}}