{"id":6341,"date":"2012-11-02T05:18:00","date_gmt":"2012-11-02T05:18:00","guid":{"rendered":"https:\/\/www.oidossucios.com\/site\/2012\/11\/02\/video-mudhoney-estrena-if-i-think-en-vivo-desde-su-dvd-live-in-berlin-1988\/"},"modified":"2012-11-02T05:18:00","modified_gmt":"2012-11-02T05:18:00","slug":"video-mudhoney-estrena-if-i-think-en-vivo-desde-su-dvd-live-in-berlin-1988","status":"publish","type":"post","link":"https:\/\/www.oidossucios.com\/site\/video-mudhoney-estrena-if-i-think-en-vivo-desde-su-dvd-live-in-berlin-1988\/","title":{"rendered":"Video: Mudhoney estrena &#8220;If I Think&#8221; en vivo desde su DVD &quot;Live In Berlin 1988&quot;"},"content":{"rendered":"<p><![endif]-->Mudhoney presenta una muestra de su pr\u00f3ximo DVD <i>Live In Berlin 1988<\/i>, el cual muestra el gran \u00e9xito que tuvo su disco debut hom\u00f3nimo. Para hacerlo, la banda eligi\u00f3 &#8220;If I Think&#8221;, uno de sus primeros sencillos, el cual form\u00f3 parte del EP <i>Superfuzz Bigmuff<\/i>.<i><\/p>\n<p>Live In Berlin 1988<\/i>llegar\u00e1 a las tiendas el 13 de noviembre.<\/p>\n<p>Fuente: www.warp.la<!--[if gte mso 10]> <\/style>\n\n <![endif]--><\/p>\n","protected":false},"excerpt":{"rendered":"<p>Mudhoney presenta una muestra de su pr\u00f3ximo DVD Live In Berlin 1988, el cual muestra el gran \u00e9xito que tuvo su disco debut hom\u00f3nimo. Para hacerlo, la banda eligi\u00f3 &#8220;If I Think&#8221;, uno de sus primeros sencillos, el cual form\u00f3 parte del EP Superfuzz Bigmuff. Live In Berlin 1988llegar\u00e1 a las tiendas el 13 de [&hellip;]<\/p>\n","protected":false},"author":4,"featured_media":0,"comment_status":"open","ping_status":"open","sticky":false,"template":"","format":"standard","meta":{"_jetpack_memberships_contains_paid_content":false,"footnotes":""},"categories":[142],"tags":[],"class_list":["post-6341","post","type-post","status-publish","format-standard","hentry","category-buzznews"],"jetpack_featured_media_url":"","yoast_head":"<!-- This site is optimized with the Yoast SEO plugin v14.0.4 - https:\/\/yoast.com\/wordpress\/plugins\/seo\/ -->\n<title>Video: Mudhoney estrena &quot;If I Think&quot; en vivo desde su DVD &quot;Live In Berlin 1988&quot; - OidosSucios.Com<\/title>\n<meta name=\"robots\" content=\"index, follow\" \/>\n<meta name=\"googlebot\" content=\"index, follow, max-snippet:-1, max-image-preview:large, max-video-preview:-1\" \/>\n<meta name=\"bingbot\" content=\"index, follow, max-snippet:-1, max-image-preview:large, max-video-preview:-1\" \/>\n<link rel=\"canonical\" href=\"https:\/\/www.oidossucios.com\/site\/video-mudhoney-estrena-if-i-think-en-vivo-desde-su-dvd-live-in-berlin-1988\/\" \/>\n<meta property=\"og:locale\" content=\"es_ES\" \/>\n<meta property=\"og:type\" content=\"article\" \/>\n<meta property=\"og:title\" content=\"Video: Mudhoney estrena &quot;If I Think&quot; en vivo desde su DVD &quot;Live In Berlin 1988&quot; - OidosSucios.Com\" \/>\n<meta property=\"og:description\" content=\"Mudhoney presenta una muestra de su pr\u00f3ximo DVD Live In Berlin 1988, el cual muestra el gran \u00e9xito que tuvo su disco debut hom\u00f3nimo. Para hacerlo, la banda eligi\u00f3 &#8220;If I Think&#8221;, uno de sus primeros sencillos, el cual form\u00f3 parte del EP Superfuzz Bigmuff. Live In Berlin 1988llegar\u00e1 a las tiendas el 13 de [&hellip;]\" \/>\n<meta property=\"og:url\" content=\"https:\/\/www.oidossucios.com\/site\/video-mudhoney-estrena-if-i-think-en-vivo-desde-su-dvd-live-in-berlin-1988\/\" \/>\n<meta property=\"og:site_name\" content=\"OidosSucios.Com\" \/>\n<meta property=\"article:published_time\" content=\"2012-11-02T05:18:00+00:00\" \/>\n<meta name=\"twitter:card\" content=\"summary_large_image\" \/>\n<meta name=\"twitter:creator\" content=\"@oidossucios\" \/>\n<script type=\"application\/ld+json\" class=\"yoast-schema-graph\">{\"@context\":\"https:\/\/schema.org\",\"@graph\":[{\"@type\":\"WebSite\",\"@id\":\"https:\/\/www.oidossucios.com\/site\/#website\",\"url\":\"https:\/\/www.oidossucios.com\/site\/\",\"name\":\"OidosSucios.Com\",\"description\":\"M\\u00fasica, conciertos, discos\",\"potentialAction\":[{\"@type\":\"SearchAction\",\"target\":\"https:\/\/www.oidossucios.com\/site\/?s={search_term_string}\",\"query-input\":\"required name=search_term_string\"}],\"inLanguage\":\"es\"},{\"@type\":\"WebPage\",\"@id\":\"https:\/\/www.oidossucios.com\/site\/video-mudhoney-estrena-if-i-think-en-vivo-desde-su-dvd-live-in-berlin-1988\/#webpage\",\"url\":\"https:\/\/www.oidossucios.com\/site\/video-mudhoney-estrena-if-i-think-en-vivo-desde-su-dvd-live-in-berlin-1988\/\",\"name\":\"Video: Mudhoney estrena \\\"If I Think\\\" en vivo desde su DVD &quot;Live In Berlin 1988&quot; - OidosSucios.Com\",\"isPartOf\":{\"@id\":\"https:\/\/www.oidossucios.com\/site\/#website\"},\"datePublished\":\"2012-11-02T05:18:00+00:00\",\"dateModified\":\"2012-11-02T05:18:00+00:00\",\"author\":{\"@id\":\"https:\/\/www.oidossucios.com\/site\/#\/schema\/person\/24559eeb76bf83a63296fb072393a688\"},\"inLanguage\":\"es\",\"potentialAction\":[{\"@type\":\"ReadAction\",\"target\":[\"https:\/\/www.oidossucios.com\/site\/video-mudhoney-estrena-if-i-think-en-vivo-desde-su-dvd-live-in-berlin-1988\/\"]}]},{\"@type\":[\"Person\"],\"@id\":\"https:\/\/www.oidossucios.com\/site\/#\/schema\/person\/24559eeb76bf83a63296fb072393a688\",\"name\":\"Oidossucios\",\"image\":{\"@type\":\"ImageObject\",\"@id\":\"https:\/\/www.oidossucios.com\/site\/#personlogo\",\"inLanguage\":\"es\",\"url\":\"https:\/\/secure.gravatar.com\/avatar\/74fcb480f42f1a33e50a0b6e6369a3f907be2e43dc84fa5f76c66e9c22b4a5ab?s=96&d=mm&r=g\",\"caption\":\"Oidossucios\"},\"sameAs\":[\"https:\/\/twitter.com\/oidossucios\"]}]}<\/script>\n<!-- \/ Yoast SEO plugin. -->","jetpack_sharing_enabled":true,"_links":{"self":[{"href":"https:\/\/www.oidossucios.com\/site\/wp-json\/wp\/v2\/posts\/6341","targetHints":{"allow":["GET"]}}],"collection":[{"href":"https:\/\/www.oidossucios.com\/site\/wp-json\/wp\/v2\/posts"}],"about":[{"href":"https:\/\/www.oidossucios.com\/site\/wp-json\/wp\/v2\/types\/post"}],"author":[{"embeddable":true,"href":"https:\/\/www.oidossucios.com\/site\/wp-json\/wp\/v2\/users\/4"}],"replies":[{"embeddable":true,"href":"https:\/\/www.oidossucios.com\/site\/wp-json\/wp\/v2\/comments?post=6341"}],"version-history":[{"count":0,"href":"https:\/\/www.oidossucios.com\/site\/wp-json\/wp\/v2\/posts\/6341\/revisions"}],"wp:attachment":[{"href":"https:\/\/www.oidossucios.com\/site\/wp-json\/wp\/v2\/media?parent=6341"}],"wp:term":[{"taxonomy":"category","embeddable":true,"href":"https:\/\/www.oidossucios.com\/site\/wp-json\/wp\/v2\/categories?post=6341"},{"taxonomy":"post_tag","embeddable":true,"href":"https:\/\/www.oidossucios.com\/site\/wp-json\/wp\/v2\/tags?post=6341"}],"curies":[{"name":"wp","href":"https:\/\/api.w.org\/{rel}","templated":true}]}}