{"id":6366,"date":"2012-11-07T05:30:00","date_gmt":"2012-11-07T05:30:00","guid":{"rendered":"https:\/\/www.oidossucios.com\/site\/2012\/11\/07\/deftones-estrena-trailer-de-su-nuevo-disco-koi-no-yokan\/"},"modified":"2012-11-07T05:30:00","modified_gmt":"2012-11-07T05:30:00","slug":"deftones-estrena-trailer-de-su-nuevo-disco-koi-no-yokan","status":"publish","type":"post","link":"https:\/\/www.oidossucios.com\/site\/deftones-estrena-trailer-de-su-nuevo-disco-koi-no-yokan\/","title":{"rendered":"Deftones estrena tr\u00e1iler de su nuevo disco &#8220;Koi No Yokan&#8221;"},"content":{"rendered":"<p><![endif]-->Deftones lanz\u00f3 un tr\u00e1iler anticipando el \u00e1lbum&nbsp;<i>Koi No Yokan<\/i>. Se trata del s\u00e9ptimo disco de los californianos y hace rato que se viene hablando de este nuevo trabajo. En septiembre la banda dio a conocer&nbsp;&#8220;Leathers&#8221;, el primer corte &nbsp;y el tercer track del \u00e1lbum. Y desde entonces seguimos esperando novedades.<\/p>\n<p>Ahora apareci\u00f3 este tr\u00e1iler y falta cada vez menos para que podamos tener el \u00e1lbum en nuestras manos. Pero antes vamos a poder ver&nbsp;Tempest, el primer video de este CD.<\/p>\n<p>&#8220;Est\u00e1bamos saliendo de una etapa muy dura, obviamente, y nuestro objetivo era tratar de reconstruir lo que hab\u00edamos construido en estos a\u00f1os. Sent\u00eda que ten\u00edamos que demostrarnos a nosotros mismo que pod\u00edamos. Nos tomamos tanto tiempo entre los \u00e1lbumes, hubo alguna confusi\u00f3n interna y nuestros trabajos empezaron a armarse entre todos en vez de ser creados entre todos. As\u00ed que para nosotros era una oportunidad para volver a nuestros comienzos&#8221;, explic\u00f3 el Chino Moreno sobre este nuevo trabajo.<\/p>\n<p>Fuente: www.fmrockandpop.com<!--[if gte mso 10]> <\/style>\n\n <![endif]--><\/p>\n","protected":false},"excerpt":{"rendered":"<p>Deftones lanz\u00f3 un tr\u00e1iler anticipando el \u00e1lbum&nbsp;Koi No Yokan. Se trata del s\u00e9ptimo disco de los californianos y hace rato que se viene hablando de este nuevo trabajo. En septiembre la banda dio a conocer&nbsp;&#8220;Leathers&#8221;, el primer corte &nbsp;y el tercer track del \u00e1lbum. Y desde entonces seguimos esperando novedades. Ahora apareci\u00f3 este tr\u00e1iler y [&hellip;]<\/p>\n","protected":false},"author":4,"featured_media":0,"comment_status":"open","ping_status":"open","sticky":false,"template":"","format":"standard","meta":{"_jetpack_memberships_contains_paid_content":false,"footnotes":""},"categories":[142],"tags":[],"class_list":["post-6366","post","type-post","status-publish","format-standard","hentry","category-buzznews"],"jetpack_featured_media_url":"","yoast_head":"<!-- This site is optimized with the Yoast SEO plugin v14.0.4 - https:\/\/yoast.com\/wordpress\/plugins\/seo\/ -->\n<title>Deftones estrena tr\u00e1iler de su nuevo disco &quot;Koi No Yokan&quot; - OidosSucios.Com<\/title>\n<meta name=\"robots\" content=\"index, follow\" \/>\n<meta name=\"googlebot\" content=\"index, follow, max-snippet:-1, max-image-preview:large, max-video-preview:-1\" \/>\n<meta name=\"bingbot\" content=\"index, follow, max-snippet:-1, max-image-preview:large, max-video-preview:-1\" \/>\n<link rel=\"canonical\" href=\"https:\/\/www.oidossucios.com\/site\/deftones-estrena-trailer-de-su-nuevo-disco-koi-no-yokan\/\" \/>\n<meta property=\"og:locale\" content=\"es_ES\" \/>\n<meta property=\"og:type\" content=\"article\" \/>\n<meta property=\"og:title\" content=\"Deftones estrena tr\u00e1iler de su nuevo disco &quot;Koi No Yokan&quot; - OidosSucios.Com\" \/>\n<meta property=\"og:description\" content=\"Deftones lanz\u00f3 un tr\u00e1iler anticipando el \u00e1lbum&nbsp;Koi No Yokan. Se trata del s\u00e9ptimo disco de los californianos y hace rato que se viene hablando de este nuevo trabajo. En septiembre la banda dio a conocer&nbsp;&#8220;Leathers&#8221;, el primer corte &nbsp;y el tercer track del \u00e1lbum. Y desde entonces seguimos esperando novedades. Ahora apareci\u00f3 este tr\u00e1iler y [&hellip;]\" \/>\n<meta property=\"og:url\" content=\"https:\/\/www.oidossucios.com\/site\/deftones-estrena-trailer-de-su-nuevo-disco-koi-no-yokan\/\" \/>\n<meta property=\"og:site_name\" content=\"OidosSucios.Com\" \/>\n<meta property=\"article:published_time\" content=\"2012-11-07T05:30:00+00:00\" \/>\n<meta name=\"twitter:card\" content=\"summary_large_image\" \/>\n<meta name=\"twitter:creator\" content=\"@oidossucios\" \/>\n<script type=\"application\/ld+json\" class=\"yoast-schema-graph\">{\"@context\":\"https:\/\/schema.org\",\"@graph\":[{\"@type\":\"WebSite\",\"@id\":\"https:\/\/www.oidossucios.com\/site\/#website\",\"url\":\"https:\/\/www.oidossucios.com\/site\/\",\"name\":\"OidosSucios.Com\",\"description\":\"M\\u00fasica, conciertos, discos\",\"potentialAction\":[{\"@type\":\"SearchAction\",\"target\":\"https:\/\/www.oidossucios.com\/site\/?s={search_term_string}\",\"query-input\":\"required name=search_term_string\"}],\"inLanguage\":\"es\"},{\"@type\":\"WebPage\",\"@id\":\"https:\/\/www.oidossucios.com\/site\/deftones-estrena-trailer-de-su-nuevo-disco-koi-no-yokan\/#webpage\",\"url\":\"https:\/\/www.oidossucios.com\/site\/deftones-estrena-trailer-de-su-nuevo-disco-koi-no-yokan\/\",\"name\":\"Deftones estrena tr\\u00e1iler de su nuevo disco \\\"Koi No Yokan\\\" - OidosSucios.Com\",\"isPartOf\":{\"@id\":\"https:\/\/www.oidossucios.com\/site\/#website\"},\"datePublished\":\"2012-11-07T05:30:00+00:00\",\"dateModified\":\"2012-11-07T05:30:00+00:00\",\"author\":{\"@id\":\"https:\/\/www.oidossucios.com\/site\/#\/schema\/person\/24559eeb76bf83a63296fb072393a688\"},\"inLanguage\":\"es\",\"potentialAction\":[{\"@type\":\"ReadAction\",\"target\":[\"https:\/\/www.oidossucios.com\/site\/deftones-estrena-trailer-de-su-nuevo-disco-koi-no-yokan\/\"]}]},{\"@type\":[\"Person\"],\"@id\":\"https:\/\/www.oidossucios.com\/site\/#\/schema\/person\/24559eeb76bf83a63296fb072393a688\",\"name\":\"Oidossucios\",\"image\":{\"@type\":\"ImageObject\",\"@id\":\"https:\/\/www.oidossucios.com\/site\/#personlogo\",\"inLanguage\":\"es\",\"url\":\"https:\/\/secure.gravatar.com\/avatar\/74fcb480f42f1a33e50a0b6e6369a3f907be2e43dc84fa5f76c66e9c22b4a5ab?s=96&d=mm&r=g\",\"caption\":\"Oidossucios\"},\"sameAs\":[\"https:\/\/twitter.com\/oidossucios\"]}]}<\/script>\n<!-- \/ Yoast SEO plugin. -->","jetpack_sharing_enabled":true,"_links":{"self":[{"href":"https:\/\/www.oidossucios.com\/site\/wp-json\/wp\/v2\/posts\/6366","targetHints":{"allow":["GET"]}}],"collection":[{"href":"https:\/\/www.oidossucios.com\/site\/wp-json\/wp\/v2\/posts"}],"about":[{"href":"https:\/\/www.oidossucios.com\/site\/wp-json\/wp\/v2\/types\/post"}],"author":[{"embeddable":true,"href":"https:\/\/www.oidossucios.com\/site\/wp-json\/wp\/v2\/users\/4"}],"replies":[{"embeddable":true,"href":"https:\/\/www.oidossucios.com\/site\/wp-json\/wp\/v2\/comments?post=6366"}],"version-history":[{"count":0,"href":"https:\/\/www.oidossucios.com\/site\/wp-json\/wp\/v2\/posts\/6366\/revisions"}],"wp:attachment":[{"href":"https:\/\/www.oidossucios.com\/site\/wp-json\/wp\/v2\/media?parent=6366"}],"wp:term":[{"taxonomy":"category","embeddable":true,"href":"https:\/\/www.oidossucios.com\/site\/wp-json\/wp\/v2\/categories?post=6366"},{"taxonomy":"post_tag","embeddable":true,"href":"https:\/\/www.oidossucios.com\/site\/wp-json\/wp\/v2\/tags?post=6366"}],"curies":[{"name":"wp","href":"https:\/\/api.w.org\/{rel}","templated":true}]}}