{"id":6369,"date":"2012-11-07T19:11:00","date_gmt":"2012-11-07T19:11:00","guid":{"rendered":"https:\/\/www.oidossucios.com\/site\/2012\/11\/07\/the-doors-estrenan-video-de-su-tema-con-skrillex\/"},"modified":"2012-11-07T19:11:00","modified_gmt":"2012-11-07T19:11:00","slug":"the-doors-estrenan-video-de-su-tema-con-skrillex","status":"publish","type":"post","link":"https:\/\/www.oidossucios.com\/site\/the-doors-estrenan-video-de-su-tema-con-skrillex\/","title":{"rendered":"The Doors estrenan video de su tema con Skrillex"},"content":{"rendered":"<p>Por <\/p>\n<p><![endif]--> <\/p>\n<p>Hoy se dieron a conocer dos noticias relacionadas con The Doors.<\/p>\n<p>Primero, la legendaria banda estren\u00f3 el video del tema &#8220;Breakn\u00b4 A Sweat&#8221; en el que colaboran con el Dj y productor, Skrillex. Lo puedes ver arriba.<\/p>\n<p>Adem\u00e1s, a trav\u00e9s de su p\u00e1gina en&nbsp;<a href=\"http:\/\/www.facebook.com\/thedoors\/posts\/291038941015142\">Facebook<\/a>, la banda confirm\u00f3 que el recordado concierto <i>Live At The Bowl \u00b468<\/i> grabado en Hollywood, se proyectar\u00e1 en salas de cine alrededor del todo el mundo. Ac\u00e1 la lista completa de cines en todo el mundo que proyectar\u00e1n el concierto, donde no est\u00e1 incluida, para variar, ninguno en Venezuela.<\/p>\n<p>Sin embargo, aqu\u00ed est\u00e1 el concierto completo (en menor calidad) en YouTube:<\/p>\n<p><iframe loading=\"lazy\" width=\"420\" height=\"315\" frameborder=\"0\" allowfullscreen=\"\" src=\"http:\/\/www.youtube.com\/embed\/taG95SKKMVE\"><\/iframe><\/p>\n<p><!--[if gte mso 10]> <\/style>\n\n <![endif]--><\/p>\n","protected":false},"excerpt":{"rendered":"<p>Hoy se dieron a conocer dos noticias relacionadas con The Doors. El lanzamiento de su vide ft. Skrillex y el anuncio de la proyecci\u00f3n de su concierto &quot;Live At The Bowl 68&quot; en cines del mundo.<\/p>\n","protected":false},"author":4,"featured_media":100006369,"comment_status":"open","ping_status":"open","sticky":false,"template":"","format":"standard","meta":{"_jetpack_memberships_contains_paid_content":false,"footnotes":""},"categories":[685],"tags":[],"class_list":["post-6369","post","type-post","status-publish","format-standard","has-post-thumbnail","hentry","category-ultima"],"jetpack_featured_media_url":"https:\/\/www.oidossucios.com\/site\/wp-content\/uploads\/2012\/11\/6369.jpg","yoast_head":"<!-- This site is optimized with the Yoast SEO plugin v14.0.4 - https:\/\/yoast.com\/wordpress\/plugins\/seo\/ -->\n<title>The Doors estrenan video de su tema con Skrillex - OidosSucios.Com<\/title>\n<meta name=\"description\" content=\"Hoy se dieron a conocer dos noticias relacionadas con The Doors. El lanzamiento de su vide ft. Skrillex y el anuncio de la proyecci\u00f3n de su concierto &quot;Live At The Bowl 68&quot; en cines del mundo.\" \/>\n<meta name=\"robots\" content=\"index, follow\" \/>\n<meta name=\"googlebot\" content=\"index, follow, max-snippet:-1, max-image-preview:large, max-video-preview:-1\" \/>\n<meta name=\"bingbot\" content=\"index, follow, max-snippet:-1, max-image-preview:large, max-video-preview:-1\" \/>\n<link rel=\"canonical\" href=\"https:\/\/www.oidossucios.com\/site\/the-doors-estrenan-video-de-su-tema-con-skrillex\/\" \/>\n<meta property=\"og:locale\" content=\"es_ES\" \/>\n<meta property=\"og:type\" content=\"article\" \/>\n<meta property=\"og:title\" content=\"The Doors estrenan video de su tema con Skrillex - OidosSucios.Com\" \/>\n<meta property=\"og:description\" content=\"Hoy se dieron a conocer dos noticias relacionadas con The Doors. El lanzamiento de su vide ft. Skrillex y el anuncio de la proyecci\u00f3n de su concierto &quot;Live At The Bowl 68&quot; en cines del mundo.\" \/>\n<meta property=\"og:url\" content=\"https:\/\/www.oidossucios.com\/site\/the-doors-estrenan-video-de-su-tema-con-skrillex\/\" \/>\n<meta property=\"og:site_name\" content=\"OidosSucios.Com\" \/>\n<meta property=\"article:published_time\" content=\"2012-11-07T19:11:00+00:00\" \/>\n<meta property=\"og:image\" content=\"https:\/\/www.oidossucios.com\/site\/wp-content\/uploads\/2012\/11\/6369.jpg\" \/>\n\t<meta property=\"og:image:width\" content=\"350\" \/>\n\t<meta property=\"og:image:height\" content=\"300\" \/>\n<meta name=\"twitter:card\" content=\"summary_large_image\" \/>\n<meta name=\"twitter:creator\" content=\"@oidossucios\" \/>\n<script type=\"application\/ld+json\" class=\"yoast-schema-graph\">{\"@context\":\"https:\/\/schema.org\",\"@graph\":[{\"@type\":\"WebSite\",\"@id\":\"https:\/\/www.oidossucios.com\/site\/#website\",\"url\":\"https:\/\/www.oidossucios.com\/site\/\",\"name\":\"OidosSucios.Com\",\"description\":\"M\\u00fasica, conciertos, discos\",\"potentialAction\":[{\"@type\":\"SearchAction\",\"target\":\"https:\/\/www.oidossucios.com\/site\/?s={search_term_string}\",\"query-input\":\"required name=search_term_string\"}],\"inLanguage\":\"es\"},{\"@type\":\"ImageObject\",\"@id\":\"https:\/\/www.oidossucios.com\/site\/the-doors-estrenan-video-de-su-tema-con-skrillex\/#primaryimage\",\"inLanguage\":\"es\",\"url\":\"https:\/\/www.oidossucios.com\/site\/wp-content\/uploads\/2012\/11\/6369.jpg\",\"width\":350,\"height\":300},{\"@type\":\"WebPage\",\"@id\":\"https:\/\/www.oidossucios.com\/site\/the-doors-estrenan-video-de-su-tema-con-skrillex\/#webpage\",\"url\":\"https:\/\/www.oidossucios.com\/site\/the-doors-estrenan-video-de-su-tema-con-skrillex\/\",\"name\":\"The Doors estrenan video de su tema con Skrillex - OidosSucios.Com\",\"isPartOf\":{\"@id\":\"https:\/\/www.oidossucios.com\/site\/#website\"},\"primaryImageOfPage\":{\"@id\":\"https:\/\/www.oidossucios.com\/site\/the-doors-estrenan-video-de-su-tema-con-skrillex\/#primaryimage\"},\"datePublished\":\"2012-11-07T19:11:00+00:00\",\"dateModified\":\"2012-11-07T19:11:00+00:00\",\"author\":{\"@id\":\"https:\/\/www.oidossucios.com\/site\/#\/schema\/person\/24559eeb76bf83a63296fb072393a688\"},\"description\":\"Hoy se dieron a conocer dos noticias relacionadas con The Doors. El lanzamiento de su vide ft. Skrillex y el anuncio de la proyecci\\u00f3n de su concierto &quot;Live At The Bowl 68&quot; en cines del mundo.\",\"inLanguage\":\"es\",\"potentialAction\":[{\"@type\":\"ReadAction\",\"target\":[\"https:\/\/www.oidossucios.com\/site\/the-doors-estrenan-video-de-su-tema-con-skrillex\/\"]}]},{\"@type\":[\"Person\"],\"@id\":\"https:\/\/www.oidossucios.com\/site\/#\/schema\/person\/24559eeb76bf83a63296fb072393a688\",\"name\":\"Oidossucios\",\"image\":{\"@type\":\"ImageObject\",\"@id\":\"https:\/\/www.oidossucios.com\/site\/#personlogo\",\"inLanguage\":\"es\",\"url\":\"https:\/\/secure.gravatar.com\/avatar\/74fcb480f42f1a33e50a0b6e6369a3f907be2e43dc84fa5f76c66e9c22b4a5ab?s=96&d=mm&r=g\",\"caption\":\"Oidossucios\"},\"sameAs\":[\"https:\/\/twitter.com\/oidossucios\"]}]}<\/script>\n<!-- \/ Yoast SEO plugin. -->","jetpack_sharing_enabled":true,"_links":{"self":[{"href":"https:\/\/www.oidossucios.com\/site\/wp-json\/wp\/v2\/posts\/6369","targetHints":{"allow":["GET"]}}],"collection":[{"href":"https:\/\/www.oidossucios.com\/site\/wp-json\/wp\/v2\/posts"}],"about":[{"href":"https:\/\/www.oidossucios.com\/site\/wp-json\/wp\/v2\/types\/post"}],"author":[{"embeddable":true,"href":"https:\/\/www.oidossucios.com\/site\/wp-json\/wp\/v2\/users\/4"}],"replies":[{"embeddable":true,"href":"https:\/\/www.oidossucios.com\/site\/wp-json\/wp\/v2\/comments?post=6369"}],"version-history":[{"count":0,"href":"https:\/\/www.oidossucios.com\/site\/wp-json\/wp\/v2\/posts\/6369\/revisions"}],"wp:featuredmedia":[{"embeddable":true,"href":"https:\/\/www.oidossucios.com\/site\/wp-json\/wp\/v2\/media\/100006369"}],"wp:attachment":[{"href":"https:\/\/www.oidossucios.com\/site\/wp-json\/wp\/v2\/media?parent=6369"}],"wp:term":[{"taxonomy":"category","embeddable":true,"href":"https:\/\/www.oidossucios.com\/site\/wp-json\/wp\/v2\/categories?post=6369"},{"taxonomy":"post_tag","embeddable":true,"href":"https:\/\/www.oidossucios.com\/site\/wp-json\/wp\/v2\/tags?post=6369"}],"curies":[{"name":"wp","href":"https:\/\/api.w.org\/{rel}","templated":true}]}}