{"id":6387,"date":"2012-11-12T05:42:00","date_gmt":"2012-11-12T05:42:00","guid":{"rendered":"https:\/\/www.oidossucios.com\/site\/2012\/11\/12\/roger-waters-saldra-de-gira-una-vez-mas-con-the-wall-tour\/"},"modified":"2012-11-12T05:42:00","modified_gmt":"2012-11-12T05:42:00","slug":"roger-waters-saldra-de-gira-una-vez-mas-con-the-wall-tour","status":"publish","type":"post","link":"https:\/\/www.oidossucios.com\/site\/roger-waters-saldra-de-gira-una-vez-mas-con-the-wall-tour\/","title":{"rendered":"Roger Waters saldr\u00e1 de gira una vez m\u00e1s con &quot;The Wall Tour&quot;"},"content":{"rendered":"<p><![endif]-->Roger Waters prosigue con la gira de revisi\u00f3n del m\u00edtico <i>The Wall Tour<\/i>, que originalmente tuvo lugar en los primeros a\u00f1os ochenta de la mano de Pink Floyd. Tras 192 fechas y <a href=\"http:\/\/rollingstone.es\/noticias\/view\/the-wall-de-roger-waters-la-gira-mas-taquillera-del-primer-semestre-de-2012\">convertirse en la gira m\u00e1s taquillera del a\u00f1o<\/a>, todav\u00eda hay tiempo para una nueva vuelta de tuerca con un buen pu\u00f1ado de fechas en una segunda acometida por Europa, en esta ocasi\u00f3n pasando de pabellones a estadios.<\/p>\n<p>&#8220;Estoy extremadamente feliz de volver con <i>The Wall<\/i> a Europa. Va a ser muy divertido para todos nosotros. He redefinido el espect\u00e1culo para espacios abiertos y grandes estadios.&nbsp;Es realmente bueno, incluso m\u00e1s din\u00e1mico, envolvente, dram\u00e1tico y emocionante que en los pabellones&#8221;,&nbsp;plantea Roger Waters.<\/p>\n<p>JULIO<br \/>20 \u0096 WERCHTER FESTIVAL SITE<br \/>23 \u0096 SPLIT POLJUD STADIUM<br \/>26 \u0096 PADOVA EUGANEO STADIUM<br \/>28 \u0096 ROME OLYMPIC STADIUM<\/p>\n<p>AGOSTO<br \/>07 \u0096 PRAGUE SYNOT TIP STADIUM (SLAVIA)<br \/>09 \u0096 FRANKFURT COMMERZBANK ARENA<br \/>11 \u0096 COPENHAGEN PARKEN STADIUM<br \/>14 \u0096 OSLO TELENOR ARENA<br \/>15 \u0096 OSLO TELENOR ARENA<br \/>17 \u0096 GOTHENBURG ULLEVI STADIUM<br \/>20 \u0096 WARSAW NARODOWY STADIUM<br \/>23 \u0096 VIENNA DONAUINSEL<br \/>25 \u0096 BUDAPEST PUSKAS FERENC STADIUM<br \/>28 \u0096 BUCHAREST PIATA CONSITUTIEI<br \/>30 \u0096 SOFIA VASIL LEVSKI STADIUM<\/p>\n<p>SEPTIEMBRE<br \/>01 \u0096 BELGRADE USCE PARK<br \/>04 \u0096 BERLIN OLYMPIC STADIUM<br \/>06 \u0096 DUSSELDORF ESPRIT ARENA<br \/>08 \u0096 AMSTERDAM ARENA<br \/>18 \u0096 DUBLIN AVIVA STADIUM<\/p>\n<p>Fuente: www.rollingstone.es<\/p>\n<p><!--[if gte mso 10]> <\/style>\n\n <![endif]--><\/p>\n","protected":false},"excerpt":{"rendered":"<p>Roger Waters prosigue con la gira de revisi\u00f3n del m\u00edtico The Wall Tour, que originalmente tuvo lugar en los primeros a\u00f1os ochenta de la mano de Pink Floyd. Tras 192 fechas y convertirse en la gira m\u00e1s taquillera del a\u00f1o, todav\u00eda hay tiempo para una nueva vuelta de tuerca con un buen pu\u00f1ado de fechas [&hellip;]<\/p>\n","protected":false},"author":4,"featured_media":100006387,"comment_status":"open","ping_status":"open","sticky":false,"template":"","format":"standard","meta":{"_jetpack_memberships_contains_paid_content":false,"footnotes":""},"categories":[142],"tags":[],"class_list":["post-6387","post","type-post","status-publish","format-standard","has-post-thumbnail","hentry","category-buzznews"],"jetpack_featured_media_url":"https:\/\/www.oidossucios.com\/site\/wp-content\/uploads\/2012\/11\/6387.jpg","yoast_head":"<!-- This site is optimized with the Yoast SEO plugin v14.0.4 - https:\/\/yoast.com\/wordpress\/plugins\/seo\/ -->\n<title>Roger Waters saldr\u00e1 de gira una vez m\u00e1s con &quot;The Wall Tour&quot; - OidosSucios.Com<\/title>\n<meta name=\"robots\" content=\"index, follow\" \/>\n<meta name=\"googlebot\" content=\"index, follow, max-snippet:-1, max-image-preview:large, max-video-preview:-1\" \/>\n<meta name=\"bingbot\" content=\"index, follow, max-snippet:-1, max-image-preview:large, max-video-preview:-1\" \/>\n<link rel=\"canonical\" href=\"https:\/\/www.oidossucios.com\/site\/roger-waters-saldra-de-gira-una-vez-mas-con-the-wall-tour\/\" \/>\n<meta property=\"og:locale\" content=\"es_ES\" \/>\n<meta property=\"og:type\" content=\"article\" \/>\n<meta property=\"og:title\" content=\"Roger Waters saldr\u00e1 de gira una vez m\u00e1s con &quot;The Wall Tour&quot; - OidosSucios.Com\" \/>\n<meta property=\"og:description\" content=\"Roger Waters prosigue con la gira de revisi\u00f3n del m\u00edtico The Wall Tour, que originalmente tuvo lugar en los primeros a\u00f1os ochenta de la mano de Pink Floyd. Tras 192 fechas y convertirse en la gira m\u00e1s taquillera del a\u00f1o, todav\u00eda hay tiempo para una nueva vuelta de tuerca con un buen pu\u00f1ado de fechas [&hellip;]\" \/>\n<meta property=\"og:url\" content=\"https:\/\/www.oidossucios.com\/site\/roger-waters-saldra-de-gira-una-vez-mas-con-the-wall-tour\/\" \/>\n<meta property=\"og:site_name\" content=\"OidosSucios.Com\" \/>\n<meta property=\"article:published_time\" content=\"2012-11-12T05:42:00+00:00\" \/>\n<meta property=\"og:image\" content=\"https:\/\/www.oidossucios.com\/site\/wp-content\/uploads\/2012\/11\/6387.jpg\" \/>\n\t<meta property=\"og:image:width\" content=\"350\" \/>\n\t<meta property=\"og:image:height\" content=\"300\" \/>\n<meta name=\"twitter:card\" content=\"summary_large_image\" \/>\n<meta name=\"twitter:creator\" content=\"@oidossucios\" \/>\n<script type=\"application\/ld+json\" class=\"yoast-schema-graph\">{\"@context\":\"https:\/\/schema.org\",\"@graph\":[{\"@type\":\"WebSite\",\"@id\":\"https:\/\/www.oidossucios.com\/site\/#website\",\"url\":\"https:\/\/www.oidossucios.com\/site\/\",\"name\":\"OidosSucios.Com\",\"description\":\"M\\u00fasica, conciertos, discos\",\"potentialAction\":[{\"@type\":\"SearchAction\",\"target\":\"https:\/\/www.oidossucios.com\/site\/?s={search_term_string}\",\"query-input\":\"required name=search_term_string\"}],\"inLanguage\":\"es\"},{\"@type\":\"ImageObject\",\"@id\":\"https:\/\/www.oidossucios.com\/site\/roger-waters-saldra-de-gira-una-vez-mas-con-the-wall-tour\/#primaryimage\",\"inLanguage\":\"es\",\"url\":\"https:\/\/www.oidossucios.com\/site\/wp-content\/uploads\/2012\/11\/6387.jpg\",\"width\":350,\"height\":300},{\"@type\":\"WebPage\",\"@id\":\"https:\/\/www.oidossucios.com\/site\/roger-waters-saldra-de-gira-una-vez-mas-con-the-wall-tour\/#webpage\",\"url\":\"https:\/\/www.oidossucios.com\/site\/roger-waters-saldra-de-gira-una-vez-mas-con-the-wall-tour\/\",\"name\":\"Roger Waters saldr\\u00e1 de gira una vez m\\u00e1s con &quot;The Wall Tour&quot; - OidosSucios.Com\",\"isPartOf\":{\"@id\":\"https:\/\/www.oidossucios.com\/site\/#website\"},\"primaryImageOfPage\":{\"@id\":\"https:\/\/www.oidossucios.com\/site\/roger-waters-saldra-de-gira-una-vez-mas-con-the-wall-tour\/#primaryimage\"},\"datePublished\":\"2012-11-12T05:42:00+00:00\",\"dateModified\":\"2012-11-12T05:42:00+00:00\",\"author\":{\"@id\":\"https:\/\/www.oidossucios.com\/site\/#\/schema\/person\/24559eeb76bf83a63296fb072393a688\"},\"inLanguage\":\"es\",\"potentialAction\":[{\"@type\":\"ReadAction\",\"target\":[\"https:\/\/www.oidossucios.com\/site\/roger-waters-saldra-de-gira-una-vez-mas-con-the-wall-tour\/\"]}]},{\"@type\":[\"Person\"],\"@id\":\"https:\/\/www.oidossucios.com\/site\/#\/schema\/person\/24559eeb76bf83a63296fb072393a688\",\"name\":\"Oidossucios\",\"image\":{\"@type\":\"ImageObject\",\"@id\":\"https:\/\/www.oidossucios.com\/site\/#personlogo\",\"inLanguage\":\"es\",\"url\":\"https:\/\/secure.gravatar.com\/avatar\/74fcb480f42f1a33e50a0b6e6369a3f907be2e43dc84fa5f76c66e9c22b4a5ab?s=96&d=mm&r=g\",\"caption\":\"Oidossucios\"},\"sameAs\":[\"https:\/\/twitter.com\/oidossucios\"]}]}<\/script>\n<!-- \/ Yoast SEO plugin. -->","jetpack_sharing_enabled":true,"_links":{"self":[{"href":"https:\/\/www.oidossucios.com\/site\/wp-json\/wp\/v2\/posts\/6387","targetHints":{"allow":["GET"]}}],"collection":[{"href":"https:\/\/www.oidossucios.com\/site\/wp-json\/wp\/v2\/posts"}],"about":[{"href":"https:\/\/www.oidossucios.com\/site\/wp-json\/wp\/v2\/types\/post"}],"author":[{"embeddable":true,"href":"https:\/\/www.oidossucios.com\/site\/wp-json\/wp\/v2\/users\/4"}],"replies":[{"embeddable":true,"href":"https:\/\/www.oidossucios.com\/site\/wp-json\/wp\/v2\/comments?post=6387"}],"version-history":[{"count":0,"href":"https:\/\/www.oidossucios.com\/site\/wp-json\/wp\/v2\/posts\/6387\/revisions"}],"wp:featuredmedia":[{"embeddable":true,"href":"https:\/\/www.oidossucios.com\/site\/wp-json\/wp\/v2\/media\/100006387"}],"wp:attachment":[{"href":"https:\/\/www.oidossucios.com\/site\/wp-json\/wp\/v2\/media?parent=6387"}],"wp:term":[{"taxonomy":"category","embeddable":true,"href":"https:\/\/www.oidossucios.com\/site\/wp-json\/wp\/v2\/categories?post=6387"},{"taxonomy":"post_tag","embeddable":true,"href":"https:\/\/www.oidossucios.com\/site\/wp-json\/wp\/v2\/tags?post=6387"}],"curies":[{"name":"wp","href":"https:\/\/api.w.org\/{rel}","templated":true}]}}