{"id":6388,"date":"2012-11-12T17:35:00","date_gmt":"2012-11-12T17:35:00","guid":{"rendered":"https:\/\/www.oidossucios.com\/site\/2012\/11\/12\/el-concierto-de-slash-se-muda-al-estacionamiento-de-el-nacional\/"},"modified":"2012-11-12T17:35:00","modified_gmt":"2012-11-12T17:35:00","slug":"el-concierto-de-slash-se-muda-al-estacionamiento-de-el-nacional","status":"publish","type":"post","link":"https:\/\/www.oidossucios.com\/site\/el-concierto-de-slash-se-muda-al-estacionamiento-de-el-nacional\/","title":{"rendered":"El concierto de Slash se muda al estacionamiento de El Nacional"},"content":{"rendered":"<p><![endif]-->El pr\u00f3ximo 21 de noviembre, el estacionamiento del diario El Nacional ser\u00e1 el escenario donde se presentar\u00e1 en una \u00fanica funci\u00f3n Slash, ex guitarrista de Guns N\u0092 Roses, y su banda The Conspirators, que forma junto al cantante Myles Kennedy, el bajista Todd Kerns y el baterista Brent Fitz, como parte de la gira de conciertos correspondiente al m\u00e1s reciente disco como solista del m\u00fasico londinense, <i>Apocalyptic Love<\/i>.<\/p>\n<p>En esta nueva oportunidad, el guitarrista &nbsp;interpretar\u00e1 tambi\u00e9n \u00e9xitos de Guns N\u00b4 Roses y de la agrupaci\u00f3n Velvet Revolver.<\/p>\n<p>Las entradas, cuya ubicaci\u00f3n y precios se mantienen igual que en su antigua locaci\u00f3n, la terraza del CCCT, se podr\u00e1n adquirir en la librer\u00eda Tecni Ciencia del CCCT, as\u00ed como en las discotiendas Aero Musica del centro comercial El Recreo, Paseo Las Mercedes (nivel Trasnocho) y a trav\u00e9s de www.profitproducciones.com.<\/p>\n<p>Hace dos a\u00f1os, Slash sac\u00f3 un disco solista hom\u00f3nimo, acompa\u00f1ado con las voces de artistas como Ozzy Osbourne, Fergie, Chris Cornell, Adam Levine, Lemmy, Kid Rock, Iggy Pop y Dave Grohl. El reconocimiento de la cr\u00edtica y del p\u00fablico lo llevaron a presentarse continuamente desde entonces por el mundo, gira que continu\u00f3 con presentaciones en 25 ciudades de Estados Unidos, seguidas de shows en Australia, Singapur, Tailandia, China, Corea y Jap\u00f3n.<\/p>\n<p>Ahora, el guitarrista vendr\u00e1 a promocionar su segundo disco como solista, <i>Apocalyptic Love<\/i>.<!--[if gte mso 10]> <\/style>\n\n <![endif]--><br \/><!--[if gte mso 10]> <\/style>\n\n <![endif]--><\/p>\n","protected":false},"excerpt":{"rendered":"<p>El ex guitarrista de Guns N\u00b4 Roses se presentar\u00e1 el 21 de noviembre en la sede del diario de Los Cortijos de Lourdes, con su banda The Conspirators, bajo el sello de Profit Producciones.<\/p>\n","protected":false},"author":4,"featured_media":100006388,"comment_status":"open","ping_status":"open","sticky":false,"template":"","format":"standard","meta":{"_jetpack_memberships_contains_paid_content":false,"footnotes":""},"categories":[250],"tags":[],"class_list":["post-6388","post","type-post","status-publish","format-standard","has-post-thumbnail","hentry","category-noticias"],"jetpack_featured_media_url":"https:\/\/www.oidossucios.com\/site\/wp-content\/uploads\/2012\/11\/6388.jpg","yoast_head":"<!-- This site is optimized with the Yoast SEO plugin v14.0.4 - https:\/\/yoast.com\/wordpress\/plugins\/seo\/ -->\n<title>El concierto de Slash se muda al estacionamiento de El Nacional - OidosSucios.Com<\/title>\n<meta name=\"description\" content=\"El ex guitarrista de Guns N\u00b4 Roses se presentar\u00e1 el 21 de noviembre en la sede del diario de Los Cortijos de Lourdes, con su banda The Conspirators, bajo el sello de Profit Producciones.\" \/>\n<meta name=\"robots\" content=\"index, follow\" \/>\n<meta name=\"googlebot\" content=\"index, follow, max-snippet:-1, max-image-preview:large, max-video-preview:-1\" \/>\n<meta name=\"bingbot\" content=\"index, follow, max-snippet:-1, max-image-preview:large, max-video-preview:-1\" \/>\n<link rel=\"canonical\" href=\"https:\/\/www.oidossucios.com\/site\/el-concierto-de-slash-se-muda-al-estacionamiento-de-el-nacional\/\" \/>\n<meta property=\"og:locale\" content=\"es_ES\" \/>\n<meta property=\"og:type\" content=\"article\" \/>\n<meta property=\"og:title\" content=\"El concierto de Slash se muda al estacionamiento de El Nacional - OidosSucios.Com\" \/>\n<meta property=\"og:description\" content=\"El ex guitarrista de Guns N\u00b4 Roses se presentar\u00e1 el 21 de noviembre en la sede del diario de Los Cortijos de Lourdes, con su banda The Conspirators, bajo el sello de Profit Producciones.\" \/>\n<meta property=\"og:url\" content=\"https:\/\/www.oidossucios.com\/site\/el-concierto-de-slash-se-muda-al-estacionamiento-de-el-nacional\/\" \/>\n<meta property=\"og:site_name\" content=\"OidosSucios.Com\" \/>\n<meta property=\"article:published_time\" content=\"2012-11-12T17:35:00+00:00\" \/>\n<meta property=\"og:image\" content=\"https:\/\/www.oidossucios.com\/site\/wp-content\/uploads\/2012\/11\/6388.jpg\" \/>\n\t<meta property=\"og:image:width\" content=\"350\" \/>\n\t<meta property=\"og:image:height\" content=\"300\" \/>\n<meta name=\"twitter:card\" content=\"summary_large_image\" \/>\n<meta name=\"twitter:creator\" content=\"@oidossucios\" \/>\n<script type=\"application\/ld+json\" class=\"yoast-schema-graph\">{\"@context\":\"https:\/\/schema.org\",\"@graph\":[{\"@type\":\"WebSite\",\"@id\":\"https:\/\/www.oidossucios.com\/site\/#website\",\"url\":\"https:\/\/www.oidossucios.com\/site\/\",\"name\":\"OidosSucios.Com\",\"description\":\"M\\u00fasica, conciertos, discos\",\"potentialAction\":[{\"@type\":\"SearchAction\",\"target\":\"https:\/\/www.oidossucios.com\/site\/?s={search_term_string}\",\"query-input\":\"required name=search_term_string\"}],\"inLanguage\":\"es\"},{\"@type\":\"ImageObject\",\"@id\":\"https:\/\/www.oidossucios.com\/site\/el-concierto-de-slash-se-muda-al-estacionamiento-de-el-nacional\/#primaryimage\",\"inLanguage\":\"es\",\"url\":\"https:\/\/www.oidossucios.com\/site\/wp-content\/uploads\/2012\/11\/6388.jpg\",\"width\":350,\"height\":300},{\"@type\":\"WebPage\",\"@id\":\"https:\/\/www.oidossucios.com\/site\/el-concierto-de-slash-se-muda-al-estacionamiento-de-el-nacional\/#webpage\",\"url\":\"https:\/\/www.oidossucios.com\/site\/el-concierto-de-slash-se-muda-al-estacionamiento-de-el-nacional\/\",\"name\":\"El concierto de Slash se muda al estacionamiento de El Nacional - OidosSucios.Com\",\"isPartOf\":{\"@id\":\"https:\/\/www.oidossucios.com\/site\/#website\"},\"primaryImageOfPage\":{\"@id\":\"https:\/\/www.oidossucios.com\/site\/el-concierto-de-slash-se-muda-al-estacionamiento-de-el-nacional\/#primaryimage\"},\"datePublished\":\"2012-11-12T17:35:00+00:00\",\"dateModified\":\"2012-11-12T17:35:00+00:00\",\"author\":{\"@id\":\"https:\/\/www.oidossucios.com\/site\/#\/schema\/person\/24559eeb76bf83a63296fb072393a688\"},\"description\":\"El ex guitarrista de Guns N\\u00b4 Roses se presentar\\u00e1 el 21 de noviembre en la sede del diario de Los Cortijos de Lourdes, con su banda The Conspirators, bajo el sello de Profit Producciones.\",\"inLanguage\":\"es\",\"potentialAction\":[{\"@type\":\"ReadAction\",\"target\":[\"https:\/\/www.oidossucios.com\/site\/el-concierto-de-slash-se-muda-al-estacionamiento-de-el-nacional\/\"]}]},{\"@type\":[\"Person\"],\"@id\":\"https:\/\/www.oidossucios.com\/site\/#\/schema\/person\/24559eeb76bf83a63296fb072393a688\",\"name\":\"Oidossucios\",\"image\":{\"@type\":\"ImageObject\",\"@id\":\"https:\/\/www.oidossucios.com\/site\/#personlogo\",\"inLanguage\":\"es\",\"url\":\"https:\/\/secure.gravatar.com\/avatar\/74fcb480f42f1a33e50a0b6e6369a3f907be2e43dc84fa5f76c66e9c22b4a5ab?s=96&d=mm&r=g\",\"caption\":\"Oidossucios\"},\"sameAs\":[\"https:\/\/twitter.com\/oidossucios\"]}]}<\/script>\n<!-- \/ Yoast SEO plugin. -->","jetpack_sharing_enabled":true,"_links":{"self":[{"href":"https:\/\/www.oidossucios.com\/site\/wp-json\/wp\/v2\/posts\/6388","targetHints":{"allow":["GET"]}}],"collection":[{"href":"https:\/\/www.oidossucios.com\/site\/wp-json\/wp\/v2\/posts"}],"about":[{"href":"https:\/\/www.oidossucios.com\/site\/wp-json\/wp\/v2\/types\/post"}],"author":[{"embeddable":true,"href":"https:\/\/www.oidossucios.com\/site\/wp-json\/wp\/v2\/users\/4"}],"replies":[{"embeddable":true,"href":"https:\/\/www.oidossucios.com\/site\/wp-json\/wp\/v2\/comments?post=6388"}],"version-history":[{"count":0,"href":"https:\/\/www.oidossucios.com\/site\/wp-json\/wp\/v2\/posts\/6388\/revisions"}],"wp:featuredmedia":[{"embeddable":true,"href":"https:\/\/www.oidossucios.com\/site\/wp-json\/wp\/v2\/media\/100006388"}],"wp:attachment":[{"href":"https:\/\/www.oidossucios.com\/site\/wp-json\/wp\/v2\/media?parent=6388"}],"wp:term":[{"taxonomy":"category","embeddable":true,"href":"https:\/\/www.oidossucios.com\/site\/wp-json\/wp\/v2\/categories?post=6388"},{"taxonomy":"post_tag","embeddable":true,"href":"https:\/\/www.oidossucios.com\/site\/wp-json\/wp\/v2\/tags?post=6388"}],"curies":[{"name":"wp","href":"https:\/\/api.w.org\/{rel}","templated":true}]}}