{"id":6393,"date":"2012-11-13T05:04:00","date_gmt":"2012-11-13T05:04:00","guid":{"rendered":"https:\/\/www.oidossucios.com\/site\/2012\/11\/13\/candy66-estrenara-este-20-de-noviembre-el-tema-y-video-de-invisible\/"},"modified":"2012-11-13T05:04:00","modified_gmt":"2012-11-13T05:04:00","slug":"candy66-estrenara-este-20-de-noviembre-el-tema-y-video-de-invisible","status":"publish","type":"post","link":"https:\/\/www.oidossucios.com\/site\/candy66-estrenara-este-20-de-noviembre-el-tema-y-video-de-invisible\/","title":{"rendered":"Candy66 estrenar\u00e1 este 20 de Noviembre el tema y video de &#8220;Invisible&#8221;"},"content":{"rendered":"<p><![endif]--> <\/p>\n<p>El pr\u00f3ximo martes 20 de Noviembre, a partir de las 6:30 pm, en el programa&nbsp;A la Cuenta de 3&nbsp;que se transmite a nivel nacional por&nbsp;La Mega, la agrupaci\u00f3n&nbsp;Candy 66&nbsp;lanzar\u00e1, en exclusiva,&nbsp; el tema in\u00e9dito &#8220;Invisible&#8221;, primer corte promocional que est\u00e1 incluido en lo que ser\u00e1 su pr\u00f3ximo \u00e1lbum de estudio&nbsp;<i>Nueva Guerra<\/i>. Simult\u00e1neamente el portal&nbsp;Equilibrio.Net&nbsp;estrenar\u00e1 el video clip de esta canci\u00f3n.<\/p>\n<p>&#8220;Es uno de los temas mas densos del disco y que para mi marca un nuevo camino en el sonido de&nbsp;Candy66, relata c\u00f3mo dos personas pueden volverse invisibles el uno para el otro y hacerse expertos en lastimarse. Es uno de los temas dentro del disco que trata este tipo de tem\u00e1tica ya que el resto de las canciones a nivel de contenido son muy diferentes&#8221;, comenta su cantante y guitarrista&nbsp;Jean DeOliveira, quien tambi\u00e9n produce el \u00e1lbum&nbsp;<i>Nueva Guerra<\/i>&nbsp;que estar\u00e1 en la calle el primer trimestre de 2013.<\/p>\n<p>&#8220;Invisible&#8221; es un abreboca de lo que&nbsp;&nbsp;Jean DeOliveira&nbsp;(Guitarra y voz),&nbsp;Jos\u00e9 Morantes&nbsp;(Guitarra),&nbsp;Alejandro Angulo&nbsp;(Guitarra),&nbsp;Ray D\u00edaz&nbsp;(Bajo),&nbsp;Guillermo Moreno&nbsp;(Bater\u00eda) y&nbsp;Let Arteaga&nbsp;(Dj), han gestado en&nbsp;<i>Nueva Guerra<\/i>, un \u00e1lbum de nueve canciones grabadas y mezcladas en&nbsp;BackStage Studios&nbsp;Valencia&nbsp;(Holy Sexy Bastards,&nbsp;BioShaft,&nbsp;Cronovisor,&nbsp;Alfombra Roja,&nbsp;Fighting Buffalo) y masterizado en&nbsp;Silversound Studio.&nbsp; &#8220;Es parte del nuevo molde de sonido que estamos experimentando, sin embargo no es un representante absoluto de lo que trae este nuevo Album66&#8221;, comenta&nbsp;Jean.<\/p>\n<p>A la par del lanzamiento del tema&nbsp;&#8220;Invisible&#8221;,&nbsp;Candy 66&nbsp;estrenar\u00e1 el clip de esta canci\u00f3n bajo la direcci\u00f3n del joven director&nbsp;Charlie Nelson Moreno, creador del cortometraje &#8220;Natalia&#8221; en el que&nbsp;Jean DeOliveira&nbsp;hizo la m\u00fasica. &#8220;Es un trabajo audiovisual que fue desarrollado desde su origen para la canci\u00f3n, por lo que su efecto para mi es devastador y complementa el tema en todos los sentidos. Recomiendo vean el trabajo completo, es decir, el video con el tema, te eleva mucho mas disfrutarlo de esta forma\u0085 por separado tiene otro efecto,&#8221;, finaliza&nbsp;DeOliveira.<\/p>\n<p>Este clip se podr\u00e1 ver el mismo d\u00eda trav\u00e9s de&nbsp;Equilibrio.Net&nbsp;en su versi\u00f3n original, m\u00e1s larga que el la edici\u00f3n que se usar\u00e1 para radio.<\/p>\n<p>La cita es este martes 20 de Noviembre a partir de las 6:30 pm junto a&nbsp;Iv\u00e1n Matta,&nbsp;Michelle Dernersissian&nbsp;y&nbsp;Henrique Lazo, en&nbsp;A La Cuenta de Tres, a nivel nacional por&nbsp;La Mega&nbsp;y el video por&nbsp;Equilibrio.Net.<\/p>\n","protected":false},"excerpt":{"rendered":"<p>El pr\u00f3ximo martes 20 de Noviembre, en el programa A la Cuenta de 3 la agrupaci\u00f3n Candy 66 lanzar\u00e1, en exclusiva,  el tema in\u00e9dito &#8220;Invisible&#8221;, primer corte promocional de lo que ser\u00e1 su pr\u00f3ximo \u00e1lbum de estudio &quot;Nueva Guerra&quot;.<\/p>\n","protected":false},"author":4,"featured_media":100006393,"comment_status":"open","ping_status":"open","sticky":false,"template":"","format":"standard","meta":{"_jetpack_memberships_contains_paid_content":false,"footnotes":""},"categories":[250],"tags":[],"class_list":["post-6393","post","type-post","status-publish","format-standard","has-post-thumbnail","hentry","category-noticias"],"jetpack_featured_media_url":"https:\/\/www.oidossucios.com\/site\/wp-content\/uploads\/2012\/11\/6393.jpg","yoast_head":"<!-- This site is optimized with the Yoast SEO plugin v14.0.4 - https:\/\/yoast.com\/wordpress\/plugins\/seo\/ -->\n<title>Candy66 estrenar\u00e1 este 20 de Noviembre el tema y video de &quot;Invisible&quot; - OidosSucios.Com<\/title>\n<meta name=\"description\" content=\"El pr\u00f3ximo martes 20 de Noviembre, en el programa A la Cuenta de 3 la agrupaci\u00f3n Candy 66 lanzar\u00e1, en exclusiva, el tema in\u00e9dito &quot;Invisible&quot;, primer corte promocional de lo que ser\u00e1 su pr\u00f3ximo \u00e1lbum de estudio &quot;Nueva Guerra&quot;.\" \/>\n<meta name=\"robots\" content=\"index, follow\" \/>\n<meta name=\"googlebot\" content=\"index, follow, max-snippet:-1, max-image-preview:large, max-video-preview:-1\" \/>\n<meta name=\"bingbot\" content=\"index, follow, max-snippet:-1, max-image-preview:large, max-video-preview:-1\" \/>\n<link rel=\"canonical\" href=\"https:\/\/www.oidossucios.com\/site\/candy66-estrenara-este-20-de-noviembre-el-tema-y-video-de-invisible\/\" \/>\n<meta property=\"og:locale\" content=\"es_ES\" \/>\n<meta property=\"og:type\" content=\"article\" \/>\n<meta property=\"og:title\" content=\"Candy66 estrenar\u00e1 este 20 de Noviembre el tema y video de &quot;Invisible&quot; - OidosSucios.Com\" \/>\n<meta property=\"og:description\" content=\"El pr\u00f3ximo martes 20 de Noviembre, en el programa A la Cuenta de 3 la agrupaci\u00f3n Candy 66 lanzar\u00e1, en exclusiva, el tema in\u00e9dito &quot;Invisible&quot;, primer corte promocional de lo que ser\u00e1 su pr\u00f3ximo \u00e1lbum de estudio &quot;Nueva Guerra&quot;.\" \/>\n<meta property=\"og:url\" content=\"https:\/\/www.oidossucios.com\/site\/candy66-estrenara-este-20-de-noviembre-el-tema-y-video-de-invisible\/\" \/>\n<meta property=\"og:site_name\" content=\"OidosSucios.Com\" \/>\n<meta property=\"article:published_time\" content=\"2012-11-13T05:04:00+00:00\" \/>\n<meta property=\"og:image\" content=\"https:\/\/www.oidossucios.com\/site\/wp-content\/uploads\/2012\/11\/6393.jpg\" \/>\n\t<meta property=\"og:image:width\" content=\"350\" \/>\n\t<meta property=\"og:image:height\" content=\"300\" \/>\n<meta name=\"twitter:card\" content=\"summary_large_image\" \/>\n<meta name=\"twitter:creator\" content=\"@oidossucios\" \/>\n<script type=\"application\/ld+json\" class=\"yoast-schema-graph\">{\"@context\":\"https:\/\/schema.org\",\"@graph\":[{\"@type\":\"WebSite\",\"@id\":\"https:\/\/www.oidossucios.com\/site\/#website\",\"url\":\"https:\/\/www.oidossucios.com\/site\/\",\"name\":\"OidosSucios.Com\",\"description\":\"M\\u00fasica, conciertos, discos\",\"potentialAction\":[{\"@type\":\"SearchAction\",\"target\":\"https:\/\/www.oidossucios.com\/site\/?s={search_term_string}\",\"query-input\":\"required name=search_term_string\"}],\"inLanguage\":\"es\"},{\"@type\":\"ImageObject\",\"@id\":\"https:\/\/www.oidossucios.com\/site\/candy66-estrenara-este-20-de-noviembre-el-tema-y-video-de-invisible\/#primaryimage\",\"inLanguage\":\"es\",\"url\":\"https:\/\/www.oidossucios.com\/site\/wp-content\/uploads\/2012\/11\/6393.jpg\",\"width\":350,\"height\":300},{\"@type\":\"WebPage\",\"@id\":\"https:\/\/www.oidossucios.com\/site\/candy66-estrenara-este-20-de-noviembre-el-tema-y-video-de-invisible\/#webpage\",\"url\":\"https:\/\/www.oidossucios.com\/site\/candy66-estrenara-este-20-de-noviembre-el-tema-y-video-de-invisible\/\",\"name\":\"Candy66 estrenar\\u00e1 este 20 de Noviembre el tema y video de \\\"Invisible\\\" - OidosSucios.Com\",\"isPartOf\":{\"@id\":\"https:\/\/www.oidossucios.com\/site\/#website\"},\"primaryImageOfPage\":{\"@id\":\"https:\/\/www.oidossucios.com\/site\/candy66-estrenara-este-20-de-noviembre-el-tema-y-video-de-invisible\/#primaryimage\"},\"datePublished\":\"2012-11-13T05:04:00+00:00\",\"dateModified\":\"2012-11-13T05:04:00+00:00\",\"author\":{\"@id\":\"https:\/\/www.oidossucios.com\/site\/#\/schema\/person\/24559eeb76bf83a63296fb072393a688\"},\"description\":\"El pr\\u00f3ximo martes 20 de Noviembre, en el programa A la Cuenta de 3 la agrupaci\\u00f3n Candy 66 lanzar\\u00e1, en exclusiva, el tema in\\u00e9dito \\\"Invisible\\\", primer corte promocional de lo que ser\\u00e1 su pr\\u00f3ximo \\u00e1lbum de estudio &quot;Nueva Guerra&quot;.\",\"inLanguage\":\"es\",\"potentialAction\":[{\"@type\":\"ReadAction\",\"target\":[\"https:\/\/www.oidossucios.com\/site\/candy66-estrenara-este-20-de-noviembre-el-tema-y-video-de-invisible\/\"]}]},{\"@type\":[\"Person\"],\"@id\":\"https:\/\/www.oidossucios.com\/site\/#\/schema\/person\/24559eeb76bf83a63296fb072393a688\",\"name\":\"Oidossucios\",\"image\":{\"@type\":\"ImageObject\",\"@id\":\"https:\/\/www.oidossucios.com\/site\/#personlogo\",\"inLanguage\":\"es\",\"url\":\"https:\/\/secure.gravatar.com\/avatar\/74fcb480f42f1a33e50a0b6e6369a3f907be2e43dc84fa5f76c66e9c22b4a5ab?s=96&d=mm&r=g\",\"caption\":\"Oidossucios\"},\"sameAs\":[\"https:\/\/twitter.com\/oidossucios\"]}]}<\/script>\n<!-- \/ Yoast SEO plugin. -->","jetpack_sharing_enabled":true,"_links":{"self":[{"href":"https:\/\/www.oidossucios.com\/site\/wp-json\/wp\/v2\/posts\/6393","targetHints":{"allow":["GET"]}}],"collection":[{"href":"https:\/\/www.oidossucios.com\/site\/wp-json\/wp\/v2\/posts"}],"about":[{"href":"https:\/\/www.oidossucios.com\/site\/wp-json\/wp\/v2\/types\/post"}],"author":[{"embeddable":true,"href":"https:\/\/www.oidossucios.com\/site\/wp-json\/wp\/v2\/users\/4"}],"replies":[{"embeddable":true,"href":"https:\/\/www.oidossucios.com\/site\/wp-json\/wp\/v2\/comments?post=6393"}],"version-history":[{"count":0,"href":"https:\/\/www.oidossucios.com\/site\/wp-json\/wp\/v2\/posts\/6393\/revisions"}],"wp:featuredmedia":[{"embeddable":true,"href":"https:\/\/www.oidossucios.com\/site\/wp-json\/wp\/v2\/media\/100006393"}],"wp:attachment":[{"href":"https:\/\/www.oidossucios.com\/site\/wp-json\/wp\/v2\/media?parent=6393"}],"wp:term":[{"taxonomy":"category","embeddable":true,"href":"https:\/\/www.oidossucios.com\/site\/wp-json\/wp\/v2\/categories?post=6393"},{"taxonomy":"post_tag","embeddable":true,"href":"https:\/\/www.oidossucios.com\/site\/wp-json\/wp\/v2\/tags?post=6393"}],"curies":[{"name":"wp","href":"https:\/\/api.w.org\/{rel}","templated":true}]}}