{"id":6398,"date":"2012-11-13T17:10:00","date_gmt":"2012-11-13T17:10:00","guid":{"rendered":"https:\/\/www.oidossucios.com\/site\/2012\/11\/13\/brandon-flowers-the-killers-quiere-trabajar-con-muse\/"},"modified":"2012-11-13T17:10:00","modified_gmt":"2012-11-13T17:10:00","slug":"brandon-flowers-the-killers-quiere-trabajar-con-muse","status":"publish","type":"post","link":"https:\/\/www.oidossucios.com\/site\/brandon-flowers-the-killers-quiere-trabajar-con-muse\/","title":{"rendered":"Brandon Flowers (The Killers) quiere trabajar con Muse"},"content":{"rendered":"<p><![endif]-->Brandon Flowers, l\u00edder de The Killers, revel\u00f3 sus intenciones de grabar alguna canci\u00f3n con Muse.<\/p>\n<p>Las dos bandas tocaron la noche del pasado domingo en los Mtv Europe Music Awards en Frankfurt. En dicho evento, Flowers dijo al diario brit\u00e1nico The Sun que le encantar\u00eda hacer algo con la banda de Matt Bellamy. &#8220;Nos hemos hecho muy amigos&#8221; coment\u00f3 Flowers. &#8220;Nos llevamos tan bien, que no descarto trabajar junto con ellos en un futuro no muy lejano&#8221; agreg\u00f3.<\/p>\n<p>Tambi\u00e9n dijo que, en caso que esto suceda, ser\u00eda espectacular: &#8220;Los coros ser\u00edan mostruosos&#8221;. Ambas bandas se encuentran promocionando sus m\u00e1s recientes producciones, y est\u00e1n por iniciar sus respectivos tours, por lo que dicha colaboraci\u00f3n tendr\u00eda que esperar.<\/p>\n<p>Fuente: www.rollingstone.com.mx<!--[if gte mso 10]> <\/style>\n\n <![endif]--><\/p>\n","protected":false},"excerpt":{"rendered":"<p>Brandon Flowers, l\u00edder de The Killers, revel\u00f3 sus intenciones de grabar alguna canci\u00f3n con Muse. Las dos bandas tocaron la noche del pasado domingo en los Mtv Europe Music Awards en Frankfurt. En dicho evento, Flowers dijo al diario brit\u00e1nico The Sun que le encantar\u00eda hacer algo con la banda de Matt Bellamy. &#8220;Nos hemos [&hellip;]<\/p>\n","protected":false},"author":4,"featured_media":100006398,"comment_status":"open","ping_status":"open","sticky":false,"template":"","format":"standard","meta":{"_jetpack_memberships_contains_paid_content":false,"footnotes":""},"categories":[142],"tags":[],"class_list":["post-6398","post","type-post","status-publish","format-standard","has-post-thumbnail","hentry","category-buzznews"],"jetpack_featured_media_url":"https:\/\/www.oidossucios.com\/site\/wp-content\/uploads\/2012\/11\/6398.jpg","yoast_head":"<!-- This site is optimized with the Yoast SEO plugin v14.0.4 - https:\/\/yoast.com\/wordpress\/plugins\/seo\/ -->\n<title>Brandon Flowers (The Killers) quiere trabajar con Muse - OidosSucios.Com<\/title>\n<meta name=\"robots\" content=\"index, follow\" \/>\n<meta name=\"googlebot\" content=\"index, follow, max-snippet:-1, max-image-preview:large, max-video-preview:-1\" \/>\n<meta name=\"bingbot\" content=\"index, follow, max-snippet:-1, max-image-preview:large, max-video-preview:-1\" \/>\n<link rel=\"canonical\" href=\"https:\/\/www.oidossucios.com\/site\/brandon-flowers-the-killers-quiere-trabajar-con-muse\/\" \/>\n<meta property=\"og:locale\" content=\"es_ES\" \/>\n<meta property=\"og:type\" content=\"article\" \/>\n<meta property=\"og:title\" content=\"Brandon Flowers (The Killers) quiere trabajar con Muse - OidosSucios.Com\" \/>\n<meta property=\"og:description\" content=\"Brandon Flowers, l\u00edder de The Killers, revel\u00f3 sus intenciones de grabar alguna canci\u00f3n con Muse. Las dos bandas tocaron la noche del pasado domingo en los Mtv Europe Music Awards en Frankfurt. En dicho evento, Flowers dijo al diario brit\u00e1nico The Sun que le encantar\u00eda hacer algo con la banda de Matt Bellamy. &#8220;Nos hemos [&hellip;]\" \/>\n<meta property=\"og:url\" content=\"https:\/\/www.oidossucios.com\/site\/brandon-flowers-the-killers-quiere-trabajar-con-muse\/\" \/>\n<meta property=\"og:site_name\" content=\"OidosSucios.Com\" \/>\n<meta property=\"article:published_time\" content=\"2012-11-13T17:10:00+00:00\" \/>\n<meta property=\"og:image\" content=\"https:\/\/www.oidossucios.com\/site\/wp-content\/uploads\/2012\/11\/6398.jpg\" \/>\n\t<meta property=\"og:image:width\" content=\"350\" \/>\n\t<meta property=\"og:image:height\" content=\"300\" \/>\n<meta name=\"twitter:card\" content=\"summary_large_image\" \/>\n<meta name=\"twitter:creator\" content=\"@oidossucios\" \/>\n<script type=\"application\/ld+json\" class=\"yoast-schema-graph\">{\"@context\":\"https:\/\/schema.org\",\"@graph\":[{\"@type\":\"WebSite\",\"@id\":\"https:\/\/www.oidossucios.com\/site\/#website\",\"url\":\"https:\/\/www.oidossucios.com\/site\/\",\"name\":\"OidosSucios.Com\",\"description\":\"M\\u00fasica, conciertos, discos\",\"potentialAction\":[{\"@type\":\"SearchAction\",\"target\":\"https:\/\/www.oidossucios.com\/site\/?s={search_term_string}\",\"query-input\":\"required name=search_term_string\"}],\"inLanguage\":\"es\"},{\"@type\":\"ImageObject\",\"@id\":\"https:\/\/www.oidossucios.com\/site\/brandon-flowers-the-killers-quiere-trabajar-con-muse\/#primaryimage\",\"inLanguage\":\"es\",\"url\":\"https:\/\/www.oidossucios.com\/site\/wp-content\/uploads\/2012\/11\/6398.jpg\",\"width\":350,\"height\":300},{\"@type\":\"WebPage\",\"@id\":\"https:\/\/www.oidossucios.com\/site\/brandon-flowers-the-killers-quiere-trabajar-con-muse\/#webpage\",\"url\":\"https:\/\/www.oidossucios.com\/site\/brandon-flowers-the-killers-quiere-trabajar-con-muse\/\",\"name\":\"Brandon Flowers (The Killers) quiere trabajar con Muse - OidosSucios.Com\",\"isPartOf\":{\"@id\":\"https:\/\/www.oidossucios.com\/site\/#website\"},\"primaryImageOfPage\":{\"@id\":\"https:\/\/www.oidossucios.com\/site\/brandon-flowers-the-killers-quiere-trabajar-con-muse\/#primaryimage\"},\"datePublished\":\"2012-11-13T17:10:00+00:00\",\"dateModified\":\"2012-11-13T17:10:00+00:00\",\"author\":{\"@id\":\"https:\/\/www.oidossucios.com\/site\/#\/schema\/person\/24559eeb76bf83a63296fb072393a688\"},\"inLanguage\":\"es\",\"potentialAction\":[{\"@type\":\"ReadAction\",\"target\":[\"https:\/\/www.oidossucios.com\/site\/brandon-flowers-the-killers-quiere-trabajar-con-muse\/\"]}]},{\"@type\":[\"Person\"],\"@id\":\"https:\/\/www.oidossucios.com\/site\/#\/schema\/person\/24559eeb76bf83a63296fb072393a688\",\"name\":\"Oidossucios\",\"image\":{\"@type\":\"ImageObject\",\"@id\":\"https:\/\/www.oidossucios.com\/site\/#personlogo\",\"inLanguage\":\"es\",\"url\":\"https:\/\/secure.gravatar.com\/avatar\/74fcb480f42f1a33e50a0b6e6369a3f907be2e43dc84fa5f76c66e9c22b4a5ab?s=96&d=mm&r=g\",\"caption\":\"Oidossucios\"},\"sameAs\":[\"https:\/\/twitter.com\/oidossucios\"]}]}<\/script>\n<!-- \/ Yoast SEO plugin. -->","jetpack_sharing_enabled":true,"_links":{"self":[{"href":"https:\/\/www.oidossucios.com\/site\/wp-json\/wp\/v2\/posts\/6398","targetHints":{"allow":["GET"]}}],"collection":[{"href":"https:\/\/www.oidossucios.com\/site\/wp-json\/wp\/v2\/posts"}],"about":[{"href":"https:\/\/www.oidossucios.com\/site\/wp-json\/wp\/v2\/types\/post"}],"author":[{"embeddable":true,"href":"https:\/\/www.oidossucios.com\/site\/wp-json\/wp\/v2\/users\/4"}],"replies":[{"embeddable":true,"href":"https:\/\/www.oidossucios.com\/site\/wp-json\/wp\/v2\/comments?post=6398"}],"version-history":[{"count":0,"href":"https:\/\/www.oidossucios.com\/site\/wp-json\/wp\/v2\/posts\/6398\/revisions"}],"wp:featuredmedia":[{"embeddable":true,"href":"https:\/\/www.oidossucios.com\/site\/wp-json\/wp\/v2\/media\/100006398"}],"wp:attachment":[{"href":"https:\/\/www.oidossucios.com\/site\/wp-json\/wp\/v2\/media?parent=6398"}],"wp:term":[{"taxonomy":"category","embeddable":true,"href":"https:\/\/www.oidossucios.com\/site\/wp-json\/wp\/v2\/categories?post=6398"},{"taxonomy":"post_tag","embeddable":true,"href":"https:\/\/www.oidossucios.com\/site\/wp-json\/wp\/v2\/tags?post=6398"}],"curies":[{"name":"wp","href":"https:\/\/api.w.org\/{rel}","templated":true}]}}