{"id":6399,"date":"2012-11-13T17:15:00","date_gmt":"2012-11-13T17:15:00","guid":{"rendered":"https:\/\/www.oidossucios.com\/site\/2012\/11\/13\/johnny-marr-revelo-detalles-y-video-sobre-su-disco-debut-como-solista\/"},"modified":"2012-11-13T17:15:00","modified_gmt":"2012-11-13T17:15:00","slug":"johnny-marr-revelo-detalles-y-video-sobre-su-disco-debut-como-solista","status":"publish","type":"post","link":"https:\/\/www.oidossucios.com\/site\/johnny-marr-revelo-detalles-y-video-sobre-su-disco-debut-como-solista\/","title":{"rendered":"Johnny Marr revel\u00f3 detalles (y video) sobre su disco debut como solista"},"content":{"rendered":"<p><![endif]-->Johnny Marr lanzar\u00e1 <i>The Messenger<\/i>, su \u00e1lbum debut en solitario el pr\u00f3ximo 26 febrero v\u00eda Sire\/ADA.<\/p>\n<p>Sorpresivamente el legendario guitarrista public\u00f3 el tema y video que da nombre al disco, grabado en Manchester y Berl\u00edn, masterizado en Abbey Road, el cual incluir\u00e1 12 canciones, de las que revel\u00f3 algunos t\u00edtulos como, &#8220;I Want the Heartbeat&#8221;, &#8220;The Ring Thing Right&#8221;, &#8220;Upstart&#8221;, &#8220;World Starts Attack&#8221; y &#8220;European Me&#8221;.<\/p>\n<p>Fuente: www.warp.la<!--[if gte mso 10]> <\/style>\n\n <![endif]--><\/p>\n","protected":false},"excerpt":{"rendered":"<p>Johnny Marr lanzar\u00e1 The Messenger, su \u00e1lbum debut en solitario el pr\u00f3ximo 26 febrero v\u00eda Sire\/ADA. Sorpresivamente el legendario guitarrista public\u00f3 el tema y video que da nombre al disco, grabado en Manchester y Berl\u00edn, masterizado en Abbey Road, el cual incluir\u00e1 12 canciones, de las que revel\u00f3 algunos t\u00edtulos como, &#8220;I Want the Heartbeat&#8221;, [&hellip;]<\/p>\n","protected":false},"author":4,"featured_media":0,"comment_status":"open","ping_status":"open","sticky":false,"template":"","format":"standard","meta":{"_jetpack_memberships_contains_paid_content":false,"footnotes":""},"categories":[142],"tags":[],"class_list":["post-6399","post","type-post","status-publish","format-standard","hentry","category-buzznews"],"jetpack_featured_media_url":"","yoast_head":"<!-- This site is optimized with the Yoast SEO plugin v14.0.4 - https:\/\/yoast.com\/wordpress\/plugins\/seo\/ -->\n<title>Johnny Marr revel\u00f3 detalles (y video) sobre su disco debut como solista - OidosSucios.Com<\/title>\n<meta name=\"robots\" content=\"index, follow\" \/>\n<meta name=\"googlebot\" content=\"index, follow, max-snippet:-1, max-image-preview:large, max-video-preview:-1\" \/>\n<meta name=\"bingbot\" content=\"index, follow, max-snippet:-1, max-image-preview:large, max-video-preview:-1\" \/>\n<link rel=\"canonical\" href=\"https:\/\/www.oidossucios.com\/site\/johnny-marr-revelo-detalles-y-video-sobre-su-disco-debut-como-solista\/\" \/>\n<meta property=\"og:locale\" content=\"es_ES\" \/>\n<meta property=\"og:type\" content=\"article\" \/>\n<meta property=\"og:title\" content=\"Johnny Marr revel\u00f3 detalles (y video) sobre su disco debut como solista - OidosSucios.Com\" \/>\n<meta property=\"og:description\" content=\"Johnny Marr lanzar\u00e1 The Messenger, su \u00e1lbum debut en solitario el pr\u00f3ximo 26 febrero v\u00eda Sire\/ADA. Sorpresivamente el legendario guitarrista public\u00f3 el tema y video que da nombre al disco, grabado en Manchester y Berl\u00edn, masterizado en Abbey Road, el cual incluir\u00e1 12 canciones, de las que revel\u00f3 algunos t\u00edtulos como, &#8220;I Want the Heartbeat&#8221;, [&hellip;]\" \/>\n<meta property=\"og:url\" content=\"https:\/\/www.oidossucios.com\/site\/johnny-marr-revelo-detalles-y-video-sobre-su-disco-debut-como-solista\/\" \/>\n<meta property=\"og:site_name\" content=\"OidosSucios.Com\" \/>\n<meta property=\"article:published_time\" content=\"2012-11-13T17:15:00+00:00\" \/>\n<meta name=\"twitter:card\" content=\"summary_large_image\" \/>\n<meta name=\"twitter:creator\" content=\"@oidossucios\" \/>\n<script type=\"application\/ld+json\" class=\"yoast-schema-graph\">{\"@context\":\"https:\/\/schema.org\",\"@graph\":[{\"@type\":\"WebSite\",\"@id\":\"https:\/\/www.oidossucios.com\/site\/#website\",\"url\":\"https:\/\/www.oidossucios.com\/site\/\",\"name\":\"OidosSucios.Com\",\"description\":\"M\\u00fasica, conciertos, discos\",\"potentialAction\":[{\"@type\":\"SearchAction\",\"target\":\"https:\/\/www.oidossucios.com\/site\/?s={search_term_string}\",\"query-input\":\"required name=search_term_string\"}],\"inLanguage\":\"es\"},{\"@type\":\"WebPage\",\"@id\":\"https:\/\/www.oidossucios.com\/site\/johnny-marr-revelo-detalles-y-video-sobre-su-disco-debut-como-solista\/#webpage\",\"url\":\"https:\/\/www.oidossucios.com\/site\/johnny-marr-revelo-detalles-y-video-sobre-su-disco-debut-como-solista\/\",\"name\":\"Johnny Marr revel\\u00f3 detalles (y video) sobre su disco debut como solista - OidosSucios.Com\",\"isPartOf\":{\"@id\":\"https:\/\/www.oidossucios.com\/site\/#website\"},\"datePublished\":\"2012-11-13T17:15:00+00:00\",\"dateModified\":\"2012-11-13T17:15:00+00:00\",\"author\":{\"@id\":\"https:\/\/www.oidossucios.com\/site\/#\/schema\/person\/24559eeb76bf83a63296fb072393a688\"},\"inLanguage\":\"es\",\"potentialAction\":[{\"@type\":\"ReadAction\",\"target\":[\"https:\/\/www.oidossucios.com\/site\/johnny-marr-revelo-detalles-y-video-sobre-su-disco-debut-como-solista\/\"]}]},{\"@type\":[\"Person\"],\"@id\":\"https:\/\/www.oidossucios.com\/site\/#\/schema\/person\/24559eeb76bf83a63296fb072393a688\",\"name\":\"Oidossucios\",\"image\":{\"@type\":\"ImageObject\",\"@id\":\"https:\/\/www.oidossucios.com\/site\/#personlogo\",\"inLanguage\":\"es\",\"url\":\"https:\/\/secure.gravatar.com\/avatar\/74fcb480f42f1a33e50a0b6e6369a3f907be2e43dc84fa5f76c66e9c22b4a5ab?s=96&d=mm&r=g\",\"caption\":\"Oidossucios\"},\"sameAs\":[\"https:\/\/twitter.com\/oidossucios\"]}]}<\/script>\n<!-- \/ Yoast SEO plugin. -->","jetpack_sharing_enabled":true,"_links":{"self":[{"href":"https:\/\/www.oidossucios.com\/site\/wp-json\/wp\/v2\/posts\/6399","targetHints":{"allow":["GET"]}}],"collection":[{"href":"https:\/\/www.oidossucios.com\/site\/wp-json\/wp\/v2\/posts"}],"about":[{"href":"https:\/\/www.oidossucios.com\/site\/wp-json\/wp\/v2\/types\/post"}],"author":[{"embeddable":true,"href":"https:\/\/www.oidossucios.com\/site\/wp-json\/wp\/v2\/users\/4"}],"replies":[{"embeddable":true,"href":"https:\/\/www.oidossucios.com\/site\/wp-json\/wp\/v2\/comments?post=6399"}],"version-history":[{"count":0,"href":"https:\/\/www.oidossucios.com\/site\/wp-json\/wp\/v2\/posts\/6399\/revisions"}],"wp:attachment":[{"href":"https:\/\/www.oidossucios.com\/site\/wp-json\/wp\/v2\/media?parent=6399"}],"wp:term":[{"taxonomy":"category","embeddable":true,"href":"https:\/\/www.oidossucios.com\/site\/wp-json\/wp\/v2\/categories?post=6399"},{"taxonomy":"post_tag","embeddable":true,"href":"https:\/\/www.oidossucios.com\/site\/wp-json\/wp\/v2\/tags?post=6399"}],"curies":[{"name":"wp","href":"https:\/\/api.w.org\/{rel}","templated":true}]}}