{"id":6400,"date":"2012-11-13T17:22:00","date_gmt":"2012-11-13T17:22:00","guid":{"rendered":"https:\/\/www.oidossucios.com\/site\/2012\/11\/13\/jim-james-my-morning-jacket-revela-detalles-y-primer-sencillo-de-su-album-solista\/"},"modified":"2012-11-13T17:22:00","modified_gmt":"2012-11-13T17:22:00","slug":"jim-james-my-morning-jacket-revela-detalles-y-primer-sencillo-de-su-album-solista","status":"publish","type":"post","link":"https:\/\/www.oidossucios.com\/site\/jim-james-my-morning-jacket-revela-detalles-y-primer-sencillo-de-su-album-solista\/","title":{"rendered":"Jim James (My Morning Jacket) revela detalles y primer sencillo de su \u00e1lbum solista"},"content":{"rendered":"<p><![endif]-->Jim James, vocalista de My Morning Jacket, anunci\u00f3 el lanzamiento de su \u00e1lbum en solitario, que llevar\u00e1 por nombre, <i>Regions of Light and Sound of God<\/i>, y estar\u00e1 disponible a partir del 5 de febrero.<\/p>\n<p>Ahora, el l\u00edder de la banda estadounidense public\u00f3 &nbsp;el video del primer sencillo &#8220;Know Til Now&#8221;.<\/p>\n<p>El sencillo&nbsp;puede&nbsp;descargarse de forma gratuita&nbsp;en la web oficial del cantante <a href=\"http:\/\/www.jimjames.com\/\">www.jimjames.com<\/a>, donde tambi\u00e9n se ha publicado la portada del \u00e1lbum y el listado definitivo de canciones.<\/p>\n<p>El m\u00fasico de Kentucky, que ha asumido toda la responsabilidad en la grabaci\u00f3n tocando todos los instrumentos y encarg\u00e1ndose de la parte t\u00e9cnica, se ha inspirado para componer el disco en&nbsp;<i>God\u00b4s Man<\/i>, una novela publicada por Lynd Ward en 1929. Seg\u00fan ha comentado el cantante, algunas de las cosas que pasan en el libro le estaban ocurriendo a \u00e9l en la vida real.<!--[if gte mso 10]> <\/style>\n\n <![endif]--><\/p>\n","protected":false},"excerpt":{"rendered":"<p>Jim James, vocalista de My Morning Jacket, anunci\u00f3 el lanzamiento de su \u00e1lbum en solitario, que llevar\u00e1 por nombre, Regions of Light and Sound of God, y estar\u00e1 disponible a partir del 5 de febrero. Ahora, el l\u00edder de la banda estadounidense public\u00f3 &nbsp;el video del primer sencillo &#8220;Know Til Now&#8221;. El sencillo&nbsp;puede&nbsp;descargarse de forma [&hellip;]<\/p>\n","protected":false},"author":4,"featured_media":0,"comment_status":"open","ping_status":"open","sticky":false,"template":"","format":"standard","meta":{"_jetpack_memberships_contains_paid_content":false,"footnotes":""},"categories":[142],"tags":[],"class_list":["post-6400","post","type-post","status-publish","format-standard","hentry","category-buzznews"],"jetpack_featured_media_url":"","yoast_head":"<!-- This site is optimized with the Yoast SEO plugin v14.0.4 - https:\/\/yoast.com\/wordpress\/plugins\/seo\/ -->\n<title>Jim James (My Morning Jacket) revela detalles y primer sencillo de su \u00e1lbum solista - OidosSucios.Com<\/title>\n<meta name=\"robots\" content=\"index, follow\" \/>\n<meta name=\"googlebot\" content=\"index, follow, max-snippet:-1, max-image-preview:large, max-video-preview:-1\" \/>\n<meta name=\"bingbot\" content=\"index, follow, max-snippet:-1, max-image-preview:large, max-video-preview:-1\" \/>\n<link rel=\"canonical\" href=\"https:\/\/www.oidossucios.com\/site\/jim-james-my-morning-jacket-revela-detalles-y-primer-sencillo-de-su-album-solista\/\" \/>\n<meta property=\"og:locale\" content=\"es_ES\" \/>\n<meta property=\"og:type\" content=\"article\" \/>\n<meta property=\"og:title\" content=\"Jim James (My Morning Jacket) revela detalles y primer sencillo de su \u00e1lbum solista - OidosSucios.Com\" \/>\n<meta property=\"og:description\" content=\"Jim James, vocalista de My Morning Jacket, anunci\u00f3 el lanzamiento de su \u00e1lbum en solitario, que llevar\u00e1 por nombre, Regions of Light and Sound of God, y estar\u00e1 disponible a partir del 5 de febrero. Ahora, el l\u00edder de la banda estadounidense public\u00f3 &nbsp;el video del primer sencillo &#8220;Know Til Now&#8221;. El sencillo&nbsp;puede&nbsp;descargarse de forma [&hellip;]\" \/>\n<meta property=\"og:url\" content=\"https:\/\/www.oidossucios.com\/site\/jim-james-my-morning-jacket-revela-detalles-y-primer-sencillo-de-su-album-solista\/\" \/>\n<meta property=\"og:site_name\" content=\"OidosSucios.Com\" \/>\n<meta property=\"article:published_time\" content=\"2012-11-13T17:22:00+00:00\" \/>\n<meta name=\"twitter:card\" content=\"summary_large_image\" \/>\n<meta name=\"twitter:creator\" content=\"@oidossucios\" \/>\n<script type=\"application\/ld+json\" class=\"yoast-schema-graph\">{\"@context\":\"https:\/\/schema.org\",\"@graph\":[{\"@type\":\"WebSite\",\"@id\":\"https:\/\/www.oidossucios.com\/site\/#website\",\"url\":\"https:\/\/www.oidossucios.com\/site\/\",\"name\":\"OidosSucios.Com\",\"description\":\"M\\u00fasica, conciertos, discos\",\"potentialAction\":[{\"@type\":\"SearchAction\",\"target\":\"https:\/\/www.oidossucios.com\/site\/?s={search_term_string}\",\"query-input\":\"required name=search_term_string\"}],\"inLanguage\":\"es\"},{\"@type\":\"WebPage\",\"@id\":\"https:\/\/www.oidossucios.com\/site\/jim-james-my-morning-jacket-revela-detalles-y-primer-sencillo-de-su-album-solista\/#webpage\",\"url\":\"https:\/\/www.oidossucios.com\/site\/jim-james-my-morning-jacket-revela-detalles-y-primer-sencillo-de-su-album-solista\/\",\"name\":\"Jim James (My Morning Jacket) revela detalles y primer sencillo de su \\u00e1lbum solista - OidosSucios.Com\",\"isPartOf\":{\"@id\":\"https:\/\/www.oidossucios.com\/site\/#website\"},\"datePublished\":\"2012-11-13T17:22:00+00:00\",\"dateModified\":\"2012-11-13T17:22:00+00:00\",\"author\":{\"@id\":\"https:\/\/www.oidossucios.com\/site\/#\/schema\/person\/24559eeb76bf83a63296fb072393a688\"},\"inLanguage\":\"es\",\"potentialAction\":[{\"@type\":\"ReadAction\",\"target\":[\"https:\/\/www.oidossucios.com\/site\/jim-james-my-morning-jacket-revela-detalles-y-primer-sencillo-de-su-album-solista\/\"]}]},{\"@type\":[\"Person\"],\"@id\":\"https:\/\/www.oidossucios.com\/site\/#\/schema\/person\/24559eeb76bf83a63296fb072393a688\",\"name\":\"Oidossucios\",\"image\":{\"@type\":\"ImageObject\",\"@id\":\"https:\/\/www.oidossucios.com\/site\/#personlogo\",\"inLanguage\":\"es\",\"url\":\"https:\/\/secure.gravatar.com\/avatar\/74fcb480f42f1a33e50a0b6e6369a3f907be2e43dc84fa5f76c66e9c22b4a5ab?s=96&d=mm&r=g\",\"caption\":\"Oidossucios\"},\"sameAs\":[\"https:\/\/twitter.com\/oidossucios\"]}]}<\/script>\n<!-- \/ Yoast SEO plugin. -->","jetpack_sharing_enabled":true,"_links":{"self":[{"href":"https:\/\/www.oidossucios.com\/site\/wp-json\/wp\/v2\/posts\/6400","targetHints":{"allow":["GET"]}}],"collection":[{"href":"https:\/\/www.oidossucios.com\/site\/wp-json\/wp\/v2\/posts"}],"about":[{"href":"https:\/\/www.oidossucios.com\/site\/wp-json\/wp\/v2\/types\/post"}],"author":[{"embeddable":true,"href":"https:\/\/www.oidossucios.com\/site\/wp-json\/wp\/v2\/users\/4"}],"replies":[{"embeddable":true,"href":"https:\/\/www.oidossucios.com\/site\/wp-json\/wp\/v2\/comments?post=6400"}],"version-history":[{"count":0,"href":"https:\/\/www.oidossucios.com\/site\/wp-json\/wp\/v2\/posts\/6400\/revisions"}],"wp:attachment":[{"href":"https:\/\/www.oidossucios.com\/site\/wp-json\/wp\/v2\/media?parent=6400"}],"wp:term":[{"taxonomy":"category","embeddable":true,"href":"https:\/\/www.oidossucios.com\/site\/wp-json\/wp\/v2\/categories?post=6400"},{"taxonomy":"post_tag","embeddable":true,"href":"https:\/\/www.oidossucios.com\/site\/wp-json\/wp\/v2\/tags?post=6400"}],"curies":[{"name":"wp","href":"https:\/\/api.w.org\/{rel}","templated":true}]}}