{"id":6406,"date":"2012-11-14T19:43:00","date_gmt":"2012-11-14T19:43:00","guid":{"rendered":"https:\/\/www.oidossucios.com\/site\/2012\/11\/14\/desorden-publico-vuelve-a-colombia\/"},"modified":"2012-11-14T19:43:00","modified_gmt":"2012-11-14T19:43:00","slug":"desorden-publico-vuelve-a-colombia","status":"publish","type":"post","link":"https:\/\/www.oidossucios.com\/site\/desorden-publico-vuelve-a-colombia\/","title":{"rendered":"Desorden P\u00fablico vuelve a Colombia"},"content":{"rendered":"<p><![endif]--> <\/p>\n<p>Desorden P\u00fablico, la agrupaci\u00f3n Ska m\u00e1s importante y longeva de Latinoam\u00e9rica regresa a la capital de Colombia, Bogot\u00e1, para presentarse en vivo.<\/p>\n<p>Fue en Rock Al Parque 2005 cuando se vio por \u00faltima vez a los &#8220;desordenados&#8221; por tierras colombianas. En aquella oportunidad supieron arrancar la mejor energ\u00eda en &#8220;la olla&#8221; del Parque Sim\u00f3n Bol\u00edvar y los mejores comentarios de la prensa y medios especializados.<\/p>\n<p>Finalmente, se alinearon las variables y&nbsp;Desorden P\u00fablico&nbsp;regresa a ofrecer un \u00fanico concierto en Bogot\u00e1. La movida ser\u00e1 el s\u00e1bado 24 de noviembre en el Vinacure, Carrera 13 #63-32 Int 7 Antiguo Teatro Libertador, a partir de las 8 de la noche.<\/p>\n<p>Con 27 a\u00f1os de trayectoria, estos tienen 14 \u00e1lbumes en su haber, que incluyen grabaciones en estudio, placas en directo y acoples especiales para el mercado norteamericano, europeo y japon\u00e9s; ventas de oro y platino; DVDs y hasta libros editados en su honor. Han realizado al menos nueve tours por Europa, han tocado por Jap\u00f3n y Australia, y le han dado la vuelta a nuestro continente con docenas de presentaciones en El Caribe, norte, centro y Suram\u00e9rica.<\/p>\n<p>Su m\u00e1s reciente producci\u00f3n,&nbsp;<i>Los Contrarios<\/i>&nbsp;(Radio Pirata R\u00e9cords, 2011) es ya disco de platino en Venezuela, y desde Alemania se hizo acreedor del galard\u00f3n como <a href=\"http:\/\/www.joescholes.com\/best-ska-album-2011\/\">Mejor Disco Ska del Mundo.<\/a>&nbsp;<i>Los Contrarios<\/i>&nbsp;cuenta adem\u00e1s con invitados de alto calibre. Rub\u00e9n Albarr\u00e1n, cantante de&nbsp;Caf\u00e9 Tacvba&nbsp;de M\u00e9xico; Andreas Frege &#8220;Campino&#8221;, cantante del descomunal quinteto punk alem\u00e1n&nbsp;Die Toten Hosen; Kunikazu Tanaka, reconocido saxofonista de la movida ska de Tokyo; y Nereida y Betsayda Machado, voces de la agrupaci\u00f3n afrovenezolana&nbsp;Vasallos del Sol.<\/p>\n<p>Dentro de la lista de pr\u00f3ximos lanzamientos,&nbsp;Desorden P\u00fablico&nbsp;tiene en agenda para este 2012 la edici\u00f3n de su DVD <i>Los Contrarios en Europa<\/i>, donde presentan en un documental de 120 minutos su paso por m\u00faltiples escenarios del viejo continente.<\/p>\n<p>Tambi\u00e9n editan su CD <i>Desorden Org\u00e1nico<\/i> donde muestran algunos de sus grandes \u00e9xitos en formato ac\u00fastico. Cabe mencionar que actualmente est\u00e1n llevando a cabo, en Venezuela, dos tours paralelos: Los Contrarios \u0096a full banda\u0096 y su m\u00e1s \u00edntimo Org\u00e1nico.<\/p>\n<p><!--[if gte mso 10]> <\/style>\n\n <![endif]--><\/p>\n","protected":false},"excerpt":{"rendered":"<p>Desorden P\u00fablico, la agrupaci\u00f3n Ska m\u00e1s importante y longeva de Latinoam\u00e9rica regresa a la capital de Colombia, Bogot\u00e1, para presentarse en vivo. Fue en Rock Al Parque 2005 cuando se vio por \u00faltima vez a los &#8220;desordenados&#8221; por tierras colombianas. En aquella oportunidad supieron arrancar la mejor energ\u00eda en &#8220;la olla&#8221; del Parque Sim\u00f3n Bol\u00edvar [&hellip;]<\/p>\n","protected":false},"author":4,"featured_media":100006406,"comment_status":"open","ping_status":"open","sticky":false,"template":"","format":"standard","meta":{"_jetpack_memberships_contains_paid_content":false,"footnotes":""},"categories":[142],"tags":[],"class_list":["post-6406","post","type-post","status-publish","format-standard","has-post-thumbnail","hentry","category-buzznews"],"jetpack_featured_media_url":"https:\/\/www.oidossucios.com\/site\/wp-content\/uploads\/2012\/11\/6406.jpg","yoast_head":"<!-- This site is optimized with the Yoast SEO plugin v14.0.4 - https:\/\/yoast.com\/wordpress\/plugins\/seo\/ -->\n<title>Desorden P\u00fablico vuelve a Colombia - OidosSucios.Com<\/title>\n<meta name=\"robots\" content=\"index, follow\" \/>\n<meta name=\"googlebot\" content=\"index, follow, max-snippet:-1, max-image-preview:large, max-video-preview:-1\" \/>\n<meta name=\"bingbot\" content=\"index, follow, max-snippet:-1, max-image-preview:large, max-video-preview:-1\" \/>\n<link rel=\"canonical\" href=\"https:\/\/www.oidossucios.com\/site\/desorden-publico-vuelve-a-colombia\/\" \/>\n<meta property=\"og:locale\" content=\"es_ES\" \/>\n<meta property=\"og:type\" content=\"article\" \/>\n<meta property=\"og:title\" content=\"Desorden P\u00fablico vuelve a Colombia - OidosSucios.Com\" \/>\n<meta property=\"og:description\" content=\"Desorden P\u00fablico, la agrupaci\u00f3n Ska m\u00e1s importante y longeva de Latinoam\u00e9rica regresa a la capital de Colombia, Bogot\u00e1, para presentarse en vivo. Fue en Rock Al Parque 2005 cuando se vio por \u00faltima vez a los &#8220;desordenados&#8221; por tierras colombianas. En aquella oportunidad supieron arrancar la mejor energ\u00eda en &#8220;la olla&#8221; del Parque Sim\u00f3n Bol\u00edvar [&hellip;]\" \/>\n<meta property=\"og:url\" content=\"https:\/\/www.oidossucios.com\/site\/desorden-publico-vuelve-a-colombia\/\" \/>\n<meta property=\"og:site_name\" content=\"OidosSucios.Com\" \/>\n<meta property=\"article:published_time\" content=\"2012-11-14T19:43:00+00:00\" \/>\n<meta property=\"og:image\" content=\"https:\/\/www.oidossucios.com\/site\/wp-content\/uploads\/2012\/11\/6406.jpg\" \/>\n\t<meta property=\"og:image:width\" content=\"350\" \/>\n\t<meta property=\"og:image:height\" content=\"300\" \/>\n<meta name=\"twitter:card\" content=\"summary_large_image\" \/>\n<meta name=\"twitter:creator\" content=\"@oidossucios\" \/>\n<script type=\"application\/ld+json\" class=\"yoast-schema-graph\">{\"@context\":\"https:\/\/schema.org\",\"@graph\":[{\"@type\":\"WebSite\",\"@id\":\"https:\/\/www.oidossucios.com\/site\/#website\",\"url\":\"https:\/\/www.oidossucios.com\/site\/\",\"name\":\"OidosSucios.Com\",\"description\":\"M\\u00fasica, conciertos, discos\",\"potentialAction\":[{\"@type\":\"SearchAction\",\"target\":\"https:\/\/www.oidossucios.com\/site\/?s={search_term_string}\",\"query-input\":\"required name=search_term_string\"}],\"inLanguage\":\"es\"},{\"@type\":\"ImageObject\",\"@id\":\"https:\/\/www.oidossucios.com\/site\/desorden-publico-vuelve-a-colombia\/#primaryimage\",\"inLanguage\":\"es\",\"url\":\"https:\/\/www.oidossucios.com\/site\/wp-content\/uploads\/2012\/11\/6406.jpg\",\"width\":350,\"height\":300},{\"@type\":\"WebPage\",\"@id\":\"https:\/\/www.oidossucios.com\/site\/desorden-publico-vuelve-a-colombia\/#webpage\",\"url\":\"https:\/\/www.oidossucios.com\/site\/desorden-publico-vuelve-a-colombia\/\",\"name\":\"Desorden P\\u00fablico vuelve a Colombia - OidosSucios.Com\",\"isPartOf\":{\"@id\":\"https:\/\/www.oidossucios.com\/site\/#website\"},\"primaryImageOfPage\":{\"@id\":\"https:\/\/www.oidossucios.com\/site\/desorden-publico-vuelve-a-colombia\/#primaryimage\"},\"datePublished\":\"2012-11-14T19:43:00+00:00\",\"dateModified\":\"2012-11-14T19:43:00+00:00\",\"author\":{\"@id\":\"https:\/\/www.oidossucios.com\/site\/#\/schema\/person\/24559eeb76bf83a63296fb072393a688\"},\"inLanguage\":\"es\",\"potentialAction\":[{\"@type\":\"ReadAction\",\"target\":[\"https:\/\/www.oidossucios.com\/site\/desorden-publico-vuelve-a-colombia\/\"]}]},{\"@type\":[\"Person\"],\"@id\":\"https:\/\/www.oidossucios.com\/site\/#\/schema\/person\/24559eeb76bf83a63296fb072393a688\",\"name\":\"Oidossucios\",\"image\":{\"@type\":\"ImageObject\",\"@id\":\"https:\/\/www.oidossucios.com\/site\/#personlogo\",\"inLanguage\":\"es\",\"url\":\"https:\/\/secure.gravatar.com\/avatar\/74fcb480f42f1a33e50a0b6e6369a3f907be2e43dc84fa5f76c66e9c22b4a5ab?s=96&d=mm&r=g\",\"caption\":\"Oidossucios\"},\"sameAs\":[\"https:\/\/twitter.com\/oidossucios\"]}]}<\/script>\n<!-- \/ Yoast SEO plugin. -->","jetpack_sharing_enabled":true,"_links":{"self":[{"href":"https:\/\/www.oidossucios.com\/site\/wp-json\/wp\/v2\/posts\/6406","targetHints":{"allow":["GET"]}}],"collection":[{"href":"https:\/\/www.oidossucios.com\/site\/wp-json\/wp\/v2\/posts"}],"about":[{"href":"https:\/\/www.oidossucios.com\/site\/wp-json\/wp\/v2\/types\/post"}],"author":[{"embeddable":true,"href":"https:\/\/www.oidossucios.com\/site\/wp-json\/wp\/v2\/users\/4"}],"replies":[{"embeddable":true,"href":"https:\/\/www.oidossucios.com\/site\/wp-json\/wp\/v2\/comments?post=6406"}],"version-history":[{"count":0,"href":"https:\/\/www.oidossucios.com\/site\/wp-json\/wp\/v2\/posts\/6406\/revisions"}],"wp:featuredmedia":[{"embeddable":true,"href":"https:\/\/www.oidossucios.com\/site\/wp-json\/wp\/v2\/media\/100006406"}],"wp:attachment":[{"href":"https:\/\/www.oidossucios.com\/site\/wp-json\/wp\/v2\/media?parent=6406"}],"wp:term":[{"taxonomy":"category","embeddable":true,"href":"https:\/\/www.oidossucios.com\/site\/wp-json\/wp\/v2\/categories?post=6406"},{"taxonomy":"post_tag","embeddable":true,"href":"https:\/\/www.oidossucios.com\/site\/wp-json\/wp\/v2\/tags?post=6406"}],"curies":[{"name":"wp","href":"https:\/\/api.w.org\/{rel}","templated":true}]}}