{"id":6411,"date":"2012-11-15T05:12:00","date_gmt":"2012-11-15T05:12:00","guid":{"rendered":"https:\/\/www.oidossucios.com\/site\/2012\/11\/15\/the-killers-cancela-concierto-despues-de-4-canciones-porque-brandon-flowers-no-podia-cantar\/"},"modified":"2012-11-15T05:12:00","modified_gmt":"2012-11-15T05:12:00","slug":"the-killers-cancela-concierto-despues-de-4-canciones-porque-brandon-flowers-no-podia-cantar","status":"publish","type":"post","link":"https:\/\/www.oidossucios.com\/site\/the-killers-cancela-concierto-despues-de-4-canciones-porque-brandon-flowers-no-podia-cantar\/","title":{"rendered":"The Killers cancela concierto despu\u00e9s de 4 canciones porque Brandon Flowers no pod\u00eda cantar"},"content":{"rendered":"<p>Un&nbsp;intenso dolor de garganta oblig\u00f3 al vocalista de The Killers, Brandon Flowers, a cancelar el concierto que iniciaron hace dos noches en Manchester. Tras s\u00f3lo cuatro canciones, el l\u00edder del grupo de rock de Las Vegas advirti\u00f3 al p\u00fablico brit\u00e1nico que no pod\u00eda continuar con la presentaci\u00f3n.<\/p>\n<p>&#8220;Lo siento, nunca he hecho esto antes, pero tenemos que parar. No puedo cantar. No s\u00e9 qu\u00e9 m\u00e1s decirles. Lo siento. S\u00e9 que es frustrante para ustedes y lo lamento. Les prometo que volveremos. Tenemos muchas ganas de tocar para ustedes, pero no puedo, lo siento mucho&#8221;, afirm\u00f3 Flowers.<\/p>\n<p>El p\u00fablico qued\u00f3 en silencio al escuchar las palabras del cantante, pero luego, cuando comenz\u00f3 a salir del escenario, recibi\u00f3 aplausos tanto \u00e9l como el resto de la alineaci\u00f3n.<\/p>\n<p>Horas despu\u00e9s The Killiers public\u00f3 en su Facebook un mensaje dirigido a quienes acudieron al concierto en Manchester, y anunciaron que tambi\u00e9n cancelar\u00e1n el show de hoy.<\/p>\n<p>&#8220;Manchester, empezamos algo que no pudimos terminar y lo lamentamos mucho. Estamos trabajando en re pautar el show de esta anoche y de ma\u00f1ana. Les daremos a conocer las nuevas fechas&#8221;, indicaron en la red social.<\/p>\n<p>El vocero del recinto en que se presentaban, Matt Ward, explic\u00f3 al portal de&nbsp;NME&nbsp;que &#8220;los dos shows en el Manchester Arena de The Killers, fijados para el martes 13 y mi\u00e9rcoles 14 de noviembre, fueron pospuestos. El vocalista, Brandon Flowers, tuvo que tomarse un receso en la presentaci\u00f3n del martes, debido a un dolor de garganta. Desafortunadamente, no fue capaz de continuar con el resto del show&#8221;.<\/p>\n<p>La banda tambi\u00e9n hab\u00eda fijado dos conciertos para el viernes y s\u00e1bado, los cuales, hasta ahora, siguen en marcha.<\/p>\n<p>Fuente: www.laverdad.com<![endif]--><!--[if gte mso 10]> <\/style>\n\n <![endif]--><\/p>\n","protected":false},"excerpt":{"rendered":"<p>Un&nbsp;intenso dolor de garganta oblig\u00f3 al vocalista de The Killers, Brandon Flowers, a cancelar el concierto que iniciaron hace dos noches en Manchester. Tras s\u00f3lo cuatro canciones, el l\u00edder del grupo de rock de Las Vegas advirti\u00f3 al p\u00fablico brit\u00e1nico que no pod\u00eda continuar con la presentaci\u00f3n. &#8220;Lo siento, nunca he hecho esto antes, pero [&hellip;]<\/p>\n","protected":false},"author":4,"featured_media":0,"comment_status":"open","ping_status":"open","sticky":false,"template":"","format":"standard","meta":{"_jetpack_memberships_contains_paid_content":false,"footnotes":""},"categories":[142],"tags":[],"class_list":["post-6411","post","type-post","status-publish","format-standard","hentry","category-buzznews"],"jetpack_featured_media_url":"","yoast_head":"<!-- This site is optimized with the Yoast SEO plugin v14.0.4 - https:\/\/yoast.com\/wordpress\/plugins\/seo\/ -->\n<title>The Killers cancela concierto despu\u00e9s de 4 canciones porque Brandon Flowers no pod\u00eda cantar - OidosSucios.Com<\/title>\n<meta name=\"robots\" content=\"index, follow\" \/>\n<meta name=\"googlebot\" content=\"index, follow, max-snippet:-1, max-image-preview:large, max-video-preview:-1\" \/>\n<meta name=\"bingbot\" content=\"index, follow, max-snippet:-1, max-image-preview:large, max-video-preview:-1\" \/>\n<link rel=\"canonical\" href=\"https:\/\/www.oidossucios.com\/site\/the-killers-cancela-concierto-despues-de-4-canciones-porque-brandon-flowers-no-podia-cantar\/\" \/>\n<meta property=\"og:locale\" content=\"es_ES\" \/>\n<meta property=\"og:type\" content=\"article\" \/>\n<meta property=\"og:title\" content=\"The Killers cancela concierto despu\u00e9s de 4 canciones porque Brandon Flowers no pod\u00eda cantar - OidosSucios.Com\" \/>\n<meta property=\"og:description\" content=\"Un&nbsp;intenso dolor de garganta oblig\u00f3 al vocalista de The Killers, Brandon Flowers, a cancelar el concierto que iniciaron hace dos noches en Manchester. Tras s\u00f3lo cuatro canciones, el l\u00edder del grupo de rock de Las Vegas advirti\u00f3 al p\u00fablico brit\u00e1nico que no pod\u00eda continuar con la presentaci\u00f3n. &#8220;Lo siento, nunca he hecho esto antes, pero [&hellip;]\" \/>\n<meta property=\"og:url\" content=\"https:\/\/www.oidossucios.com\/site\/the-killers-cancela-concierto-despues-de-4-canciones-porque-brandon-flowers-no-podia-cantar\/\" \/>\n<meta property=\"og:site_name\" content=\"OidosSucios.Com\" \/>\n<meta property=\"article:published_time\" content=\"2012-11-15T05:12:00+00:00\" \/>\n<meta name=\"twitter:card\" content=\"summary_large_image\" \/>\n<meta name=\"twitter:creator\" content=\"@oidossucios\" \/>\n<script type=\"application\/ld+json\" class=\"yoast-schema-graph\">{\"@context\":\"https:\/\/schema.org\",\"@graph\":[{\"@type\":\"WebSite\",\"@id\":\"https:\/\/www.oidossucios.com\/site\/#website\",\"url\":\"https:\/\/www.oidossucios.com\/site\/\",\"name\":\"OidosSucios.Com\",\"description\":\"M\\u00fasica, conciertos, discos\",\"potentialAction\":[{\"@type\":\"SearchAction\",\"target\":\"https:\/\/www.oidossucios.com\/site\/?s={search_term_string}\",\"query-input\":\"required name=search_term_string\"}],\"inLanguage\":\"es\"},{\"@type\":\"WebPage\",\"@id\":\"https:\/\/www.oidossucios.com\/site\/the-killers-cancela-concierto-despues-de-4-canciones-porque-brandon-flowers-no-podia-cantar\/#webpage\",\"url\":\"https:\/\/www.oidossucios.com\/site\/the-killers-cancela-concierto-despues-de-4-canciones-porque-brandon-flowers-no-podia-cantar\/\",\"name\":\"The Killers cancela concierto despu\\u00e9s de 4 canciones porque Brandon Flowers no pod\\u00eda cantar - OidosSucios.Com\",\"isPartOf\":{\"@id\":\"https:\/\/www.oidossucios.com\/site\/#website\"},\"datePublished\":\"2012-11-15T05:12:00+00:00\",\"dateModified\":\"2012-11-15T05:12:00+00:00\",\"author\":{\"@id\":\"https:\/\/www.oidossucios.com\/site\/#\/schema\/person\/24559eeb76bf83a63296fb072393a688\"},\"inLanguage\":\"es\",\"potentialAction\":[{\"@type\":\"ReadAction\",\"target\":[\"https:\/\/www.oidossucios.com\/site\/the-killers-cancela-concierto-despues-de-4-canciones-porque-brandon-flowers-no-podia-cantar\/\"]}]},{\"@type\":[\"Person\"],\"@id\":\"https:\/\/www.oidossucios.com\/site\/#\/schema\/person\/24559eeb76bf83a63296fb072393a688\",\"name\":\"Oidossucios\",\"image\":{\"@type\":\"ImageObject\",\"@id\":\"https:\/\/www.oidossucios.com\/site\/#personlogo\",\"inLanguage\":\"es\",\"url\":\"https:\/\/secure.gravatar.com\/avatar\/74fcb480f42f1a33e50a0b6e6369a3f907be2e43dc84fa5f76c66e9c22b4a5ab?s=96&d=mm&r=g\",\"caption\":\"Oidossucios\"},\"sameAs\":[\"https:\/\/twitter.com\/oidossucios\"]}]}<\/script>\n<!-- \/ Yoast SEO plugin. -->","jetpack_sharing_enabled":true,"_links":{"self":[{"href":"https:\/\/www.oidossucios.com\/site\/wp-json\/wp\/v2\/posts\/6411","targetHints":{"allow":["GET"]}}],"collection":[{"href":"https:\/\/www.oidossucios.com\/site\/wp-json\/wp\/v2\/posts"}],"about":[{"href":"https:\/\/www.oidossucios.com\/site\/wp-json\/wp\/v2\/types\/post"}],"author":[{"embeddable":true,"href":"https:\/\/www.oidossucios.com\/site\/wp-json\/wp\/v2\/users\/4"}],"replies":[{"embeddable":true,"href":"https:\/\/www.oidossucios.com\/site\/wp-json\/wp\/v2\/comments?post=6411"}],"version-history":[{"count":0,"href":"https:\/\/www.oidossucios.com\/site\/wp-json\/wp\/v2\/posts\/6411\/revisions"}],"wp:attachment":[{"href":"https:\/\/www.oidossucios.com\/site\/wp-json\/wp\/v2\/media?parent=6411"}],"wp:term":[{"taxonomy":"category","embeddable":true,"href":"https:\/\/www.oidossucios.com\/site\/wp-json\/wp\/v2\/categories?post=6411"},{"taxonomy":"post_tag","embeddable":true,"href":"https:\/\/www.oidossucios.com\/site\/wp-json\/wp\/v2\/tags?post=6411"}],"curies":[{"name":"wp","href":"https:\/\/api.w.org\/{rel}","templated":true}]}}