{"id":6435,"date":"2012-11-20T18:13:00","date_gmt":"2012-11-20T18:13:00","guid":{"rendered":"https:\/\/www.oidossucios.com\/site\/2012\/11\/20\/dave-grohl-sera-el-orador-principal-del-south-by-southwest-2013\/"},"modified":"2012-11-20T18:13:00","modified_gmt":"2012-11-20T18:13:00","slug":"dave-grohl-sera-el-orador-principal-del-south-by-southwest-2013","status":"publish","type":"post","link":"https:\/\/www.oidossucios.com\/site\/dave-grohl-sera-el-orador-principal-del-south-by-southwest-2013\/","title":{"rendered":"Dave Grohl ser\u00e1 el orador principal del South by Southwest 2013"},"content":{"rendered":"<p><![endif]-->A trav\u00e9s de su&nbsp;<a target=\"_blank\" href=\"http:\/\/sxsw.com\/music\/news\/dave-grohl-confirmed-keynote-speaker-sxsw-music-2013\" rel=\"noopener noreferrer\">sitio<\/a>, South by Southwest (SXSW) confirm\u00f3 al m\u00fasico, Dave Grohl como su orador principal para la edici\u00f3n 2013 de este multidisciplinario festival. El discurso lo realizar\u00e1 el jueves 14 de marzo de 2013 en el Austin Convention Center, sede de los eventos musicales de SXSW.<\/p>\n<p>Los organizadores destacan la carrera de Grohl, desde sus inicios en la escena punk de DC a la edad de 17 a\u00f1os hasta los logros internacionales que ha alcanzado como l\u00edder de Foo Fighters, pasando por su importante paso en Nirvana como baterista y colaboraciones con leyendas de la talla de Led Zeppelin, Paul McCartney, David Bowie, Mick Jagger, Neil Young, Lemmy Kilmister entre muchos otros y creado bandas como Them Crooked Vultures con John Paul Jones y Josh Homme o Tenacious D. Su m\u00e1s reciente proyecto es la realizaci\u00f3n de su primer pel\u00edcula llamada, <i>Sound City: Real to Reel<\/i> en los roles de productor y director, que cuenta la historia de los m\u00edticos estudios Sound City donde han grabado artistas como Neil Young, Fleetwood Mac, Tom Petty, Nine Inch Nails, Johnny Cash e inclusive Nirvana.<\/p>\n<p>La pl\u00e1tica de Dave Grohl, dar\u00e1 inicio a la parte musical de SXSW 2013. Para registrarse a este festival ingresa a&nbsp;<a href=\"http:\/\/www.sxsw.com\/\">www.sxsw.com<\/a>.<\/p>\n<p>Fuente: www.warp.la<!--[if gte mso 10]> <\/style>\n\n <![endif]--><\/p>\n","protected":false},"excerpt":{"rendered":"<p>A trav\u00e9s de su&nbsp;sitio, South by Southwest (SXSW) confirm\u00f3 al m\u00fasico, Dave Grohl como su orador principal para la edici\u00f3n 2013 de este multidisciplinario festival. El discurso lo realizar\u00e1 el jueves 14 de marzo de 2013 en el Austin Convention Center, sede de los eventos musicales de SXSW. Los organizadores destacan la carrera de Grohl, [&hellip;]<\/p>\n","protected":false},"author":4,"featured_media":100006435,"comment_status":"open","ping_status":"open","sticky":false,"template":"","format":"standard","meta":{"_jetpack_memberships_contains_paid_content":false,"footnotes":""},"categories":[142],"tags":[],"class_list":["post-6435","post","type-post","status-publish","format-standard","has-post-thumbnail","hentry","category-buzznews"],"jetpack_featured_media_url":"https:\/\/www.oidossucios.com\/site\/wp-content\/uploads\/2012\/11\/6435.jpg","yoast_head":"<!-- This site is optimized with the Yoast SEO plugin v14.0.4 - https:\/\/yoast.com\/wordpress\/plugins\/seo\/ -->\n<title>Dave Grohl ser\u00e1 el orador principal del South by Southwest 2013 - OidosSucios.Com<\/title>\n<meta name=\"robots\" content=\"index, follow\" \/>\n<meta name=\"googlebot\" content=\"index, follow, max-snippet:-1, max-image-preview:large, max-video-preview:-1\" \/>\n<meta name=\"bingbot\" content=\"index, follow, max-snippet:-1, max-image-preview:large, max-video-preview:-1\" \/>\n<link rel=\"canonical\" href=\"https:\/\/www.oidossucios.com\/site\/dave-grohl-sera-el-orador-principal-del-south-by-southwest-2013\/\" \/>\n<meta property=\"og:locale\" content=\"es_ES\" \/>\n<meta property=\"og:type\" content=\"article\" \/>\n<meta property=\"og:title\" content=\"Dave Grohl ser\u00e1 el orador principal del South by Southwest 2013 - OidosSucios.Com\" \/>\n<meta property=\"og:description\" content=\"A trav\u00e9s de su&nbsp;sitio, South by Southwest (SXSW) confirm\u00f3 al m\u00fasico, Dave Grohl como su orador principal para la edici\u00f3n 2013 de este multidisciplinario festival. El discurso lo realizar\u00e1 el jueves 14 de marzo de 2013 en el Austin Convention Center, sede de los eventos musicales de SXSW. Los organizadores destacan la carrera de Grohl, [&hellip;]\" \/>\n<meta property=\"og:url\" content=\"https:\/\/www.oidossucios.com\/site\/dave-grohl-sera-el-orador-principal-del-south-by-southwest-2013\/\" \/>\n<meta property=\"og:site_name\" content=\"OidosSucios.Com\" \/>\n<meta property=\"article:published_time\" content=\"2012-11-20T18:13:00+00:00\" \/>\n<meta property=\"og:image\" content=\"https:\/\/www.oidossucios.com\/site\/wp-content\/uploads\/2012\/11\/6435.jpg\" \/>\n\t<meta property=\"og:image:width\" content=\"350\" \/>\n\t<meta property=\"og:image:height\" content=\"300\" \/>\n<meta name=\"twitter:card\" content=\"summary_large_image\" \/>\n<meta name=\"twitter:creator\" content=\"@oidossucios\" \/>\n<script type=\"application\/ld+json\" class=\"yoast-schema-graph\">{\"@context\":\"https:\/\/schema.org\",\"@graph\":[{\"@type\":\"WebSite\",\"@id\":\"https:\/\/www.oidossucios.com\/site\/#website\",\"url\":\"https:\/\/www.oidossucios.com\/site\/\",\"name\":\"OidosSucios.Com\",\"description\":\"M\\u00fasica, conciertos, discos\",\"potentialAction\":[{\"@type\":\"SearchAction\",\"target\":\"https:\/\/www.oidossucios.com\/site\/?s={search_term_string}\",\"query-input\":\"required name=search_term_string\"}],\"inLanguage\":\"es\"},{\"@type\":\"ImageObject\",\"@id\":\"https:\/\/www.oidossucios.com\/site\/dave-grohl-sera-el-orador-principal-del-south-by-southwest-2013\/#primaryimage\",\"inLanguage\":\"es\",\"url\":\"https:\/\/www.oidossucios.com\/site\/wp-content\/uploads\/2012\/11\/6435.jpg\",\"width\":350,\"height\":300},{\"@type\":\"WebPage\",\"@id\":\"https:\/\/www.oidossucios.com\/site\/dave-grohl-sera-el-orador-principal-del-south-by-southwest-2013\/#webpage\",\"url\":\"https:\/\/www.oidossucios.com\/site\/dave-grohl-sera-el-orador-principal-del-south-by-southwest-2013\/\",\"name\":\"Dave Grohl ser\\u00e1 el orador principal del South by Southwest 2013 - OidosSucios.Com\",\"isPartOf\":{\"@id\":\"https:\/\/www.oidossucios.com\/site\/#website\"},\"primaryImageOfPage\":{\"@id\":\"https:\/\/www.oidossucios.com\/site\/dave-grohl-sera-el-orador-principal-del-south-by-southwest-2013\/#primaryimage\"},\"datePublished\":\"2012-11-20T18:13:00+00:00\",\"dateModified\":\"2012-11-20T18:13:00+00:00\",\"author\":{\"@id\":\"https:\/\/www.oidossucios.com\/site\/#\/schema\/person\/24559eeb76bf83a63296fb072393a688\"},\"inLanguage\":\"es\",\"potentialAction\":[{\"@type\":\"ReadAction\",\"target\":[\"https:\/\/www.oidossucios.com\/site\/dave-grohl-sera-el-orador-principal-del-south-by-southwest-2013\/\"]}]},{\"@type\":[\"Person\"],\"@id\":\"https:\/\/www.oidossucios.com\/site\/#\/schema\/person\/24559eeb76bf83a63296fb072393a688\",\"name\":\"Oidossucios\",\"image\":{\"@type\":\"ImageObject\",\"@id\":\"https:\/\/www.oidossucios.com\/site\/#personlogo\",\"inLanguage\":\"es\",\"url\":\"https:\/\/secure.gravatar.com\/avatar\/74fcb480f42f1a33e50a0b6e6369a3f907be2e43dc84fa5f76c66e9c22b4a5ab?s=96&d=mm&r=g\",\"caption\":\"Oidossucios\"},\"sameAs\":[\"https:\/\/twitter.com\/oidossucios\"]}]}<\/script>\n<!-- \/ Yoast SEO plugin. -->","jetpack_sharing_enabled":true,"_links":{"self":[{"href":"https:\/\/www.oidossucios.com\/site\/wp-json\/wp\/v2\/posts\/6435","targetHints":{"allow":["GET"]}}],"collection":[{"href":"https:\/\/www.oidossucios.com\/site\/wp-json\/wp\/v2\/posts"}],"about":[{"href":"https:\/\/www.oidossucios.com\/site\/wp-json\/wp\/v2\/types\/post"}],"author":[{"embeddable":true,"href":"https:\/\/www.oidossucios.com\/site\/wp-json\/wp\/v2\/users\/4"}],"replies":[{"embeddable":true,"href":"https:\/\/www.oidossucios.com\/site\/wp-json\/wp\/v2\/comments?post=6435"}],"version-history":[{"count":0,"href":"https:\/\/www.oidossucios.com\/site\/wp-json\/wp\/v2\/posts\/6435\/revisions"}],"wp:featuredmedia":[{"embeddable":true,"href":"https:\/\/www.oidossucios.com\/site\/wp-json\/wp\/v2\/media\/100006435"}],"wp:attachment":[{"href":"https:\/\/www.oidossucios.com\/site\/wp-json\/wp\/v2\/media?parent=6435"}],"wp:term":[{"taxonomy":"category","embeddable":true,"href":"https:\/\/www.oidossucios.com\/site\/wp-json\/wp\/v2\/categories?post=6435"},{"taxonomy":"post_tag","embeddable":true,"href":"https:\/\/www.oidossucios.com\/site\/wp-json\/wp\/v2\/tags?post=6435"}],"curies":[{"name":"wp","href":"https:\/\/api.w.org\/{rel}","templated":true}]}}