{"id":644,"date":"2002-08-03T04:14:00","date_gmt":"2002-08-03T04:14:00","guid":{"rendered":"https:\/\/www.oidossucios.com\/site\/2002\/08\/03\/ozzy-vuelve-al-ozzfest\/"},"modified":"2002-08-03T04:14:00","modified_gmt":"2002-08-03T04:14:00","slug":"ozzy-vuelve-al-ozzfest","status":"publish","type":"post","link":"https:\/\/www.oidossucios.com\/site\/ozzy-vuelve-al-ozzfest\/","title":{"rendered":"Ozzy vuelve al Ozzfest"},"content":{"rendered":"<p>El alejamiento de Ozzy Ozbourne de su propio tour, el popular Ozzfest, debido al tratamiento de quimioterapia al que est\u00e1 siendo sometida su esposa Sharon,  dur\u00f3 menos de lo esperado, ya que este 7 agosto volver\u00e1 a incorporarse al festival, y no el 22, como en un principio se hab\u00eda anunciado.<\/p>\n<p>Un portavoz familiar confirm\u00f3 la noticia a MTV, alegando adem\u00e1s que aunque Ozzy ha estado muy deca\u00eddo debido a la situaci\u00f3n por la cual atraviesa su esposa, ella misma fue quien le pidi\u00f3 que se reincorporase a la gira.<\/p>\n<p>El 7 de agosto el Ozzfest pasar\u00e1 por Clarkston (Michigan), ciudad que presenciar\u00e1 el retorno del fundador de Black Sabbath, el cual, solo perdi\u00f3 dos fechas de su gira, la del 3 de agosto en Columbus (Ohio) y la del 4 en Cleveland.<\/p>\n","protected":false},"excerpt":{"rendered":"<p>El alejamiento de Ozzy Ozbourne del Ozzfest debido al tratamiento de quimioterapia de su esposa dur\u00f3 menos de lo esperado. La semana que viene regresar\u00e1 a los escenarios.<\/p>\n","protected":false},"author":4,"featured_media":0,"comment_status":"open","ping_status":"open","sticky":false,"template":"","format":"standard","meta":{"_jetpack_memberships_contains_paid_content":false,"footnotes":""},"categories":[250],"tags":[],"class_list":["post-644","post","type-post","status-publish","format-standard","hentry","category-noticias"],"jetpack_featured_media_url":"","yoast_head":"<!-- This site is optimized with the Yoast SEO plugin v14.0.4 - https:\/\/yoast.com\/wordpress\/plugins\/seo\/ -->\n<title>Ozzy vuelve al Ozzfest - OidosSucios.Com<\/title>\n<meta name=\"description\" content=\"La banda metalera caraque\u00f1a se coron\u00f3 en la duod\u00e9cima edici\u00f3n del Festival Nuevas Bandas que se llev\u00f3 a cabo este fin de semana en Caracas, en donde compiti\u00f3 contra Colectivo Proyectil, Silfo, Hora Cero, D\u00faplex y Le Merm.\" \/>\n<meta name=\"robots\" content=\"index, follow\" \/>\n<meta name=\"googlebot\" content=\"index, follow, max-snippet:-1, max-image-preview:large, max-video-preview:-1\" \/>\n<meta name=\"bingbot\" content=\"index, follow, max-snippet:-1, max-image-preview:large, max-video-preview:-1\" \/>\n<link rel=\"canonical\" href=\"https:\/\/www.oidossucios.com\/site\/ozzy-vuelve-al-ozzfest\/\" \/>\n<meta property=\"og:locale\" content=\"es_ES\" \/>\n<meta property=\"og:type\" content=\"article\" \/>\n<meta property=\"og:title\" content=\"Ozzy vuelve al Ozzfest - OidosSucios.Com\" \/>\n<meta property=\"og:description\" content=\"La banda metalera caraque\u00f1a se coron\u00f3 en la duod\u00e9cima edici\u00f3n del Festival Nuevas Bandas que se llev\u00f3 a cabo este fin de semana en Caracas, en donde compiti\u00f3 contra Colectivo Proyectil, Silfo, Hora Cero, D\u00faplex y Le Merm.\" \/>\n<meta property=\"og:url\" content=\"https:\/\/www.oidossucios.com\/site\/ozzy-vuelve-al-ozzfest\/\" \/>\n<meta property=\"og:site_name\" content=\"OidosSucios.Com\" \/>\n<meta property=\"article:published_time\" content=\"2002-08-03T04:14:00+00:00\" \/>\n<meta name=\"twitter:card\" content=\"summary_large_image\" \/>\n<meta name=\"twitter:creator\" content=\"@oidossucios\" \/>\n<script type=\"application\/ld+json\" class=\"yoast-schema-graph\">{\"@context\":\"https:\/\/schema.org\",\"@graph\":[{\"@type\":\"WebSite\",\"@id\":\"https:\/\/www.oidossucios.com\/site\/#website\",\"url\":\"https:\/\/www.oidossucios.com\/site\/\",\"name\":\"OidosSucios.Com\",\"description\":\"M\\u00fasica, conciertos, discos\",\"potentialAction\":[{\"@type\":\"SearchAction\",\"target\":\"https:\/\/www.oidossucios.com\/site\/?s={search_term_string}\",\"query-input\":\"required name=search_term_string\"}],\"inLanguage\":\"es\"},{\"@type\":\"WebPage\",\"@id\":\"https:\/\/www.oidossucios.com\/site\/ozzy-vuelve-al-ozzfest\/#webpage\",\"url\":\"https:\/\/www.oidossucios.com\/site\/ozzy-vuelve-al-ozzfest\/\",\"name\":\"Ozzy vuelve al Ozzfest - OidosSucios.Com\",\"isPartOf\":{\"@id\":\"https:\/\/www.oidossucios.com\/site\/#website\"},\"datePublished\":\"2002-08-03T04:14:00+00:00\",\"dateModified\":\"2002-08-03T04:14:00+00:00\",\"author\":{\"@id\":\"https:\/\/www.oidossucios.com\/site\/#\/schema\/person\/24559eeb76bf83a63296fb072393a688\"},\"description\":\"La banda metalera caraque\\u00f1a se coron\\u00f3 en la duod\\u00e9cima edici\\u00f3n del Festival Nuevas Bandas que se llev\\u00f3 a cabo este fin de semana en Caracas, en donde compiti\\u00f3 contra Colectivo Proyectil, Silfo, Hora Cero, D\\u00faplex y Le Merm.\",\"inLanguage\":\"es\",\"potentialAction\":[{\"@type\":\"ReadAction\",\"target\":[\"https:\/\/www.oidossucios.com\/site\/ozzy-vuelve-al-ozzfest\/\"]}]},{\"@type\":[\"Person\"],\"@id\":\"https:\/\/www.oidossucios.com\/site\/#\/schema\/person\/24559eeb76bf83a63296fb072393a688\",\"name\":\"Oidossucios\",\"image\":{\"@type\":\"ImageObject\",\"@id\":\"https:\/\/www.oidossucios.com\/site\/#personlogo\",\"inLanguage\":\"es\",\"url\":\"https:\/\/secure.gravatar.com\/avatar\/74fcb480f42f1a33e50a0b6e6369a3f907be2e43dc84fa5f76c66e9c22b4a5ab?s=96&d=mm&r=g\",\"caption\":\"Oidossucios\"},\"sameAs\":[\"https:\/\/twitter.com\/oidossucios\"]}]}<\/script>\n<!-- \/ Yoast SEO plugin. -->","jetpack_sharing_enabled":true,"_links":{"self":[{"href":"https:\/\/www.oidossucios.com\/site\/wp-json\/wp\/v2\/posts\/644","targetHints":{"allow":["GET"]}}],"collection":[{"href":"https:\/\/www.oidossucios.com\/site\/wp-json\/wp\/v2\/posts"}],"about":[{"href":"https:\/\/www.oidossucios.com\/site\/wp-json\/wp\/v2\/types\/post"}],"author":[{"embeddable":true,"href":"https:\/\/www.oidossucios.com\/site\/wp-json\/wp\/v2\/users\/4"}],"replies":[{"embeddable":true,"href":"https:\/\/www.oidossucios.com\/site\/wp-json\/wp\/v2\/comments?post=644"}],"version-history":[{"count":0,"href":"https:\/\/www.oidossucios.com\/site\/wp-json\/wp\/v2\/posts\/644\/revisions"}],"wp:attachment":[{"href":"https:\/\/www.oidossucios.com\/site\/wp-json\/wp\/v2\/media?parent=644"}],"wp:term":[{"taxonomy":"category","embeddable":true,"href":"https:\/\/www.oidossucios.com\/site\/wp-json\/wp\/v2\/categories?post=644"},{"taxonomy":"post_tag","embeddable":true,"href":"https:\/\/www.oidossucios.com\/site\/wp-json\/wp\/v2\/tags?post=644"}],"curies":[{"name":"wp","href":"https:\/\/api.w.org\/{rel}","templated":true}]}}