{"id":6448,"date":"2012-11-22T18:34:00","date_gmt":"2012-11-22T18:34:00","guid":{"rendered":"https:\/\/www.oidossucios.com\/site\/2012\/11\/22\/scott-weiland-creo-que-es-el-momento-indicado-para-que-vuelva-velvet-revolver\/"},"modified":"2012-11-22T18:34:00","modified_gmt":"2012-11-22T18:34:00","slug":"scott-weiland-creo-que-es-el-momento-indicado-para-que-vuelva-velvet-revolver","status":"publish","type":"post","link":"https:\/\/www.oidossucios.com\/site\/scott-weiland-creo-que-es-el-momento-indicado-para-que-vuelva-velvet-revolver\/","title":{"rendered":"Scott Weiland: &#8220;Creo que es el momento indicado para que vuelva Velvet Revolver&#8221;"},"content":{"rendered":"<p><![endif]-->Es la confirmaci\u00f3n que varios est\u00e1n esperando. Uno de los que muere de ganas de que sea as\u00ed es, casualmente, uno de los protagonistas de la historia. Scott Weiland cont\u00f3 que est\u00e1 muy entusiasmado por la posibilidad de que Velvet Revolver se vuelva a reunir.<\/p>\n<p>&#8220;Estoy completamente abierto a que pase y s\u00e9 que hay otros chicos de la banda que tambi\u00e9n tienen ganas&#8221;, dijo Weiland a la revista Rolling Stone. &#8220;Algunas cosas que se interpusieron no tienen nada que ver con la banda \u0096otros jugadores, pueden ser agentes\u0085- Pero estamos resolviendo las cosas, queremos empezar a escribir (\u0085) y tratar de arreglar las cosas para que vuelvan a ser como en un principio&#8221;.<\/p>\n<p>&#8220;Creo que es el momento indicado para que vuelva Velvet Revolver. Slash estuvo haciendo algunas cosas incre\u00edbles. Espero que llegue el momento en el que pueda verlo a mi izquierda y del otro lado a Duff McKagan; quien, en mi opini\u00f3n, es sin ninguna duda uno de los mejores bajistas del rock and roll y del punk de todos los tiempos. Y todav\u00eda est\u00e1 en un excelente estado&#8221;, asegur\u00f3. &#8220;Con Matt&nbsp;(Sorum)&nbsp;y Dave&nbsp;(Kushner)&nbsp;me pasa lo mismo, creo que son excelentes m\u00fasicos. Me encantar\u00eda que pase. Como dice el viejo clich\u00e9 &#8220;Si los dioses del rock quieren que pase, entonces as\u00ed ser\u00e1&#8221;&#8221;.<\/p>\n<p>De acuerdo con las declaraciones de Weiland parece que la vuelta de Velvet Revolver es casi un hecho. \u00bfOpinar\u00e1n lo mismo el resto de los m\u00fasicos?<\/p>\n<p>Fuente: www.fmrockandpop.com<!--[if gte mso 10]> <\/style>\n\n <![endif]--><\/p>\n","protected":false},"excerpt":{"rendered":"<p>Es la confirmaci\u00f3n que varios est\u00e1n esperando. Uno de los que muere de ganas de que sea as\u00ed es, casualmente, uno de los protagonistas de la historia. Scott Weiland cont\u00f3 que est\u00e1 muy entusiasmado por la posibilidad de que Velvet Revolver se vuelva a reunir. &#8220;Estoy completamente abierto a que pase y s\u00e9 que hay [&hellip;]<\/p>\n","protected":false},"author":4,"featured_media":100006448,"comment_status":"open","ping_status":"open","sticky":false,"template":"","format":"standard","meta":{"_jetpack_memberships_contains_paid_content":false,"footnotes":""},"categories":[142],"tags":[],"class_list":["post-6448","post","type-post","status-publish","format-standard","has-post-thumbnail","hentry","category-buzznews"],"jetpack_featured_media_url":"https:\/\/www.oidossucios.com\/site\/wp-content\/uploads\/2012\/11\/6448.jpg","yoast_head":"<!-- This site is optimized with the Yoast SEO plugin v14.0.4 - https:\/\/yoast.com\/wordpress\/plugins\/seo\/ -->\n<title>Scott Weiland: &quot;Creo que es el momento indicado para que vuelva Velvet Revolver&quot; - OidosSucios.Com<\/title>\n<meta name=\"robots\" content=\"index, follow\" \/>\n<meta name=\"googlebot\" content=\"index, follow, max-snippet:-1, max-image-preview:large, max-video-preview:-1\" \/>\n<meta name=\"bingbot\" content=\"index, follow, max-snippet:-1, max-image-preview:large, max-video-preview:-1\" \/>\n<link rel=\"canonical\" href=\"https:\/\/www.oidossucios.com\/site\/scott-weiland-creo-que-es-el-momento-indicado-para-que-vuelva-velvet-revolver\/\" \/>\n<meta property=\"og:locale\" content=\"es_ES\" \/>\n<meta property=\"og:type\" content=\"article\" \/>\n<meta property=\"og:title\" content=\"Scott Weiland: &quot;Creo que es el momento indicado para que vuelva Velvet Revolver&quot; - OidosSucios.Com\" \/>\n<meta property=\"og:description\" content=\"Es la confirmaci\u00f3n que varios est\u00e1n esperando. Uno de los que muere de ganas de que sea as\u00ed es, casualmente, uno de los protagonistas de la historia. Scott Weiland cont\u00f3 que est\u00e1 muy entusiasmado por la posibilidad de que Velvet Revolver se vuelva a reunir. &#8220;Estoy completamente abierto a que pase y s\u00e9 que hay [&hellip;]\" \/>\n<meta property=\"og:url\" content=\"https:\/\/www.oidossucios.com\/site\/scott-weiland-creo-que-es-el-momento-indicado-para-que-vuelva-velvet-revolver\/\" \/>\n<meta property=\"og:site_name\" content=\"OidosSucios.Com\" \/>\n<meta property=\"article:published_time\" content=\"2012-11-22T18:34:00+00:00\" \/>\n<meta property=\"og:image\" content=\"https:\/\/www.oidossucios.com\/site\/wp-content\/uploads\/2012\/11\/6448.jpg\" \/>\n\t<meta property=\"og:image:width\" content=\"350\" \/>\n\t<meta property=\"og:image:height\" content=\"300\" \/>\n<meta name=\"twitter:card\" content=\"summary_large_image\" \/>\n<meta name=\"twitter:creator\" content=\"@oidossucios\" \/>\n<script type=\"application\/ld+json\" class=\"yoast-schema-graph\">{\"@context\":\"https:\/\/schema.org\",\"@graph\":[{\"@type\":\"WebSite\",\"@id\":\"https:\/\/www.oidossucios.com\/site\/#website\",\"url\":\"https:\/\/www.oidossucios.com\/site\/\",\"name\":\"OidosSucios.Com\",\"description\":\"M\\u00fasica, conciertos, discos\",\"potentialAction\":[{\"@type\":\"SearchAction\",\"target\":\"https:\/\/www.oidossucios.com\/site\/?s={search_term_string}\",\"query-input\":\"required name=search_term_string\"}],\"inLanguage\":\"es\"},{\"@type\":\"ImageObject\",\"@id\":\"https:\/\/www.oidossucios.com\/site\/scott-weiland-creo-que-es-el-momento-indicado-para-que-vuelva-velvet-revolver\/#primaryimage\",\"inLanguage\":\"es\",\"url\":\"https:\/\/www.oidossucios.com\/site\/wp-content\/uploads\/2012\/11\/6448.jpg\",\"width\":350,\"height\":300},{\"@type\":\"WebPage\",\"@id\":\"https:\/\/www.oidossucios.com\/site\/scott-weiland-creo-que-es-el-momento-indicado-para-que-vuelva-velvet-revolver\/#webpage\",\"url\":\"https:\/\/www.oidossucios.com\/site\/scott-weiland-creo-que-es-el-momento-indicado-para-que-vuelva-velvet-revolver\/\",\"name\":\"Scott Weiland: \\\"Creo que es el momento indicado para que vuelva Velvet Revolver\\\" - OidosSucios.Com\",\"isPartOf\":{\"@id\":\"https:\/\/www.oidossucios.com\/site\/#website\"},\"primaryImageOfPage\":{\"@id\":\"https:\/\/www.oidossucios.com\/site\/scott-weiland-creo-que-es-el-momento-indicado-para-que-vuelva-velvet-revolver\/#primaryimage\"},\"datePublished\":\"2012-11-22T18:34:00+00:00\",\"dateModified\":\"2012-11-22T18:34:00+00:00\",\"author\":{\"@id\":\"https:\/\/www.oidossucios.com\/site\/#\/schema\/person\/24559eeb76bf83a63296fb072393a688\"},\"inLanguage\":\"es\",\"potentialAction\":[{\"@type\":\"ReadAction\",\"target\":[\"https:\/\/www.oidossucios.com\/site\/scott-weiland-creo-que-es-el-momento-indicado-para-que-vuelva-velvet-revolver\/\"]}]},{\"@type\":[\"Person\"],\"@id\":\"https:\/\/www.oidossucios.com\/site\/#\/schema\/person\/24559eeb76bf83a63296fb072393a688\",\"name\":\"Oidossucios\",\"image\":{\"@type\":\"ImageObject\",\"@id\":\"https:\/\/www.oidossucios.com\/site\/#personlogo\",\"inLanguage\":\"es\",\"url\":\"https:\/\/secure.gravatar.com\/avatar\/74fcb480f42f1a33e50a0b6e6369a3f907be2e43dc84fa5f76c66e9c22b4a5ab?s=96&d=mm&r=g\",\"caption\":\"Oidossucios\"},\"sameAs\":[\"https:\/\/twitter.com\/oidossucios\"]}]}<\/script>\n<!-- \/ Yoast SEO plugin. -->","jetpack_sharing_enabled":true,"_links":{"self":[{"href":"https:\/\/www.oidossucios.com\/site\/wp-json\/wp\/v2\/posts\/6448","targetHints":{"allow":["GET"]}}],"collection":[{"href":"https:\/\/www.oidossucios.com\/site\/wp-json\/wp\/v2\/posts"}],"about":[{"href":"https:\/\/www.oidossucios.com\/site\/wp-json\/wp\/v2\/types\/post"}],"author":[{"embeddable":true,"href":"https:\/\/www.oidossucios.com\/site\/wp-json\/wp\/v2\/users\/4"}],"replies":[{"embeddable":true,"href":"https:\/\/www.oidossucios.com\/site\/wp-json\/wp\/v2\/comments?post=6448"}],"version-history":[{"count":0,"href":"https:\/\/www.oidossucios.com\/site\/wp-json\/wp\/v2\/posts\/6448\/revisions"}],"wp:featuredmedia":[{"embeddable":true,"href":"https:\/\/www.oidossucios.com\/site\/wp-json\/wp\/v2\/media\/100006448"}],"wp:attachment":[{"href":"https:\/\/www.oidossucios.com\/site\/wp-json\/wp\/v2\/media?parent=6448"}],"wp:term":[{"taxonomy":"category","embeddable":true,"href":"https:\/\/www.oidossucios.com\/site\/wp-json\/wp\/v2\/categories?post=6448"},{"taxonomy":"post_tag","embeddable":true,"href":"https:\/\/www.oidossucios.com\/site\/wp-json\/wp\/v2\/tags?post=6448"}],"curies":[{"name":"wp","href":"https:\/\/api.w.org\/{rel}","templated":true}]}}