{"id":6456,"date":"2012-11-23T21:37:00","date_gmt":"2012-11-23T21:37:00","guid":{"rendered":"https:\/\/www.oidossucios.com\/site\/2012\/11\/23\/grabaciones-de-paul-mccartney-y-bob-dylan-al-salon-de-la-fama-del-grammy\/"},"modified":"2012-11-23T21:37:00","modified_gmt":"2012-11-23T21:37:00","slug":"grabaciones-de-paul-mccartney-y-bob-dylan-al-salon-de-la-fama-del-grammy","status":"publish","type":"post","link":"https:\/\/www.oidossucios.com\/site\/grabaciones-de-paul-mccartney-y-bob-dylan-al-salon-de-la-fama-del-grammy\/","title":{"rendered":"Grabaciones de Paul McCartney y Bob Dylan al Sal\u00f3n de la Fama del Grammy"},"content":{"rendered":"<p><![endif]-->Grabaciones de Paul McCartney y Bob Dylan est\u00e1n entre las 27 inducidas al Sal\u00f3n de la Fama del Grammy, junto con trabajos de AC\/DC, Frank Sinatra, Elton John, Billy Joel y Whitney Houston.<\/p>\n<p>La pieza del exBeatle, son de su etapa con The Wings, &#8220;Band on the Run&#8221;, de Dylan se incluir\u00e1 &#8220;The Times They Are A-Changin&#8221;, por su parte AC\/DC recibir\u00e1 los honores por &#8220;Back in Black&#8221; y Sinatra por &#8220;Theme From New York, New York&#8221;.<\/p>\n<p>&#8220;Con la celebraci\u00f3n de los 40 a\u00f1os del Sal\u00f3n de la Fama del Grammy, es especialmente importante notar que estas entradas contin\u00faan con la tradici\u00f3n de inducir una variedad de grabaciones que han inspirado e influenciado tanto a tantos m\u00fasicos por generaciones&#8221;, dijo Neil Portnow, Presidente y CEO de la Academia. &#8220;Estamos orgullosos de agregarlas a nuestro creciente cat\u00e1logo de grabaciones sobresalientes que se han convertido en parte de nuestra historia cultural, musical y social&#8221;.<\/p>\n<p>La 55\u00aa ceremonia del Grammy se llevar\u00e1 a cabo el 10 de febrero de 2013. A continuaci\u00f3n la lista completa:<\/p>\n<p>Buck Owens, &#8220;Act Naturally&#8221;<br \/>Louis Jordan And His Tympany Five, &#8220;Ain\u00b4t Nobody Here But Us Chickens&#8221;<br \/>Joe Falcon, &#8220;Allons \u00c0 Lafayette&#8221;<br \/>AC\/DC, &#8220;Back In Black&#8221;<br \/>Paul McCartney &amp; Wings, &#8220;Band On The Run&#8221;<br \/>W.H. Stepp, &#8220;Bonaparte\u00b4s Retreat&#8221;<br \/>Lennie Tristano Sextet, &#8220;Crosscurrents&#8221;<br \/>Carols Gardel, &#8220;El D\u00eda Que Me Quieras&#8221;<br \/>Elton John, &#8220;Elton John&#8221;<br \/>Lester Flatt, Earl Scruggs And The Foggy Mountain Boys, &#8220;Foggy Mountain Banjo&#8221;<br \/>Little Richard, &#8220;Here\u00b4s Little Richard&#8221;<br \/>Ray Charles, &#8220;Hit The Road Jack&#8221;<br \/>Willie Mae &#8220;Big Mama&#8221; Thornton, &#8220;Hound Dog&#8221;<br \/>James Brown, &#8220;I Got You (I Feel Good)&#8221;<br \/>John Coltrane And Johnny Hartman, &#8220;John Coltrane And Johnny Hartman&#8221;<br \/>Original Broadway Cast, &#8220;Lost In The Stars&#8221;<br \/>Son House, &#8220;My Black Mama [Parts 1 and 2]&#8221;<br \/>Francis Craig And His Orchestra, &#8220;Near You&#8221;<br \/>The Drifters, &#8220;On Broadway&#8221;<br \/>Billy Joel, &#8220;Piano Man&#8221;<br \/>Memphis Jug Band, &#8220;Stealin\u00b4 Stealin&#8221;<br \/>Richard Pryor, &#8220;That Nigger\u00b4s Crazy&#8221;<br \/>Frank Sinatra, &#8220;Theme From New York, New York&#8221;<br \/>Bob Dylan, &#8220;The Times They Are A-Changin&#8221;<br \/>Ernest V. &#8220;Pop&#8221; Stoneman, &#8220;The Titanic&#8221;<br \/>Whitney Houston, &#8220;Whitney Houston&#8221;<\/p>\n<p>Fuente: www.warp.la<!--[if gte mso 10]> <\/style>\n\n <![endif]--><\/p>\n","protected":false},"excerpt":{"rendered":"<p>Grabaciones de Paul McCartney y Bob Dylan est\u00e1n entre las 27 inducidas al Sal\u00f3n de la Fama del Grammy, junto con trabajos de AC\/DC, Frank Sinatra, Elton John, Billy Joel y Whitney Houston. La pieza del exBeatle, son de su etapa con The Wings, &#8220;Band on the Run&#8221;, de Dylan se incluir\u00e1 &#8220;The Times They [&hellip;]<\/p>\n","protected":false},"author":4,"featured_media":100006456,"comment_status":"open","ping_status":"open","sticky":false,"template":"","format":"standard","meta":{"_jetpack_memberships_contains_paid_content":false,"footnotes":""},"categories":[142],"tags":[],"class_list":["post-6456","post","type-post","status-publish","format-standard","has-post-thumbnail","hentry","category-buzznews"],"jetpack_featured_media_url":"https:\/\/www.oidossucios.com\/site\/wp-content\/uploads\/2012\/11\/6456.jpg","yoast_head":"<!-- This site is optimized with the Yoast SEO plugin v14.0.4 - https:\/\/yoast.com\/wordpress\/plugins\/seo\/ -->\n<title>Grabaciones de Paul McCartney y Bob Dylan al Sal\u00f3n de la Fama del Grammy - OidosSucios.Com<\/title>\n<meta name=\"robots\" content=\"index, follow\" \/>\n<meta name=\"googlebot\" content=\"index, follow, max-snippet:-1, max-image-preview:large, max-video-preview:-1\" \/>\n<meta name=\"bingbot\" content=\"index, follow, max-snippet:-1, max-image-preview:large, max-video-preview:-1\" \/>\n<link rel=\"canonical\" href=\"https:\/\/www.oidossucios.com\/site\/grabaciones-de-paul-mccartney-y-bob-dylan-al-salon-de-la-fama-del-grammy\/\" \/>\n<meta property=\"og:locale\" content=\"es_ES\" \/>\n<meta property=\"og:type\" content=\"article\" \/>\n<meta property=\"og:title\" content=\"Grabaciones de Paul McCartney y Bob Dylan al Sal\u00f3n de la Fama del Grammy - OidosSucios.Com\" \/>\n<meta property=\"og:description\" content=\"Grabaciones de Paul McCartney y Bob Dylan est\u00e1n entre las 27 inducidas al Sal\u00f3n de la Fama del Grammy, junto con trabajos de AC\/DC, Frank Sinatra, Elton John, Billy Joel y Whitney Houston. La pieza del exBeatle, son de su etapa con The Wings, &#8220;Band on the Run&#8221;, de Dylan se incluir\u00e1 &#8220;The Times They [&hellip;]\" \/>\n<meta property=\"og:url\" content=\"https:\/\/www.oidossucios.com\/site\/grabaciones-de-paul-mccartney-y-bob-dylan-al-salon-de-la-fama-del-grammy\/\" \/>\n<meta property=\"og:site_name\" content=\"OidosSucios.Com\" \/>\n<meta property=\"article:published_time\" content=\"2012-11-23T21:37:00+00:00\" \/>\n<meta property=\"og:image\" content=\"https:\/\/www.oidossucios.com\/site\/wp-content\/uploads\/2012\/11\/6456.jpg\" \/>\n\t<meta property=\"og:image:width\" content=\"350\" \/>\n\t<meta property=\"og:image:height\" content=\"300\" \/>\n<meta name=\"twitter:card\" content=\"summary_large_image\" \/>\n<meta name=\"twitter:creator\" content=\"@oidossucios\" \/>\n<script type=\"application\/ld+json\" class=\"yoast-schema-graph\">{\"@context\":\"https:\/\/schema.org\",\"@graph\":[{\"@type\":\"WebSite\",\"@id\":\"https:\/\/www.oidossucios.com\/site\/#website\",\"url\":\"https:\/\/www.oidossucios.com\/site\/\",\"name\":\"OidosSucios.Com\",\"description\":\"M\\u00fasica, conciertos, discos\",\"potentialAction\":[{\"@type\":\"SearchAction\",\"target\":\"https:\/\/www.oidossucios.com\/site\/?s={search_term_string}\",\"query-input\":\"required name=search_term_string\"}],\"inLanguage\":\"es\"},{\"@type\":\"ImageObject\",\"@id\":\"https:\/\/www.oidossucios.com\/site\/grabaciones-de-paul-mccartney-y-bob-dylan-al-salon-de-la-fama-del-grammy\/#primaryimage\",\"inLanguage\":\"es\",\"url\":\"https:\/\/www.oidossucios.com\/site\/wp-content\/uploads\/2012\/11\/6456.jpg\",\"width\":350,\"height\":300},{\"@type\":\"WebPage\",\"@id\":\"https:\/\/www.oidossucios.com\/site\/grabaciones-de-paul-mccartney-y-bob-dylan-al-salon-de-la-fama-del-grammy\/#webpage\",\"url\":\"https:\/\/www.oidossucios.com\/site\/grabaciones-de-paul-mccartney-y-bob-dylan-al-salon-de-la-fama-del-grammy\/\",\"name\":\"Grabaciones de Paul McCartney y Bob Dylan al Sal\\u00f3n de la Fama del Grammy - OidosSucios.Com\",\"isPartOf\":{\"@id\":\"https:\/\/www.oidossucios.com\/site\/#website\"},\"primaryImageOfPage\":{\"@id\":\"https:\/\/www.oidossucios.com\/site\/grabaciones-de-paul-mccartney-y-bob-dylan-al-salon-de-la-fama-del-grammy\/#primaryimage\"},\"datePublished\":\"2012-11-23T21:37:00+00:00\",\"dateModified\":\"2012-11-23T21:37:00+00:00\",\"author\":{\"@id\":\"https:\/\/www.oidossucios.com\/site\/#\/schema\/person\/24559eeb76bf83a63296fb072393a688\"},\"inLanguage\":\"es\",\"potentialAction\":[{\"@type\":\"ReadAction\",\"target\":[\"https:\/\/www.oidossucios.com\/site\/grabaciones-de-paul-mccartney-y-bob-dylan-al-salon-de-la-fama-del-grammy\/\"]}]},{\"@type\":[\"Person\"],\"@id\":\"https:\/\/www.oidossucios.com\/site\/#\/schema\/person\/24559eeb76bf83a63296fb072393a688\",\"name\":\"Oidossucios\",\"image\":{\"@type\":\"ImageObject\",\"@id\":\"https:\/\/www.oidossucios.com\/site\/#personlogo\",\"inLanguage\":\"es\",\"url\":\"https:\/\/secure.gravatar.com\/avatar\/74fcb480f42f1a33e50a0b6e6369a3f907be2e43dc84fa5f76c66e9c22b4a5ab?s=96&d=mm&r=g\",\"caption\":\"Oidossucios\"},\"sameAs\":[\"https:\/\/twitter.com\/oidossucios\"]}]}<\/script>\n<!-- \/ Yoast SEO plugin. -->","jetpack_sharing_enabled":true,"_links":{"self":[{"href":"https:\/\/www.oidossucios.com\/site\/wp-json\/wp\/v2\/posts\/6456","targetHints":{"allow":["GET"]}}],"collection":[{"href":"https:\/\/www.oidossucios.com\/site\/wp-json\/wp\/v2\/posts"}],"about":[{"href":"https:\/\/www.oidossucios.com\/site\/wp-json\/wp\/v2\/types\/post"}],"author":[{"embeddable":true,"href":"https:\/\/www.oidossucios.com\/site\/wp-json\/wp\/v2\/users\/4"}],"replies":[{"embeddable":true,"href":"https:\/\/www.oidossucios.com\/site\/wp-json\/wp\/v2\/comments?post=6456"}],"version-history":[{"count":0,"href":"https:\/\/www.oidossucios.com\/site\/wp-json\/wp\/v2\/posts\/6456\/revisions"}],"wp:featuredmedia":[{"embeddable":true,"href":"https:\/\/www.oidossucios.com\/site\/wp-json\/wp\/v2\/media\/100006456"}],"wp:attachment":[{"href":"https:\/\/www.oidossucios.com\/site\/wp-json\/wp\/v2\/media?parent=6456"}],"wp:term":[{"taxonomy":"category","embeddable":true,"href":"https:\/\/www.oidossucios.com\/site\/wp-json\/wp\/v2\/categories?post=6456"},{"taxonomy":"post_tag","embeddable":true,"href":"https:\/\/www.oidossucios.com\/site\/wp-json\/wp\/v2\/tags?post=6456"}],"curies":[{"name":"wp","href":"https:\/\/api.w.org\/{rel}","templated":true}]}}