{"id":6471,"date":"2012-11-27T20:29:00","date_gmt":"2012-11-27T20:29:00","guid":{"rendered":"https:\/\/www.oidossucios.com\/site\/2012\/11\/27\/ulises-hadjis-se-presentara-en-el-teatro-baralt-junto-a-frontierizo-y-presidente\/"},"modified":"2012-11-27T20:29:00","modified_gmt":"2012-11-27T20:29:00","slug":"ulises-hadjis-se-presentara-en-el-teatro-baralt-junto-a-frontierizo-y-presidente","status":"publish","type":"post","link":"https:\/\/www.oidossucios.com\/site\/ulises-hadjis-se-presentara-en-el-teatro-baralt-junto-a-frontierizo-y-presidente\/","title":{"rendered":"Ulises Hadjis se presentar\u00e1 en el Teatro Baralt junto a Frontierizo y Presidente"},"content":{"rendered":"<p><![endif]-->Luego de su gira por USA que lo llevo a visitar 6 ciudades (Chicago, NY, Miami, Las Vegas, Washington y Los Angeles)&nbsp; en el marco&nbsp; de los Grammys Latino Edici\u00f3n 2012, donde compet\u00eda por el gram\u00f3fono en 3 categor\u00edas: Mejor Artista Nuevo,&nbsp; Mejor Disco <i>Cosas Perdidas<\/i> y Mejor canci\u00f3n rock &#8220;Donde va&#8221;. Ulises Hadjis se presenta \u00e9ste Viernes 30 de Noviembre en el marco del Evento &#8220;L\u00edmite Invisible&#8221; junto a Frontierizo y Presidente en el prestigioso Teatro Baralt en la Ciudad de Maracaibo.<\/p>\n<p>Ulises se presentar\u00e1 junto a su banda Ezequiel &#8220;Cheky&#8221; Bertho (Guitarra y Coros)&nbsp; de Algod\u00f3n Egipcio, Danel (Bater\u00eda y Coros)&nbsp; y Capl\u00eds (Bajo y Coros) de Desorden P\u00fablico y Alex Hung nuevo integrante de la banda en los teclados.<i><\/p>\n<p>Cosas Perdidas<\/i> es un disco que se pasea y experimentas distintos ritmos, que hacen su m\u00fasica muy local y a la vez global. El \u00e1lbum cuenta con las colaboraciones de Juan Manuel Torreblanca en &#8220;Aquella Ciudad&#8221;, Denise Guti\u00e9rrez de Hello Seahorse! en &#8220;Lo Har\u00e9&#8221;, Cheba Massolo (de la banda de Kevin Johansen) en la guitarra de &#8220;M\u00fasica Normal&#8221;, Luigi Castillo en los coros de &#8220;Opera prima&#8221; entre muchos otros.<\/p>\n<p>Sobre Ulises\u0085<\/p>\n<p>Naci\u00f3 en Maracaibo en 1982, de ascendencia griega\/venezolana.&nbsp; Desde ni\u00f1os se interesa por la m\u00fasica, despu\u00e9s de participar en varias bandas, pero es en 2004 cuando decide lanzarse a la aventura en solitario, acompa\u00f1ado de su guitarra y pistas que el mismo produc\u00eda en casa.&nbsp; Siempre est\u00e1 experimentando musicalmente (creando nuevos sonidos, probando instrumentos).&nbsp; Sus reflexiones personales est\u00e1n muy marcadas en sus letras y melod\u00edas.&nbsp;&nbsp;Ulises en 2007 es merecedor de un&nbsp;Grammy Latino&nbsp;por su trabajo t\u00e9cnico en el disco de Vos Veis&nbsp;<i>\u00bfC\u00f3mo se llega a Bel\u00e9n?<\/i>.<\/p>\n<p>En 2008 graba <i>Presente<\/i>su primer disco, con una repercusi\u00f3n nacional e internacional considerable. 2009 comparte escenario con la cantante espa\u00f1ola Russian Red.&nbsp; Entre 2010 y 2011 gira por M\u00e9xico, Argentina, Colombia, Venezuela, Ecuador y Espa\u00f1a (como parte de la Caravana Americana de Xoel L\u00f3pez).&nbsp; En 2012 de la mano del Sello Entorno Dom\u00e9stico nace su \u00faltima producci\u00f3n <i>Cosas Perdidas<\/i> que tambi\u00e9n es editado en Espa\u00f1a por el sello &#8220;El Cartero Valiente&#8221; y en M\u00e9xico por &#8220;Intolerancia Records&#8221;.<\/p>\n<p>L\u00edmite Invisible: Ulises Hadjis&nbsp; + Frontierizo + Presidente<br \/>Viernes 30 de Noviembre<br \/>Teatro Baralt (Maracaibo)<br \/>Cover: 80Bs<!--[if gte mso 10]> <\/style>\n\n <![endif]--><\/p>\n","protected":false},"excerpt":{"rendered":"<p>Luego de su gira por USA que lo llevo a visitar 6 ciudades (Chicago, NY, Miami, Las Vegas, Washington y Los Angeles)&nbsp; en el marco&nbsp; de los Grammys Latino Edici\u00f3n 2012, donde compet\u00eda por el gram\u00f3fono en 3 categor\u00edas: Mejor Artista Nuevo,&nbsp; Mejor Disco Cosas Perdidas y Mejor canci\u00f3n rock &#8220;Donde va&#8221;. Ulises Hadjis se [&hellip;]<\/p>\n","protected":false},"author":4,"featured_media":100006471,"comment_status":"open","ping_status":"open","sticky":false,"template":"","format":"standard","meta":{"_jetpack_memberships_contains_paid_content":false,"footnotes":""},"categories":[142],"tags":[],"class_list":["post-6471","post","type-post","status-publish","format-standard","has-post-thumbnail","hentry","category-buzznews"],"jetpack_featured_media_url":"https:\/\/www.oidossucios.com\/site\/wp-content\/uploads\/2012\/11\/6471.jpg","yoast_head":"<!-- This site is optimized with the Yoast SEO plugin v14.0.4 - https:\/\/yoast.com\/wordpress\/plugins\/seo\/ -->\n<title>Ulises Hadjis se presentar\u00e1 en el Teatro Baralt junto a Frontierizo y Presidente - OidosSucios.Com<\/title>\n<meta name=\"robots\" content=\"index, follow\" \/>\n<meta name=\"googlebot\" content=\"index, follow, max-snippet:-1, max-image-preview:large, max-video-preview:-1\" \/>\n<meta name=\"bingbot\" content=\"index, follow, max-snippet:-1, max-image-preview:large, max-video-preview:-1\" \/>\n<link rel=\"canonical\" href=\"https:\/\/www.oidossucios.com\/site\/ulises-hadjis-se-presentara-en-el-teatro-baralt-junto-a-frontierizo-y-presidente\/\" \/>\n<meta property=\"og:locale\" content=\"es_ES\" \/>\n<meta property=\"og:type\" content=\"article\" \/>\n<meta property=\"og:title\" content=\"Ulises Hadjis se presentar\u00e1 en el Teatro Baralt junto a Frontierizo y Presidente - OidosSucios.Com\" \/>\n<meta property=\"og:description\" content=\"Luego de su gira por USA que lo llevo a visitar 6 ciudades (Chicago, NY, Miami, Las Vegas, Washington y Los Angeles)&nbsp; en el marco&nbsp; de los Grammys Latino Edici\u00f3n 2012, donde compet\u00eda por el gram\u00f3fono en 3 categor\u00edas: Mejor Artista Nuevo,&nbsp; Mejor Disco Cosas Perdidas y Mejor canci\u00f3n rock &#8220;Donde va&#8221;. Ulises Hadjis se [&hellip;]\" \/>\n<meta property=\"og:url\" content=\"https:\/\/www.oidossucios.com\/site\/ulises-hadjis-se-presentara-en-el-teatro-baralt-junto-a-frontierizo-y-presidente\/\" \/>\n<meta property=\"og:site_name\" content=\"OidosSucios.Com\" \/>\n<meta property=\"article:published_time\" content=\"2012-11-27T20:29:00+00:00\" \/>\n<meta property=\"og:image\" content=\"https:\/\/www.oidossucios.com\/site\/wp-content\/uploads\/2012\/11\/6471.jpg\" \/>\n\t<meta property=\"og:image:width\" content=\"350\" \/>\n\t<meta property=\"og:image:height\" content=\"300\" \/>\n<meta name=\"twitter:card\" content=\"summary_large_image\" \/>\n<meta name=\"twitter:creator\" content=\"@oidossucios\" \/>\n<script type=\"application\/ld+json\" class=\"yoast-schema-graph\">{\"@context\":\"https:\/\/schema.org\",\"@graph\":[{\"@type\":\"WebSite\",\"@id\":\"https:\/\/www.oidossucios.com\/site\/#website\",\"url\":\"https:\/\/www.oidossucios.com\/site\/\",\"name\":\"OidosSucios.Com\",\"description\":\"M\\u00fasica, conciertos, discos\",\"potentialAction\":[{\"@type\":\"SearchAction\",\"target\":\"https:\/\/www.oidossucios.com\/site\/?s={search_term_string}\",\"query-input\":\"required name=search_term_string\"}],\"inLanguage\":\"es\"},{\"@type\":\"ImageObject\",\"@id\":\"https:\/\/www.oidossucios.com\/site\/ulises-hadjis-se-presentara-en-el-teatro-baralt-junto-a-frontierizo-y-presidente\/#primaryimage\",\"inLanguage\":\"es\",\"url\":\"https:\/\/www.oidossucios.com\/site\/wp-content\/uploads\/2012\/11\/6471.jpg\",\"width\":350,\"height\":300},{\"@type\":\"WebPage\",\"@id\":\"https:\/\/www.oidossucios.com\/site\/ulises-hadjis-se-presentara-en-el-teatro-baralt-junto-a-frontierizo-y-presidente\/#webpage\",\"url\":\"https:\/\/www.oidossucios.com\/site\/ulises-hadjis-se-presentara-en-el-teatro-baralt-junto-a-frontierizo-y-presidente\/\",\"name\":\"Ulises Hadjis se presentar\\u00e1 en el Teatro Baralt junto a Frontierizo y Presidente - OidosSucios.Com\",\"isPartOf\":{\"@id\":\"https:\/\/www.oidossucios.com\/site\/#website\"},\"primaryImageOfPage\":{\"@id\":\"https:\/\/www.oidossucios.com\/site\/ulises-hadjis-se-presentara-en-el-teatro-baralt-junto-a-frontierizo-y-presidente\/#primaryimage\"},\"datePublished\":\"2012-11-27T20:29:00+00:00\",\"dateModified\":\"2012-11-27T20:29:00+00:00\",\"author\":{\"@id\":\"https:\/\/www.oidossucios.com\/site\/#\/schema\/person\/24559eeb76bf83a63296fb072393a688\"},\"inLanguage\":\"es\",\"potentialAction\":[{\"@type\":\"ReadAction\",\"target\":[\"https:\/\/www.oidossucios.com\/site\/ulises-hadjis-se-presentara-en-el-teatro-baralt-junto-a-frontierizo-y-presidente\/\"]}]},{\"@type\":[\"Person\"],\"@id\":\"https:\/\/www.oidossucios.com\/site\/#\/schema\/person\/24559eeb76bf83a63296fb072393a688\",\"name\":\"Oidossucios\",\"image\":{\"@type\":\"ImageObject\",\"@id\":\"https:\/\/www.oidossucios.com\/site\/#personlogo\",\"inLanguage\":\"es\",\"url\":\"https:\/\/secure.gravatar.com\/avatar\/74fcb480f42f1a33e50a0b6e6369a3f907be2e43dc84fa5f76c66e9c22b4a5ab?s=96&d=mm&r=g\",\"caption\":\"Oidossucios\"},\"sameAs\":[\"https:\/\/twitter.com\/oidossucios\"]}]}<\/script>\n<!-- \/ Yoast SEO plugin. -->","jetpack_sharing_enabled":true,"_links":{"self":[{"href":"https:\/\/www.oidossucios.com\/site\/wp-json\/wp\/v2\/posts\/6471","targetHints":{"allow":["GET"]}}],"collection":[{"href":"https:\/\/www.oidossucios.com\/site\/wp-json\/wp\/v2\/posts"}],"about":[{"href":"https:\/\/www.oidossucios.com\/site\/wp-json\/wp\/v2\/types\/post"}],"author":[{"embeddable":true,"href":"https:\/\/www.oidossucios.com\/site\/wp-json\/wp\/v2\/users\/4"}],"replies":[{"embeddable":true,"href":"https:\/\/www.oidossucios.com\/site\/wp-json\/wp\/v2\/comments?post=6471"}],"version-history":[{"count":0,"href":"https:\/\/www.oidossucios.com\/site\/wp-json\/wp\/v2\/posts\/6471\/revisions"}],"wp:featuredmedia":[{"embeddable":true,"href":"https:\/\/www.oidossucios.com\/site\/wp-json\/wp\/v2\/media\/100006471"}],"wp:attachment":[{"href":"https:\/\/www.oidossucios.com\/site\/wp-json\/wp\/v2\/media?parent=6471"}],"wp:term":[{"taxonomy":"category","embeddable":true,"href":"https:\/\/www.oidossucios.com\/site\/wp-json\/wp\/v2\/categories?post=6471"},{"taxonomy":"post_tag","embeddable":true,"href":"https:\/\/www.oidossucios.com\/site\/wp-json\/wp\/v2\/tags?post=6471"}],"curies":[{"name":"wp","href":"https:\/\/api.w.org\/{rel}","templated":true}]}}