{"id":6472,"date":"2012-11-27T20:38:00","date_gmt":"2012-11-27T20:38:00","guid":{"rendered":"https:\/\/www.oidossucios.com\/site\/2012\/11\/27\/cuando-los-90-atacan-anuncia-su-cierre-de-gira\/"},"modified":"2012-11-27T20:38:00","modified_gmt":"2012-11-27T20:38:00","slug":"cuando-los-90-atacan-anuncia-su-cierre-de-gira","status":"publish","type":"post","link":"https:\/\/www.oidossucios.com\/site\/cuando-los-90-atacan-anuncia-su-cierre-de-gira\/","title":{"rendered":"Cuando Los 90 Atacan anuncia su cierre de gira"},"content":{"rendered":"<p><![endif]-->Luego de recorrer varias ciudades de Venezuela con la fiesta tem\u00e1tica Cuando Los 90 Atacan, finalizan su &#8220;Gira Noventosa 2012&#8221; con dos&nbsp;fechas donde cerraran por todo lo alto el \u00e9xito obtenido este a\u00f1o. Alex Goncalves junto a MaRco77 van a descargar todo su arsenal noventoso el 01 de Diciembre en El Teatro Bar de Valencia y el 13 de Diciembre en Moulin Rouge en Caracas.<\/p>\n<p>El 13 de Diciembre en el Moulin Rouge, ser\u00e1 una fiesta de espuma. Por primera vez se combinar\u00e1 Cuando Los 90 Atacan con una m\u00e1quina de espuma al mejor estilo de las fiestas de los noventa.<\/p>\n<p>La mejor y peor m\u00fasica de la d\u00e9cada de los noventa acompa\u00f1ada de visuales de la \u00e9poca y consolas de videojuegos conforman el men\u00fa de Cuando Los 90 Atacan.<\/p>\n<p>Las fechan quedan definidas as\u00ed:<\/p>\n<p>Valencia 1 de Diciembre de 2012<br \/>Local: El Teatro Bar VLN (El Vi\u00f1edo,Valencia)<br \/>Djs: El Alex Goncalves, MaRco77 , Airam y JuliusS<br \/>Hora 9PM<br \/>Cover: 70 Bs<\/p>\n<p>Caracas 13 de Diciembre de 2012<br \/>Local: Moulin Rouge (Av Solano, Sabana Grande).<br \/>Djs: El Alex Goncalves , MaRco77 , Airam , JuliusS y Luke.<br \/>Hora: 9PM<br \/>Cover: 70 Bs (Incluye 1 Smirnoff Ice)<\/p>\n<p>Para mayor informacion:<a href=\"http:\/\/twitter.com\/#!\/@Los90sAtacan\"><br \/>@Los90sAtacan<\/a><a target=\"_blank\" href=\"http:\/\/www.facebook.com\/CuandoLos90sAtacan\" rel=\"noopener noreferrer\"><br \/>www.facebook.com\/CuandoLos90sAtacan<\/a>&nbsp; <\/p>\n<p>&nbsp;<\/p>\n","protected":false},"excerpt":{"rendered":"<p>Luego de recorrer varias ciudades de Venezuela con la fiesta tem\u00e1tica Cuando Los 90 Atacan, finalizan su &#8220;Gira Noventosa 2012&#8221; con dos&nbsp;fechas donde cerraran por todo lo alto el \u00e9xito obtenido este a\u00f1o. Alex Goncalves junto a MaRco77 van a descargar todo su arsenal noventoso el 01 de Diciembre en El Teatro Bar de Valencia [&hellip;]<\/p>\n","protected":false},"author":4,"featured_media":100006472,"comment_status":"open","ping_status":"open","sticky":false,"template":"","format":"standard","meta":{"_jetpack_memberships_contains_paid_content":false,"footnotes":""},"categories":[142],"tags":[],"class_list":["post-6472","post","type-post","status-publish","format-standard","has-post-thumbnail","hentry","category-buzznews"],"jetpack_featured_media_url":"https:\/\/www.oidossucios.com\/site\/wp-content\/uploads\/2012\/11\/6472.jpg","yoast_head":"<!-- This site is optimized with the Yoast SEO plugin v14.0.4 - https:\/\/yoast.com\/wordpress\/plugins\/seo\/ -->\n<title>Cuando Los 90 Atacan anuncia su cierre de gira - OidosSucios.Com<\/title>\n<meta name=\"robots\" content=\"index, follow\" \/>\n<meta name=\"googlebot\" content=\"index, follow, max-snippet:-1, max-image-preview:large, max-video-preview:-1\" \/>\n<meta name=\"bingbot\" content=\"index, follow, max-snippet:-1, max-image-preview:large, max-video-preview:-1\" \/>\n<link rel=\"canonical\" href=\"https:\/\/www.oidossucios.com\/site\/cuando-los-90-atacan-anuncia-su-cierre-de-gira\/\" \/>\n<meta property=\"og:locale\" content=\"es_ES\" \/>\n<meta property=\"og:type\" content=\"article\" \/>\n<meta property=\"og:title\" content=\"Cuando Los 90 Atacan anuncia su cierre de gira - OidosSucios.Com\" \/>\n<meta property=\"og:description\" content=\"Luego de recorrer varias ciudades de Venezuela con la fiesta tem\u00e1tica Cuando Los 90 Atacan, finalizan su &#8220;Gira Noventosa 2012&#8221; con dos&nbsp;fechas donde cerraran por todo lo alto el \u00e9xito obtenido este a\u00f1o. Alex Goncalves junto a MaRco77 van a descargar todo su arsenal noventoso el 01 de Diciembre en El Teatro Bar de Valencia [&hellip;]\" \/>\n<meta property=\"og:url\" content=\"https:\/\/www.oidossucios.com\/site\/cuando-los-90-atacan-anuncia-su-cierre-de-gira\/\" \/>\n<meta property=\"og:site_name\" content=\"OidosSucios.Com\" \/>\n<meta property=\"article:published_time\" content=\"2012-11-27T20:38:00+00:00\" \/>\n<meta property=\"og:image\" content=\"https:\/\/www.oidossucios.com\/site\/wp-content\/uploads\/2012\/11\/6472.jpg\" \/>\n\t<meta property=\"og:image:width\" content=\"350\" \/>\n\t<meta property=\"og:image:height\" content=\"300\" \/>\n<meta name=\"twitter:card\" content=\"summary_large_image\" \/>\n<meta name=\"twitter:creator\" content=\"@oidossucios\" \/>\n<script type=\"application\/ld+json\" class=\"yoast-schema-graph\">{\"@context\":\"https:\/\/schema.org\",\"@graph\":[{\"@type\":\"WebSite\",\"@id\":\"https:\/\/www.oidossucios.com\/site\/#website\",\"url\":\"https:\/\/www.oidossucios.com\/site\/\",\"name\":\"OidosSucios.Com\",\"description\":\"M\\u00fasica, conciertos, discos\",\"potentialAction\":[{\"@type\":\"SearchAction\",\"target\":\"https:\/\/www.oidossucios.com\/site\/?s={search_term_string}\",\"query-input\":\"required name=search_term_string\"}],\"inLanguage\":\"es\"},{\"@type\":\"ImageObject\",\"@id\":\"https:\/\/www.oidossucios.com\/site\/cuando-los-90-atacan-anuncia-su-cierre-de-gira\/#primaryimage\",\"inLanguage\":\"es\",\"url\":\"https:\/\/www.oidossucios.com\/site\/wp-content\/uploads\/2012\/11\/6472.jpg\",\"width\":350,\"height\":300},{\"@type\":\"WebPage\",\"@id\":\"https:\/\/www.oidossucios.com\/site\/cuando-los-90-atacan-anuncia-su-cierre-de-gira\/#webpage\",\"url\":\"https:\/\/www.oidossucios.com\/site\/cuando-los-90-atacan-anuncia-su-cierre-de-gira\/\",\"name\":\"Cuando Los 90 Atacan anuncia su cierre de gira - OidosSucios.Com\",\"isPartOf\":{\"@id\":\"https:\/\/www.oidossucios.com\/site\/#website\"},\"primaryImageOfPage\":{\"@id\":\"https:\/\/www.oidossucios.com\/site\/cuando-los-90-atacan-anuncia-su-cierre-de-gira\/#primaryimage\"},\"datePublished\":\"2012-11-27T20:38:00+00:00\",\"dateModified\":\"2012-11-27T20:38:00+00:00\",\"author\":{\"@id\":\"https:\/\/www.oidossucios.com\/site\/#\/schema\/person\/24559eeb76bf83a63296fb072393a688\"},\"inLanguage\":\"es\",\"potentialAction\":[{\"@type\":\"ReadAction\",\"target\":[\"https:\/\/www.oidossucios.com\/site\/cuando-los-90-atacan-anuncia-su-cierre-de-gira\/\"]}]},{\"@type\":[\"Person\"],\"@id\":\"https:\/\/www.oidossucios.com\/site\/#\/schema\/person\/24559eeb76bf83a63296fb072393a688\",\"name\":\"Oidossucios\",\"image\":{\"@type\":\"ImageObject\",\"@id\":\"https:\/\/www.oidossucios.com\/site\/#personlogo\",\"inLanguage\":\"es\",\"url\":\"https:\/\/secure.gravatar.com\/avatar\/74fcb480f42f1a33e50a0b6e6369a3f907be2e43dc84fa5f76c66e9c22b4a5ab?s=96&d=mm&r=g\",\"caption\":\"Oidossucios\"},\"sameAs\":[\"https:\/\/twitter.com\/oidossucios\"]}]}<\/script>\n<!-- \/ Yoast SEO plugin. -->","jetpack_sharing_enabled":true,"_links":{"self":[{"href":"https:\/\/www.oidossucios.com\/site\/wp-json\/wp\/v2\/posts\/6472","targetHints":{"allow":["GET"]}}],"collection":[{"href":"https:\/\/www.oidossucios.com\/site\/wp-json\/wp\/v2\/posts"}],"about":[{"href":"https:\/\/www.oidossucios.com\/site\/wp-json\/wp\/v2\/types\/post"}],"author":[{"embeddable":true,"href":"https:\/\/www.oidossucios.com\/site\/wp-json\/wp\/v2\/users\/4"}],"replies":[{"embeddable":true,"href":"https:\/\/www.oidossucios.com\/site\/wp-json\/wp\/v2\/comments?post=6472"}],"version-history":[{"count":0,"href":"https:\/\/www.oidossucios.com\/site\/wp-json\/wp\/v2\/posts\/6472\/revisions"}],"wp:featuredmedia":[{"embeddable":true,"href":"https:\/\/www.oidossucios.com\/site\/wp-json\/wp\/v2\/media\/100006472"}],"wp:attachment":[{"href":"https:\/\/www.oidossucios.com\/site\/wp-json\/wp\/v2\/media?parent=6472"}],"wp:term":[{"taxonomy":"category","embeddable":true,"href":"https:\/\/www.oidossucios.com\/site\/wp-json\/wp\/v2\/categories?post=6472"},{"taxonomy":"post_tag","embeddable":true,"href":"https:\/\/www.oidossucios.com\/site\/wp-json\/wp\/v2\/tags?post=6472"}],"curies":[{"name":"wp","href":"https:\/\/api.w.org\/{rel}","templated":true}]}}