{"id":649,"date":"2002-08-08T16:29:00","date_gmt":"2002-08-08T16:29:00","guid":{"rendered":"https:\/\/www.oidossucios.com\/site\/2002\/08\/08\/demandan-a-the-hives-por-doble-contrato-discografico\/"},"modified":"2002-08-08T16:29:00","modified_gmt":"2002-08-08T16:29:00","slug":"demandan-a-the-hives-por-doble-contrato-discografico","status":"publish","type":"post","link":"https:\/\/www.oidossucios.com\/site\/demandan-a-the-hives-por-doble-contrato-discografico\/","title":{"rendered":"Demandan a The Hives por doble contrato discogr\u00e1fico"},"content":{"rendered":"<p>La banda revelaci\u00f3n del 2002 en USA, The Hives, est\u00e1 siendo demandada por el sello disquero sueco Burning Heat, con quienes sacaron sus dos primeras producciones discogr\u00e1ficas y con los que a\u00fan le resta grabar una, debido al contrato que han firmado con la multinacional Universal, para la distribuci\u00f3n mundial de sus pr\u00f3ximos discos.<\/p>\n<p>Burning Heat, quienes est\u00e1n asociados con Warner, edit\u00f3 &#8216;Barely Legal&#8217; en 1997 y &#8216;Veni Vidi Vicious&#8217; en el 2000. Sin embargo, el disco que los llevo a la fama fue &#8216;Your New Favourite Band&#8217;, placa que fue lanzada este a\u00f1o y que recoge los \u00e9xitos de sus primeras producciones. El contrato con la disquera sueca contempla tres producciones discogr\u00e1ficas, por lo cual la banda alega que se ha terminado el contrato, sin embargo, la disquera interpreta que se trataba de tres \u00e1lbumes de estudio, as\u00ed que todav\u00eda les quedar\u00eda por grabar un disco.<\/p>\n<p>Sin embargo, recientemente la banda firm\u00f3 un contrato con la multinacional Universal, por 7.5 millones de libras esterlinas, para los derechos mundiales de sus pr\u00f3ximas producciones. Esto provoc\u00f3 el inicio de un proceso legal de parte de Burning Heat, pues ellos esperan que la pr\u00f3xima placa de la banda salga bajo su respaldo.<\/p>\n<p>Bandas como Prince, Bruce Springteen, The Stones Roses y m\u00e1s recientemente Hole, han enfrentando demandas de este tipo. Estos \u00faltimos incluso, se separaron recientemente debido a un litigio que manten\u00edan con Universal.<\/p>\n","protected":false},"excerpt":{"rendered":"<p>La banda europea est\u00e1 siendo demandada por el sello sueco Burning Heat, con quienes a\u00fan les resta grabar un disco, debido al contrato que han firmado con Universal. La banda corre el riesgo de no poder volver a grabar.<\/p>\n","protected":false},"author":4,"featured_media":0,"comment_status":"open","ping_status":"open","sticky":false,"template":"","format":"standard","meta":{"_jetpack_memberships_contains_paid_content":false,"footnotes":""},"categories":[250],"tags":[],"class_list":["post-649","post","type-post","status-publish","format-standard","hentry","category-noticias"],"jetpack_featured_media_url":"","yoast_head":"<!-- This site is optimized with the Yoast SEO plugin v14.0.4 - https:\/\/yoast.com\/wordpress\/plugins\/seo\/ -->\n<title>Demandan a The Hives por doble contrato discogr\u00e1fico - OidosSucios.Com<\/title>\n<meta name=\"description\" content=\"Finalmente, el concierto donde se grabar\u00e1 el DVD y disco en vivo de Desorden P\u00fablico se llevar\u00e1 a cabo los pr\u00f3ximos 13, 14 y 15 de septiembre en el Teatro Nacional de Caracas.\" \/>\n<meta name=\"robots\" content=\"index, follow\" \/>\n<meta name=\"googlebot\" content=\"index, follow, max-snippet:-1, max-image-preview:large, max-video-preview:-1\" \/>\n<meta name=\"bingbot\" content=\"index, follow, max-snippet:-1, max-image-preview:large, max-video-preview:-1\" \/>\n<link rel=\"canonical\" href=\"https:\/\/www.oidossucios.com\/site\/demandan-a-the-hives-por-doble-contrato-discografico\/\" \/>\n<meta property=\"og:locale\" content=\"es_ES\" \/>\n<meta property=\"og:type\" content=\"article\" \/>\n<meta property=\"og:title\" content=\"Demandan a The Hives por doble contrato discogr\u00e1fico - OidosSucios.Com\" \/>\n<meta property=\"og:description\" content=\"Finalmente, el concierto donde se grabar\u00e1 el DVD y disco en vivo de Desorden P\u00fablico se llevar\u00e1 a cabo los pr\u00f3ximos 13, 14 y 15 de septiembre en el Teatro Nacional de Caracas.\" \/>\n<meta property=\"og:url\" content=\"https:\/\/www.oidossucios.com\/site\/demandan-a-the-hives-por-doble-contrato-discografico\/\" \/>\n<meta property=\"og:site_name\" content=\"OidosSucios.Com\" \/>\n<meta property=\"article:published_time\" content=\"2002-08-08T16:29:00+00:00\" \/>\n<meta name=\"twitter:card\" content=\"summary_large_image\" \/>\n<meta name=\"twitter:creator\" content=\"@oidossucios\" \/>\n<script type=\"application\/ld+json\" class=\"yoast-schema-graph\">{\"@context\":\"https:\/\/schema.org\",\"@graph\":[{\"@type\":\"WebSite\",\"@id\":\"https:\/\/www.oidossucios.com\/site\/#website\",\"url\":\"https:\/\/www.oidossucios.com\/site\/\",\"name\":\"OidosSucios.Com\",\"description\":\"M\\u00fasica, conciertos, discos\",\"potentialAction\":[{\"@type\":\"SearchAction\",\"target\":\"https:\/\/www.oidossucios.com\/site\/?s={search_term_string}\",\"query-input\":\"required name=search_term_string\"}],\"inLanguage\":\"es\"},{\"@type\":\"WebPage\",\"@id\":\"https:\/\/www.oidossucios.com\/site\/demandan-a-the-hives-por-doble-contrato-discografico\/#webpage\",\"url\":\"https:\/\/www.oidossucios.com\/site\/demandan-a-the-hives-por-doble-contrato-discografico\/\",\"name\":\"Demandan a The Hives por doble contrato discogr\\u00e1fico - OidosSucios.Com\",\"isPartOf\":{\"@id\":\"https:\/\/www.oidossucios.com\/site\/#website\"},\"datePublished\":\"2002-08-08T16:29:00+00:00\",\"dateModified\":\"2002-08-08T16:29:00+00:00\",\"author\":{\"@id\":\"https:\/\/www.oidossucios.com\/site\/#\/schema\/person\/24559eeb76bf83a63296fb072393a688\"},\"description\":\"Finalmente, el concierto donde se grabar\\u00e1 el DVD y disco en vivo de Desorden P\\u00fablico se llevar\\u00e1 a cabo los pr\\u00f3ximos 13, 14 y 15 de septiembre en el Teatro Nacional de Caracas.\",\"inLanguage\":\"es\",\"potentialAction\":[{\"@type\":\"ReadAction\",\"target\":[\"https:\/\/www.oidossucios.com\/site\/demandan-a-the-hives-por-doble-contrato-discografico\/\"]}]},{\"@type\":[\"Person\"],\"@id\":\"https:\/\/www.oidossucios.com\/site\/#\/schema\/person\/24559eeb76bf83a63296fb072393a688\",\"name\":\"Oidossucios\",\"image\":{\"@type\":\"ImageObject\",\"@id\":\"https:\/\/www.oidossucios.com\/site\/#personlogo\",\"inLanguage\":\"es\",\"url\":\"https:\/\/secure.gravatar.com\/avatar\/74fcb480f42f1a33e50a0b6e6369a3f907be2e43dc84fa5f76c66e9c22b4a5ab?s=96&d=mm&r=g\",\"caption\":\"Oidossucios\"},\"sameAs\":[\"https:\/\/twitter.com\/oidossucios\"]}]}<\/script>\n<!-- \/ Yoast SEO plugin. -->","jetpack_sharing_enabled":true,"_links":{"self":[{"href":"https:\/\/www.oidossucios.com\/site\/wp-json\/wp\/v2\/posts\/649","targetHints":{"allow":["GET"]}}],"collection":[{"href":"https:\/\/www.oidossucios.com\/site\/wp-json\/wp\/v2\/posts"}],"about":[{"href":"https:\/\/www.oidossucios.com\/site\/wp-json\/wp\/v2\/types\/post"}],"author":[{"embeddable":true,"href":"https:\/\/www.oidossucios.com\/site\/wp-json\/wp\/v2\/users\/4"}],"replies":[{"embeddable":true,"href":"https:\/\/www.oidossucios.com\/site\/wp-json\/wp\/v2\/comments?post=649"}],"version-history":[{"count":0,"href":"https:\/\/www.oidossucios.com\/site\/wp-json\/wp\/v2\/posts\/649\/revisions"}],"wp:attachment":[{"href":"https:\/\/www.oidossucios.com\/site\/wp-json\/wp\/v2\/media?parent=649"}],"wp:term":[{"taxonomy":"category","embeddable":true,"href":"https:\/\/www.oidossucios.com\/site\/wp-json\/wp\/v2\/categories?post=649"},{"taxonomy":"post_tag","embeddable":true,"href":"https:\/\/www.oidossucios.com\/site\/wp-json\/wp\/v2\/tags?post=649"}],"curies":[{"name":"wp","href":"https:\/\/api.w.org\/{rel}","templated":true}]}}