{"id":6506,"date":"2012-12-05T05:56:00","date_gmt":"2012-12-05T05:56:00","guid":{"rendered":"https:\/\/www.oidossucios.com\/site\/2012\/12\/05\/fleetwood-mac-regresa-con-gira-mundial-en-2013\/"},"modified":"2012-12-05T05:56:00","modified_gmt":"2012-12-05T05:56:00","slug":"fleetwood-mac-regresa-con-gira-mundial-en-2013","status":"publish","type":"post","link":"https:\/\/www.oidossucios.com\/site\/fleetwood-mac-regresa-con-gira-mundial-en-2013\/","title":{"rendered":"Fleetwood Mac regresa con gira mundial en 2013"},"content":{"rendered":"<p><![endif]--> <\/p>\n<p>Tras varios meses de rumores que hablaban de reuni\u00f3n,&nbsp;Fleetwood Mac&nbsp;anuncian que van a volver a la carretera la pr\u00f3xima primavera en una extensa gira que les llevar\u00e1 por todo el mundo. La caminata comenzar\u00e1 en Columbus (Ohio) el 4 de abril. &#8220;Es el momento perfecto para salir de nuevo&#8221;, dice&nbsp;Stevie Nicks&nbsp;a Rolling Stone.&nbsp;&#8220;2013 va a ser el a\u00f1o de Fleetwood Mac&#8221;.<\/p>\n<p>Como ya ocurri\u00f3 con su gira en 2010, la banda vuelve regresa a los escenarios sin un nuevo disco que presentar. La lista de temas se desarrollar\u00e1 en torno a su amplio cat\u00e1logo de \u00e9xitos. &#8220;Siempre tenemos que tocar&nbsp;&#8220;Dreams&#8221;,&nbsp;&#8220;Rhiannon&#8221;, &#8220;Don\u00b4t stop&#8221;, &#8220;Tusk&#8221;, &#8220;Big love&#8221;, &#8220;Landslidey&#8221;&nbsp;todas nuestras canciones m\u00e1s famosas&#8221;,&nbsp;dice&nbsp;Lindsey Buckingham.&nbsp;&#8220;Incluyendo los temas &#8220;obligatorios&#8221; tenemos el 75% del&nbsp;setlist&nbsp;potencial. Y para el 25% restante creo que hay \u00e1reas de nuestro cat\u00e1logo que a\u00fan no han sido suficientemente exploradas. Tal vez toquemos m\u00e1s canciones de&nbsp;Tusk. Tambi\u00e9n me gustar\u00eda ver una secci\u00f3n extendida, en el tramo central del concierto, en la que estuvi\u00e9ramos solos Steve y yo. Te estoy contando lo que se me est\u00e1 ocurriendo ahora mismo. De momento, no hay ninguna visi\u00f3n espec\u00edfica de c\u00f3mo va a ser el espect\u00e1culo&#8221;.<\/p>\n<p>La banda comienza los ensayos el 15 de febrero, y en ese momento discutir\u00e1n a fondo exactamente qu\u00e9 canciones van a tocar.&nbsp;&#8220;Tenemos dos nuevas canciones de Fleetwood Mac que hice con Lindsey, hace dos semanas.&nbsp;Igual las tocamos&#8221;, cuenta Nick. &#8220;Me lo pas\u00e9 muy bien trabajando con \u00e9l durante cuatro d\u00edas en su casa. Pase un buen rato con su familia y sus hijos, que ya son adultos, y realmente conect\u00e9 con \u00e9l de nuevo. Estamos muy orgullosos de lo que hemos hecho, y ahora miramos las cosas con sabidur\u00eda, en lugar de con envidia, resentimiento o ira&#8221;.<\/p>\n<p>De momento, s\u00f3lo han anunciado las fechas para EE UU, pero el grupo quiere recorrer todo el mundo.&nbsp;&#8220;Si todo va bien, estaremos por Europa este verano haciendo festivales&#8221;, dice Nick.&nbsp; Despu\u00e9s, haremos gira por Europa, que nos es lo mismo que hacer solo festivales. Y, a continuaci\u00f3n, puede que demos unos 15 conciertos, m\u00e1s o menos, en Australia.<\/p>\n<p>Fuente: www.rollingstone.es<\/p>\n<p><!--[if gte mso 10]> <\/style>\n\n <![endif]--><\/p>\n","protected":false},"excerpt":{"rendered":"<p>Tras varios meses de rumores que hablaban de reuni\u00f3n,&nbsp;Fleetwood Mac&nbsp;anuncian que van a volver a la carretera la pr\u00f3xima primavera en una extensa gira que les llevar\u00e1 por todo el mundo. La caminata comenzar\u00e1 en Columbus (Ohio) el 4 de abril. &#8220;Es el momento perfecto para salir de nuevo&#8221;, dice&nbsp;Stevie Nicks&nbsp;a Rolling Stone.&nbsp;&#8220;2013 va a [&hellip;]<\/p>\n","protected":false},"author":4,"featured_media":100006506,"comment_status":"open","ping_status":"open","sticky":false,"template":"","format":"standard","meta":{"_jetpack_memberships_contains_paid_content":false,"footnotes":""},"categories":[142],"tags":[],"class_list":["post-6506","post","type-post","status-publish","format-standard","has-post-thumbnail","hentry","category-buzznews"],"jetpack_featured_media_url":"https:\/\/www.oidossucios.com\/site\/wp-content\/uploads\/2012\/12\/6506.jpg","yoast_head":"<!-- This site is optimized with the Yoast SEO plugin v14.0.4 - https:\/\/yoast.com\/wordpress\/plugins\/seo\/ -->\n<title>Fleetwood Mac regresa con gira mundial en 2013 - OidosSucios.Com<\/title>\n<meta name=\"robots\" content=\"index, follow\" \/>\n<meta name=\"googlebot\" content=\"index, follow, max-snippet:-1, max-image-preview:large, max-video-preview:-1\" \/>\n<meta name=\"bingbot\" content=\"index, follow, max-snippet:-1, max-image-preview:large, max-video-preview:-1\" \/>\n<link rel=\"canonical\" href=\"https:\/\/www.oidossucios.com\/site\/fleetwood-mac-regresa-con-gira-mundial-en-2013\/\" \/>\n<meta property=\"og:locale\" content=\"es_ES\" \/>\n<meta property=\"og:type\" content=\"article\" \/>\n<meta property=\"og:title\" content=\"Fleetwood Mac regresa con gira mundial en 2013 - OidosSucios.Com\" \/>\n<meta property=\"og:description\" content=\"Tras varios meses de rumores que hablaban de reuni\u00f3n,&nbsp;Fleetwood Mac&nbsp;anuncian que van a volver a la carretera la pr\u00f3xima primavera en una extensa gira que les llevar\u00e1 por todo el mundo. La caminata comenzar\u00e1 en Columbus (Ohio) el 4 de abril. &#8220;Es el momento perfecto para salir de nuevo&#8221;, dice&nbsp;Stevie Nicks&nbsp;a Rolling Stone.&nbsp;&#8220;2013 va a [&hellip;]\" \/>\n<meta property=\"og:url\" content=\"https:\/\/www.oidossucios.com\/site\/fleetwood-mac-regresa-con-gira-mundial-en-2013\/\" \/>\n<meta property=\"og:site_name\" content=\"OidosSucios.Com\" \/>\n<meta property=\"article:published_time\" content=\"2012-12-05T05:56:00+00:00\" \/>\n<meta property=\"og:image\" content=\"https:\/\/www.oidossucios.com\/site\/wp-content\/uploads\/2012\/12\/6506.jpg\" \/>\n\t<meta property=\"og:image:width\" content=\"350\" \/>\n\t<meta property=\"og:image:height\" content=\"300\" \/>\n<meta name=\"twitter:card\" content=\"summary_large_image\" \/>\n<meta name=\"twitter:creator\" content=\"@oidossucios\" \/>\n<script type=\"application\/ld+json\" class=\"yoast-schema-graph\">{\"@context\":\"https:\/\/schema.org\",\"@graph\":[{\"@type\":\"WebSite\",\"@id\":\"https:\/\/www.oidossucios.com\/site\/#website\",\"url\":\"https:\/\/www.oidossucios.com\/site\/\",\"name\":\"OidosSucios.Com\",\"description\":\"M\\u00fasica, conciertos, discos\",\"potentialAction\":[{\"@type\":\"SearchAction\",\"target\":\"https:\/\/www.oidossucios.com\/site\/?s={search_term_string}\",\"query-input\":\"required name=search_term_string\"}],\"inLanguage\":\"es\"},{\"@type\":\"ImageObject\",\"@id\":\"https:\/\/www.oidossucios.com\/site\/fleetwood-mac-regresa-con-gira-mundial-en-2013\/#primaryimage\",\"inLanguage\":\"es\",\"url\":\"https:\/\/www.oidossucios.com\/site\/wp-content\/uploads\/2012\/12\/6506.jpg\",\"width\":350,\"height\":300},{\"@type\":\"WebPage\",\"@id\":\"https:\/\/www.oidossucios.com\/site\/fleetwood-mac-regresa-con-gira-mundial-en-2013\/#webpage\",\"url\":\"https:\/\/www.oidossucios.com\/site\/fleetwood-mac-regresa-con-gira-mundial-en-2013\/\",\"name\":\"Fleetwood Mac regresa con gira mundial en 2013 - OidosSucios.Com\",\"isPartOf\":{\"@id\":\"https:\/\/www.oidossucios.com\/site\/#website\"},\"primaryImageOfPage\":{\"@id\":\"https:\/\/www.oidossucios.com\/site\/fleetwood-mac-regresa-con-gira-mundial-en-2013\/#primaryimage\"},\"datePublished\":\"2012-12-05T05:56:00+00:00\",\"dateModified\":\"2012-12-05T05:56:00+00:00\",\"author\":{\"@id\":\"https:\/\/www.oidossucios.com\/site\/#\/schema\/person\/24559eeb76bf83a63296fb072393a688\"},\"inLanguage\":\"es\",\"potentialAction\":[{\"@type\":\"ReadAction\",\"target\":[\"https:\/\/www.oidossucios.com\/site\/fleetwood-mac-regresa-con-gira-mundial-en-2013\/\"]}]},{\"@type\":[\"Person\"],\"@id\":\"https:\/\/www.oidossucios.com\/site\/#\/schema\/person\/24559eeb76bf83a63296fb072393a688\",\"name\":\"Oidossucios\",\"image\":{\"@type\":\"ImageObject\",\"@id\":\"https:\/\/www.oidossucios.com\/site\/#personlogo\",\"inLanguage\":\"es\",\"url\":\"https:\/\/secure.gravatar.com\/avatar\/74fcb480f42f1a33e50a0b6e6369a3f907be2e43dc84fa5f76c66e9c22b4a5ab?s=96&d=mm&r=g\",\"caption\":\"Oidossucios\"},\"sameAs\":[\"https:\/\/twitter.com\/oidossucios\"]}]}<\/script>\n<!-- \/ Yoast SEO plugin. -->","jetpack_sharing_enabled":true,"_links":{"self":[{"href":"https:\/\/www.oidossucios.com\/site\/wp-json\/wp\/v2\/posts\/6506","targetHints":{"allow":["GET"]}}],"collection":[{"href":"https:\/\/www.oidossucios.com\/site\/wp-json\/wp\/v2\/posts"}],"about":[{"href":"https:\/\/www.oidossucios.com\/site\/wp-json\/wp\/v2\/types\/post"}],"author":[{"embeddable":true,"href":"https:\/\/www.oidossucios.com\/site\/wp-json\/wp\/v2\/users\/4"}],"replies":[{"embeddable":true,"href":"https:\/\/www.oidossucios.com\/site\/wp-json\/wp\/v2\/comments?post=6506"}],"version-history":[{"count":0,"href":"https:\/\/www.oidossucios.com\/site\/wp-json\/wp\/v2\/posts\/6506\/revisions"}],"wp:featuredmedia":[{"embeddable":true,"href":"https:\/\/www.oidossucios.com\/site\/wp-json\/wp\/v2\/media\/100006506"}],"wp:attachment":[{"href":"https:\/\/www.oidossucios.com\/site\/wp-json\/wp\/v2\/media?parent=6506"}],"wp:term":[{"taxonomy":"category","embeddable":true,"href":"https:\/\/www.oidossucios.com\/site\/wp-json\/wp\/v2\/categories?post=6506"},{"taxonomy":"post_tag","embeddable":true,"href":"https:\/\/www.oidossucios.com\/site\/wp-json\/wp\/v2\/tags?post=6506"}],"curies":[{"name":"wp","href":"https:\/\/api.w.org\/{rel}","templated":true}]}}