{"id":652,"date":"2002-08-12T18:51:00","date_gmt":"2002-08-12T18:51:00","guid":{"rendered":"https:\/\/www.oidossucios.com\/site\/2002\/08\/12\/los-caramelos-lanzan-el-frisbee\/"},"modified":"2002-08-12T18:51:00","modified_gmt":"2002-08-12T18:51:00","slug":"los-caramelos-lanzan-el-frisbee","status":"publish","type":"post","link":"https:\/\/www.oidossucios.com\/site\/los-caramelos-lanzan-el-frisbee\/","title":{"rendered":"Los Caramelos lanzan el Frisbee"},"content":{"rendered":"<p>A partir de este 14 de agosto, Los Caramelos de Cianuro adelantar\u00e1n dos temas de su pr\u00f3ximo disco &#8216;Frisbee&#8217;, para que sus fans elijan cual ser\u00e1 el primer sencillo promocional de esta producci\u00f3n.<\/p>\n<p>&#8216;Sanitarios&#8217; y &#8216;El Ultimo Polvo&#8217; podr\u00e1n ser escuchados en las p\u00e1ginas www.latinworldmusic.com\/caramelos y en terra.com.ve. A su vez, tambi\u00e9n podr\u00e1 o\u00edrse en la secci\u00f3n de entretenimiento de *TUN de Molvinet. Por estas v\u00edas, los oyentes podr\u00e1n realizar su elecci\u00f3n del primer single del disco.<\/p>\n<p>&#8216;Frisbee&#8217;, el sucesor del \u00e9xitoso &#8216;Miss Mujerzuela&#8217;, fue grabado en la primera mitad del 2002 en Caracas y mezclado en San Francisco (USA). El disco se espera est\u00e9 en las calles en el \u00faltimo trimestre de este a\u00f1o.<\/p>\n","protected":false},"excerpt":{"rendered":"<p>A partir de este 14 de agosto se podr\u00e1n escuchar dos temas del pr\u00f3ximo disco de Los Caramelos de Cianuro para que sus fans elijan el primer sencillo promocional.<\/p>\n","protected":false},"author":4,"featured_media":0,"comment_status":"open","ping_status":"open","sticky":false,"template":"","format":"standard","meta":{"_jetpack_memberships_contains_paid_content":false,"footnotes":""},"categories":[250],"tags":[],"class_list":["post-652","post","type-post","status-publish","format-standard","hentry","category-noticias"],"jetpack_featured_media_url":"","yoast_head":"<!-- This site is optimized with the Yoast SEO plugin v14.0.4 - https:\/\/yoast.com\/wordpress\/plugins\/seo\/ -->\n<title>Los Caramelos lanzan el Frisbee - OidosSucios.Com<\/title>\n<meta name=\"description\" content=\"El l\u00edder de Oasis y dos integrantes m\u00e1s de la banda sufrieron un accidente automovil\u00edstico ayer por la noche. Algunas fechas de su gira norteamericana ser\u00e1n reprogramadas.\" \/>\n<meta name=\"robots\" content=\"index, follow\" \/>\n<meta name=\"googlebot\" content=\"index, follow, max-snippet:-1, max-image-preview:large, max-video-preview:-1\" \/>\n<meta name=\"bingbot\" content=\"index, follow, max-snippet:-1, max-image-preview:large, max-video-preview:-1\" \/>\n<link rel=\"canonical\" href=\"https:\/\/www.oidossucios.com\/site\/los-caramelos-lanzan-el-frisbee\/\" \/>\n<meta property=\"og:locale\" content=\"es_ES\" \/>\n<meta property=\"og:type\" content=\"article\" \/>\n<meta property=\"og:title\" content=\"Los Caramelos lanzan el Frisbee - OidosSucios.Com\" \/>\n<meta property=\"og:description\" content=\"El l\u00edder de Oasis y dos integrantes m\u00e1s de la banda sufrieron un accidente automovil\u00edstico ayer por la noche. Algunas fechas de su gira norteamericana ser\u00e1n reprogramadas.\" \/>\n<meta property=\"og:url\" content=\"https:\/\/www.oidossucios.com\/site\/los-caramelos-lanzan-el-frisbee\/\" \/>\n<meta property=\"og:site_name\" content=\"OidosSucios.Com\" \/>\n<meta property=\"article:published_time\" content=\"2002-08-12T18:51:00+00:00\" \/>\n<meta name=\"twitter:card\" content=\"summary_large_image\" \/>\n<meta name=\"twitter:creator\" content=\"@oidossucios\" \/>\n<script type=\"application\/ld+json\" class=\"yoast-schema-graph\">{\"@context\":\"https:\/\/schema.org\",\"@graph\":[{\"@type\":\"WebSite\",\"@id\":\"https:\/\/www.oidossucios.com\/site\/#website\",\"url\":\"https:\/\/www.oidossucios.com\/site\/\",\"name\":\"OidosSucios.Com\",\"description\":\"M\\u00fasica, conciertos, discos\",\"potentialAction\":[{\"@type\":\"SearchAction\",\"target\":\"https:\/\/www.oidossucios.com\/site\/?s={search_term_string}\",\"query-input\":\"required name=search_term_string\"}],\"inLanguage\":\"es\"},{\"@type\":\"WebPage\",\"@id\":\"https:\/\/www.oidossucios.com\/site\/los-caramelos-lanzan-el-frisbee\/#webpage\",\"url\":\"https:\/\/www.oidossucios.com\/site\/los-caramelos-lanzan-el-frisbee\/\",\"name\":\"Los Caramelos lanzan el Frisbee - OidosSucios.Com\",\"isPartOf\":{\"@id\":\"https:\/\/www.oidossucios.com\/site\/#website\"},\"datePublished\":\"2002-08-12T18:51:00+00:00\",\"dateModified\":\"2002-08-12T18:51:00+00:00\",\"author\":{\"@id\":\"https:\/\/www.oidossucios.com\/site\/#\/schema\/person\/24559eeb76bf83a63296fb072393a688\"},\"description\":\"El l\\u00edder de Oasis y dos integrantes m\\u00e1s de la banda sufrieron un accidente automovil\\u00edstico ayer por la noche. Algunas fechas de su gira norteamericana ser\\u00e1n reprogramadas.\",\"inLanguage\":\"es\",\"potentialAction\":[{\"@type\":\"ReadAction\",\"target\":[\"https:\/\/www.oidossucios.com\/site\/los-caramelos-lanzan-el-frisbee\/\"]}]},{\"@type\":[\"Person\"],\"@id\":\"https:\/\/www.oidossucios.com\/site\/#\/schema\/person\/24559eeb76bf83a63296fb072393a688\",\"name\":\"Oidossucios\",\"image\":{\"@type\":\"ImageObject\",\"@id\":\"https:\/\/www.oidossucios.com\/site\/#personlogo\",\"inLanguage\":\"es\",\"url\":\"https:\/\/secure.gravatar.com\/avatar\/74fcb480f42f1a33e50a0b6e6369a3f907be2e43dc84fa5f76c66e9c22b4a5ab?s=96&d=mm&r=g\",\"caption\":\"Oidossucios\"},\"sameAs\":[\"https:\/\/twitter.com\/oidossucios\"]}]}<\/script>\n<!-- \/ Yoast SEO plugin. -->","jetpack_sharing_enabled":true,"_links":{"self":[{"href":"https:\/\/www.oidossucios.com\/site\/wp-json\/wp\/v2\/posts\/652","targetHints":{"allow":["GET"]}}],"collection":[{"href":"https:\/\/www.oidossucios.com\/site\/wp-json\/wp\/v2\/posts"}],"about":[{"href":"https:\/\/www.oidossucios.com\/site\/wp-json\/wp\/v2\/types\/post"}],"author":[{"embeddable":true,"href":"https:\/\/www.oidossucios.com\/site\/wp-json\/wp\/v2\/users\/4"}],"replies":[{"embeddable":true,"href":"https:\/\/www.oidossucios.com\/site\/wp-json\/wp\/v2\/comments?post=652"}],"version-history":[{"count":0,"href":"https:\/\/www.oidossucios.com\/site\/wp-json\/wp\/v2\/posts\/652\/revisions"}],"wp:attachment":[{"href":"https:\/\/www.oidossucios.com\/site\/wp-json\/wp\/v2\/media?parent=652"}],"wp:term":[{"taxonomy":"category","embeddable":true,"href":"https:\/\/www.oidossucios.com\/site\/wp-json\/wp\/v2\/categories?post=652"},{"taxonomy":"post_tag","embeddable":true,"href":"https:\/\/www.oidossucios.com\/site\/wp-json\/wp\/v2\/tags?post=652"}],"curies":[{"name":"wp","href":"https:\/\/api.w.org\/{rel}","templated":true}]}}