{"id":6537,"date":"2012-12-11T19:50:00","date_gmt":"2012-12-11T19:50:00","guid":{"rendered":"https:\/\/www.oidossucios.com\/site\/2012\/12\/11\/ataca-la-radio-celebra-su-segundo-aniversario-con-los-mentas\/"},"modified":"2012-12-11T19:50:00","modified_gmt":"2012-12-11T19:50:00","slug":"ataca-la-radio-celebra-su-segundo-aniversario-con-los-mentas","status":"publish","type":"post","link":"https:\/\/www.oidossucios.com\/site\/ataca-la-radio-celebra-su-segundo-aniversario-con-los-mentas\/","title":{"rendered":"Ataca La Radio celebra su segundo aniversario con Los Mentas"},"content":{"rendered":"<p><![endif]-->El programa radial de La Mega 95.7 FM, Ataca La Radio, llega a su segundo aniversario transmitiendo la mejor m\u00fasica en la voz de Dj Min. Es por ello, que para celebrarlo, re\u00fanen a dos de las mejores bandas de la escena nacional y la fusi\u00f3n de tres ambientes en los espacios de El Teatro Bar Valencia, el pr\u00f3ximo 21 de diciembre.<\/p>\n<p>Conocida tambi\u00e9n como &#8220;La Fiesta Del Fin Del Mundo&#8221;, esta nueva edici\u00f3n del ciclo de actividades que lleva a cabo Ataca La Radio recibir\u00e1 desde Caracas a Los Mentas y en representaci\u00f3n local a la agrupaci\u00f3n Alfombra Roja. De igual forma, y como innovaci\u00f3n, por primera vez en el Teatro Bar Valencia, habr\u00e1 tres ambientes musicales en lo que estar\u00e1n Dj Min, Enemigo del Ritmo, Boris Ruiz, Nikk1FM, Omik, Pippo, Elektor, Big Bang Crew, Luks Skywalker, Afro y Sub Data distribuidos entre el Rock Room, Hits Terrace y Dance Room.<\/p>\n<p>Ataca La Radio, invita tambi\u00e9n a disfrutar de visuales, fotograf\u00eda, red carpet e interacci\u00f3n 2.0, el pr\u00f3ximo 21 de diciembre, desde las 9:00 de la noche en el Teatro Bar Valencia. Con esta fiesta, el programa radial quiere acercarse a los oyentes que sintonizan el programa de Lunes a Viernes de 3:00 a 4:00pm, apoyar a los talentos musicales emergentes y el talento nacional y regalarle a la ciudad eventos diferentes y de calidad.<!--[if gte mso 10]> <\/style>\n\n <![endif]--><\/p>\n","protected":false},"excerpt":{"rendered":"<p>El programa radial de La Mega 95.7 FM, Ataca La Radio, llega a su segundo aniversario transmitiendo la mejor m\u00fasica en la voz de Dj Min. Es por ello, que para celebrarlo, re\u00fanen a dos de las mejores bandas de la escena nacional y la fusi\u00f3n de tres ambientes en los espacios de El Teatro [&hellip;]<\/p>\n","protected":false},"author":4,"featured_media":100006537,"comment_status":"open","ping_status":"open","sticky":false,"template":"","format":"standard","meta":{"_jetpack_memberships_contains_paid_content":false,"footnotes":""},"categories":[142],"tags":[],"class_list":["post-6537","post","type-post","status-publish","format-standard","has-post-thumbnail","hentry","category-buzznews"],"jetpack_featured_media_url":"https:\/\/www.oidossucios.com\/site\/wp-content\/uploads\/2012\/12\/6537.jpg","yoast_head":"<!-- This site is optimized with the Yoast SEO plugin v14.0.4 - https:\/\/yoast.com\/wordpress\/plugins\/seo\/ -->\n<title>Ataca La Radio celebra su segundo aniversario con Los Mentas - OidosSucios.Com<\/title>\n<meta name=\"robots\" content=\"index, follow\" \/>\n<meta name=\"googlebot\" content=\"index, follow, max-snippet:-1, max-image-preview:large, max-video-preview:-1\" \/>\n<meta name=\"bingbot\" content=\"index, follow, max-snippet:-1, max-image-preview:large, max-video-preview:-1\" \/>\n<link rel=\"canonical\" href=\"https:\/\/www.oidossucios.com\/site\/ataca-la-radio-celebra-su-segundo-aniversario-con-los-mentas\/\" \/>\n<meta property=\"og:locale\" content=\"es_ES\" \/>\n<meta property=\"og:type\" content=\"article\" \/>\n<meta property=\"og:title\" content=\"Ataca La Radio celebra su segundo aniversario con Los Mentas - OidosSucios.Com\" \/>\n<meta property=\"og:description\" content=\"El programa radial de La Mega 95.7 FM, Ataca La Radio, llega a su segundo aniversario transmitiendo la mejor m\u00fasica en la voz de Dj Min. Es por ello, que para celebrarlo, re\u00fanen a dos de las mejores bandas de la escena nacional y la fusi\u00f3n de tres ambientes en los espacios de El Teatro [&hellip;]\" \/>\n<meta property=\"og:url\" content=\"https:\/\/www.oidossucios.com\/site\/ataca-la-radio-celebra-su-segundo-aniversario-con-los-mentas\/\" \/>\n<meta property=\"og:site_name\" content=\"OidosSucios.Com\" \/>\n<meta property=\"article:published_time\" content=\"2012-12-11T19:50:00+00:00\" \/>\n<meta property=\"og:image\" content=\"https:\/\/www.oidossucios.com\/site\/wp-content\/uploads\/2012\/12\/6537.jpg\" \/>\n\t<meta property=\"og:image:width\" content=\"350\" \/>\n\t<meta property=\"og:image:height\" content=\"300\" \/>\n<meta name=\"twitter:card\" content=\"summary_large_image\" \/>\n<meta name=\"twitter:creator\" content=\"@oidossucios\" \/>\n<script type=\"application\/ld+json\" class=\"yoast-schema-graph\">{\"@context\":\"https:\/\/schema.org\",\"@graph\":[{\"@type\":\"WebSite\",\"@id\":\"https:\/\/www.oidossucios.com\/site\/#website\",\"url\":\"https:\/\/www.oidossucios.com\/site\/\",\"name\":\"OidosSucios.Com\",\"description\":\"M\\u00fasica, conciertos, discos\",\"potentialAction\":[{\"@type\":\"SearchAction\",\"target\":\"https:\/\/www.oidossucios.com\/site\/?s={search_term_string}\",\"query-input\":\"required name=search_term_string\"}],\"inLanguage\":\"es\"},{\"@type\":\"ImageObject\",\"@id\":\"https:\/\/www.oidossucios.com\/site\/ataca-la-radio-celebra-su-segundo-aniversario-con-los-mentas\/#primaryimage\",\"inLanguage\":\"es\",\"url\":\"https:\/\/www.oidossucios.com\/site\/wp-content\/uploads\/2012\/12\/6537.jpg\",\"width\":350,\"height\":300},{\"@type\":\"WebPage\",\"@id\":\"https:\/\/www.oidossucios.com\/site\/ataca-la-radio-celebra-su-segundo-aniversario-con-los-mentas\/#webpage\",\"url\":\"https:\/\/www.oidossucios.com\/site\/ataca-la-radio-celebra-su-segundo-aniversario-con-los-mentas\/\",\"name\":\"Ataca La Radio celebra su segundo aniversario con Los Mentas - OidosSucios.Com\",\"isPartOf\":{\"@id\":\"https:\/\/www.oidossucios.com\/site\/#website\"},\"primaryImageOfPage\":{\"@id\":\"https:\/\/www.oidossucios.com\/site\/ataca-la-radio-celebra-su-segundo-aniversario-con-los-mentas\/#primaryimage\"},\"datePublished\":\"2012-12-11T19:50:00+00:00\",\"dateModified\":\"2012-12-11T19:50:00+00:00\",\"author\":{\"@id\":\"https:\/\/www.oidossucios.com\/site\/#\/schema\/person\/24559eeb76bf83a63296fb072393a688\"},\"inLanguage\":\"es\",\"potentialAction\":[{\"@type\":\"ReadAction\",\"target\":[\"https:\/\/www.oidossucios.com\/site\/ataca-la-radio-celebra-su-segundo-aniversario-con-los-mentas\/\"]}]},{\"@type\":[\"Person\"],\"@id\":\"https:\/\/www.oidossucios.com\/site\/#\/schema\/person\/24559eeb76bf83a63296fb072393a688\",\"name\":\"Oidossucios\",\"image\":{\"@type\":\"ImageObject\",\"@id\":\"https:\/\/www.oidossucios.com\/site\/#personlogo\",\"inLanguage\":\"es\",\"url\":\"https:\/\/secure.gravatar.com\/avatar\/74fcb480f42f1a33e50a0b6e6369a3f907be2e43dc84fa5f76c66e9c22b4a5ab?s=96&d=mm&r=g\",\"caption\":\"Oidossucios\"},\"sameAs\":[\"https:\/\/twitter.com\/oidossucios\"]}]}<\/script>\n<!-- \/ Yoast SEO plugin. -->","jetpack_sharing_enabled":true,"_links":{"self":[{"href":"https:\/\/www.oidossucios.com\/site\/wp-json\/wp\/v2\/posts\/6537","targetHints":{"allow":["GET"]}}],"collection":[{"href":"https:\/\/www.oidossucios.com\/site\/wp-json\/wp\/v2\/posts"}],"about":[{"href":"https:\/\/www.oidossucios.com\/site\/wp-json\/wp\/v2\/types\/post"}],"author":[{"embeddable":true,"href":"https:\/\/www.oidossucios.com\/site\/wp-json\/wp\/v2\/users\/4"}],"replies":[{"embeddable":true,"href":"https:\/\/www.oidossucios.com\/site\/wp-json\/wp\/v2\/comments?post=6537"}],"version-history":[{"count":0,"href":"https:\/\/www.oidossucios.com\/site\/wp-json\/wp\/v2\/posts\/6537\/revisions"}],"wp:featuredmedia":[{"embeddable":true,"href":"https:\/\/www.oidossucios.com\/site\/wp-json\/wp\/v2\/media\/100006537"}],"wp:attachment":[{"href":"https:\/\/www.oidossucios.com\/site\/wp-json\/wp\/v2\/media?parent=6537"}],"wp:term":[{"taxonomy":"category","embeddable":true,"href":"https:\/\/www.oidossucios.com\/site\/wp-json\/wp\/v2\/categories?post=6537"},{"taxonomy":"post_tag","embeddable":true,"href":"https:\/\/www.oidossucios.com\/site\/wp-json\/wp\/v2\/tags?post=6537"}],"curies":[{"name":"wp","href":"https:\/\/api.w.org\/{rel}","templated":true}]}}