{"id":6539,"date":"2012-12-11T20:16:00","date_gmt":"2012-12-11T20:16:00","guid":{"rendered":"https:\/\/www.oidossucios.com\/site\/2012\/12\/11\/jimmy-page-planea-una-gira-en-solitario-para-el-2013\/"},"modified":"2012-12-11T20:16:00","modified_gmt":"2012-12-11T20:16:00","slug":"jimmy-page-planea-una-gira-en-solitario-para-el-2013","status":"publish","type":"post","link":"https:\/\/www.oidossucios.com\/site\/jimmy-page-planea-una-gira-en-solitario-para-el-2013\/","title":{"rendered":"Jimmy Page planea una gira en solitario para el 2013"},"content":{"rendered":"<p>El guitarrista de&nbsp;Led Zeppelin,&nbsp;Jimmy Page, ha revelado que planea ir de gira en solitario el pr\u00f3ximo 2013, en declaraciones a la revista&nbsp;Guitar World. Seg\u00fan ha explicado a la publicaci\u00f3n, su deseo habr\u00eda sido realizarla este a\u00f1o, pero la promoci\u00f3n de&nbsp;<i>Celebration Day<\/i>, el DVD del concierto de&nbsp;Led Zeppelin&nbsp;en el 2007, le forz\u00f3 a aplazarlo: &#8220;Mi intenci\u00f3n hace un a\u00f1o era estar ya tocando. Pero he tenido que posponerlo a alg\u00fan momento del a\u00f1o que viene, m\u00e1s bien a finales. Pero definitivamente quiero hacerlo&#8221;, ha dicho.<\/p>\n<p>El guitarrista tambi\u00e9n ha vuelto a hablar sobre&nbsp;los rumores que aseguraban que la banda buscaba un cantante&nbsp;para reemplazar a&nbsp;Robert Plant: &#8220;Tras el concierto del O2 Arena,&nbsp;Jason, John Paul Jones&nbsp;tuvimos una charla sobre traer nuevos cantantes, pero eso habr\u00eda cambiado el car\u00e1cter de lo que est\u00e1bamos haciendo y era demasiado precipitado&#8221;, ha declarado Page.<\/p>\n<p>El pasado 2 de diciembre,&nbsp;Led Zeppelin recibi\u00f3 en la&nbsp;Casa Blanca&nbsp;el premio del centro Kennedy, por su contribuci\u00f3n a las artes y a la cultura estadounidense, un reconocimiento que entrega el presidente de los EE UU.<\/p>\n<p>Fuente: www.rollingstone.es<![endif]--><!--[if gte mso 10]> <\/style>\n\n <![endif]--><\/p>\n","protected":false},"excerpt":{"rendered":"<p>El guitarrista de&nbsp;Led Zeppelin,&nbsp;Jimmy Page, ha revelado que planea ir de gira en solitario el pr\u00f3ximo 2013, en declaraciones a la revista&nbsp;Guitar World. Seg\u00fan ha explicado a la publicaci\u00f3n, su deseo habr\u00eda sido realizarla este a\u00f1o, pero la promoci\u00f3n de&nbsp;Celebration Day, el DVD del concierto de&nbsp;Led Zeppelin&nbsp;en el 2007, le forz\u00f3 a aplazarlo: &#8220;Mi intenci\u00f3n [&hellip;]<\/p>\n","protected":false},"author":4,"featured_media":100006539,"comment_status":"open","ping_status":"open","sticky":false,"template":"","format":"standard","meta":{"_jetpack_memberships_contains_paid_content":false,"footnotes":""},"categories":[142],"tags":[],"class_list":["post-6539","post","type-post","status-publish","format-standard","has-post-thumbnail","hentry","category-buzznews"],"jetpack_featured_media_url":"https:\/\/www.oidossucios.com\/site\/wp-content\/uploads\/2012\/12\/6539.jpg","yoast_head":"<!-- This site is optimized with the Yoast SEO plugin v14.0.4 - https:\/\/yoast.com\/wordpress\/plugins\/seo\/ -->\n<title>Jimmy Page planea una gira en solitario para el 2013 - OidosSucios.Com<\/title>\n<meta name=\"robots\" content=\"index, follow\" \/>\n<meta name=\"googlebot\" content=\"index, follow, max-snippet:-1, max-image-preview:large, max-video-preview:-1\" \/>\n<meta name=\"bingbot\" content=\"index, follow, max-snippet:-1, max-image-preview:large, max-video-preview:-1\" \/>\n<link rel=\"canonical\" href=\"https:\/\/www.oidossucios.com\/site\/jimmy-page-planea-una-gira-en-solitario-para-el-2013\/\" \/>\n<meta property=\"og:locale\" content=\"es_ES\" \/>\n<meta property=\"og:type\" content=\"article\" \/>\n<meta property=\"og:title\" content=\"Jimmy Page planea una gira en solitario para el 2013 - OidosSucios.Com\" \/>\n<meta property=\"og:description\" content=\"El guitarrista de&nbsp;Led Zeppelin,&nbsp;Jimmy Page, ha revelado que planea ir de gira en solitario el pr\u00f3ximo 2013, en declaraciones a la revista&nbsp;Guitar World. Seg\u00fan ha explicado a la publicaci\u00f3n, su deseo habr\u00eda sido realizarla este a\u00f1o, pero la promoci\u00f3n de&nbsp;Celebration Day, el DVD del concierto de&nbsp;Led Zeppelin&nbsp;en el 2007, le forz\u00f3 a aplazarlo: &#8220;Mi intenci\u00f3n [&hellip;]\" \/>\n<meta property=\"og:url\" content=\"https:\/\/www.oidossucios.com\/site\/jimmy-page-planea-una-gira-en-solitario-para-el-2013\/\" \/>\n<meta property=\"og:site_name\" content=\"OidosSucios.Com\" \/>\n<meta property=\"article:published_time\" content=\"2012-12-11T20:16:00+00:00\" \/>\n<meta property=\"og:image\" content=\"https:\/\/www.oidossucios.com\/site\/wp-content\/uploads\/2012\/12\/6539.jpg\" \/>\n\t<meta property=\"og:image:width\" content=\"350\" \/>\n\t<meta property=\"og:image:height\" content=\"300\" \/>\n<meta name=\"twitter:card\" content=\"summary_large_image\" \/>\n<meta name=\"twitter:creator\" content=\"@oidossucios\" \/>\n<script type=\"application\/ld+json\" class=\"yoast-schema-graph\">{\"@context\":\"https:\/\/schema.org\",\"@graph\":[{\"@type\":\"WebSite\",\"@id\":\"https:\/\/www.oidossucios.com\/site\/#website\",\"url\":\"https:\/\/www.oidossucios.com\/site\/\",\"name\":\"OidosSucios.Com\",\"description\":\"M\\u00fasica, conciertos, discos\",\"potentialAction\":[{\"@type\":\"SearchAction\",\"target\":\"https:\/\/www.oidossucios.com\/site\/?s={search_term_string}\",\"query-input\":\"required name=search_term_string\"}],\"inLanguage\":\"es\"},{\"@type\":\"ImageObject\",\"@id\":\"https:\/\/www.oidossucios.com\/site\/jimmy-page-planea-una-gira-en-solitario-para-el-2013\/#primaryimage\",\"inLanguage\":\"es\",\"url\":\"https:\/\/www.oidossucios.com\/site\/wp-content\/uploads\/2012\/12\/6539.jpg\",\"width\":350,\"height\":300},{\"@type\":\"WebPage\",\"@id\":\"https:\/\/www.oidossucios.com\/site\/jimmy-page-planea-una-gira-en-solitario-para-el-2013\/#webpage\",\"url\":\"https:\/\/www.oidossucios.com\/site\/jimmy-page-planea-una-gira-en-solitario-para-el-2013\/\",\"name\":\"Jimmy Page planea una gira en solitario para el 2013 - OidosSucios.Com\",\"isPartOf\":{\"@id\":\"https:\/\/www.oidossucios.com\/site\/#website\"},\"primaryImageOfPage\":{\"@id\":\"https:\/\/www.oidossucios.com\/site\/jimmy-page-planea-una-gira-en-solitario-para-el-2013\/#primaryimage\"},\"datePublished\":\"2012-12-11T20:16:00+00:00\",\"dateModified\":\"2012-12-11T20:16:00+00:00\",\"author\":{\"@id\":\"https:\/\/www.oidossucios.com\/site\/#\/schema\/person\/24559eeb76bf83a63296fb072393a688\"},\"inLanguage\":\"es\",\"potentialAction\":[{\"@type\":\"ReadAction\",\"target\":[\"https:\/\/www.oidossucios.com\/site\/jimmy-page-planea-una-gira-en-solitario-para-el-2013\/\"]}]},{\"@type\":[\"Person\"],\"@id\":\"https:\/\/www.oidossucios.com\/site\/#\/schema\/person\/24559eeb76bf83a63296fb072393a688\",\"name\":\"Oidossucios\",\"image\":{\"@type\":\"ImageObject\",\"@id\":\"https:\/\/www.oidossucios.com\/site\/#personlogo\",\"inLanguage\":\"es\",\"url\":\"https:\/\/secure.gravatar.com\/avatar\/74fcb480f42f1a33e50a0b6e6369a3f907be2e43dc84fa5f76c66e9c22b4a5ab?s=96&d=mm&r=g\",\"caption\":\"Oidossucios\"},\"sameAs\":[\"https:\/\/twitter.com\/oidossucios\"]}]}<\/script>\n<!-- \/ Yoast SEO plugin. -->","jetpack_sharing_enabled":true,"_links":{"self":[{"href":"https:\/\/www.oidossucios.com\/site\/wp-json\/wp\/v2\/posts\/6539","targetHints":{"allow":["GET"]}}],"collection":[{"href":"https:\/\/www.oidossucios.com\/site\/wp-json\/wp\/v2\/posts"}],"about":[{"href":"https:\/\/www.oidossucios.com\/site\/wp-json\/wp\/v2\/types\/post"}],"author":[{"embeddable":true,"href":"https:\/\/www.oidossucios.com\/site\/wp-json\/wp\/v2\/users\/4"}],"replies":[{"embeddable":true,"href":"https:\/\/www.oidossucios.com\/site\/wp-json\/wp\/v2\/comments?post=6539"}],"version-history":[{"count":0,"href":"https:\/\/www.oidossucios.com\/site\/wp-json\/wp\/v2\/posts\/6539\/revisions"}],"wp:featuredmedia":[{"embeddable":true,"href":"https:\/\/www.oidossucios.com\/site\/wp-json\/wp\/v2\/media\/100006539"}],"wp:attachment":[{"href":"https:\/\/www.oidossucios.com\/site\/wp-json\/wp\/v2\/media?parent=6539"}],"wp:term":[{"taxonomy":"category","embeddable":true,"href":"https:\/\/www.oidossucios.com\/site\/wp-json\/wp\/v2\/categories?post=6539"},{"taxonomy":"post_tag","embeddable":true,"href":"https:\/\/www.oidossucios.com\/site\/wp-json\/wp\/v2\/tags?post=6539"}],"curies":[{"name":"wp","href":"https:\/\/api.w.org\/{rel}","templated":true}]}}