{"id":654,"date":"2002-08-15T17:11:00","date_gmt":"2002-08-15T17:11:00","guid":{"rendered":"https:\/\/www.oidossucios.com\/site\/2002\/08\/15\/murio-el-vocalista-de-drowning-pool\/"},"modified":"2002-08-15T17:11:00","modified_gmt":"2002-08-15T17:11:00","slug":"murio-el-vocalista-de-drowning-pool","status":"publish","type":"post","link":"https:\/\/www.oidossucios.com\/site\/murio-el-vocalista-de-drowning-pool\/","title":{"rendered":"Muri\u00f3 el vocalista de Drowning Pool"},"content":{"rendered":"<p>Dave Williams, vocalista y fundador de la banda metalero Drowning Pool, fue hallado muerto este mi\u00e9rcoles por la tarde, en el autob\u00fas que lo trasladaba por la gira del Ozzfest 2002, donde la banda participaba. Las causas de su muerte, a los 30 a\u00f1os de edad, son desconocidas.<\/p>\n<p>Drowning Pool gozaba actualmente de una gran popularidad gracias a su disco debut &#8216;Sinner&#8217;, que ha alcanzado grandes ventas en el mundo entero. A\u00fan no se ha anunciado el reemplazo de la banda durante la gira del Ozzfest.<\/p>\n","protected":false},"excerpt":{"rendered":"<p>Dave Williams fue hallado muerto ayer por la tarde en el autob\u00fas que lo trasladaba por la gira del Ozzfest. Las causas de su fallecimiento se desconocen.<\/p>\n","protected":false},"author":4,"featured_media":0,"comment_status":"open","ping_status":"open","sticky":false,"template":"","format":"standard","meta":{"_jetpack_memberships_contains_paid_content":false,"footnotes":""},"categories":[250],"tags":[],"class_list":["post-654","post","type-post","status-publish","format-standard","hentry","category-noticias"],"jetpack_featured_media_url":"","yoast_head":"<!-- This site is optimized with the Yoast SEO plugin v14.0.4 - https:\/\/yoast.com\/wordpress\/plugins\/seo\/ -->\n<title>Muri\u00f3 el vocalista de Drowning Pool - OidosSucios.Com<\/title>\n<meta name=\"description\" content=\"Oidossucios.com pudo confirmar hace pocos momentos que la banda californiana se estar\u00e1 presentando el 6 de octubre en el Valle del Pop. La Ley, Los Pericos y La Mosca ser\u00e1n sus acompa\u00f1antes.\" \/>\n<meta name=\"robots\" content=\"index, follow\" \/>\n<meta name=\"googlebot\" content=\"index, follow, max-snippet:-1, max-image-preview:large, max-video-preview:-1\" \/>\n<meta name=\"bingbot\" content=\"index, follow, max-snippet:-1, max-image-preview:large, max-video-preview:-1\" \/>\n<link rel=\"canonical\" href=\"https:\/\/www.oidossucios.com\/site\/murio-el-vocalista-de-drowning-pool\/\" \/>\n<meta property=\"og:locale\" content=\"es_ES\" \/>\n<meta property=\"og:type\" content=\"article\" \/>\n<meta property=\"og:title\" content=\"Muri\u00f3 el vocalista de Drowning Pool - OidosSucios.Com\" \/>\n<meta property=\"og:description\" content=\"Oidossucios.com pudo confirmar hace pocos momentos que la banda californiana se estar\u00e1 presentando el 6 de octubre en el Valle del Pop. La Ley, Los Pericos y La Mosca ser\u00e1n sus acompa\u00f1antes.\" \/>\n<meta property=\"og:url\" content=\"https:\/\/www.oidossucios.com\/site\/murio-el-vocalista-de-drowning-pool\/\" \/>\n<meta property=\"og:site_name\" content=\"OidosSucios.Com\" \/>\n<meta property=\"article:published_time\" content=\"2002-08-15T17:11:00+00:00\" \/>\n<meta name=\"twitter:card\" content=\"summary_large_image\" \/>\n<meta name=\"twitter:creator\" content=\"@oidossucios\" \/>\n<script type=\"application\/ld+json\" class=\"yoast-schema-graph\">{\"@context\":\"https:\/\/schema.org\",\"@graph\":[{\"@type\":\"WebSite\",\"@id\":\"https:\/\/www.oidossucios.com\/site\/#website\",\"url\":\"https:\/\/www.oidossucios.com\/site\/\",\"name\":\"OidosSucios.Com\",\"description\":\"M\\u00fasica, conciertos, discos\",\"potentialAction\":[{\"@type\":\"SearchAction\",\"target\":\"https:\/\/www.oidossucios.com\/site\/?s={search_term_string}\",\"query-input\":\"required name=search_term_string\"}],\"inLanguage\":\"es\"},{\"@type\":\"WebPage\",\"@id\":\"https:\/\/www.oidossucios.com\/site\/murio-el-vocalista-de-drowning-pool\/#webpage\",\"url\":\"https:\/\/www.oidossucios.com\/site\/murio-el-vocalista-de-drowning-pool\/\",\"name\":\"Muri\\u00f3 el vocalista de Drowning Pool - OidosSucios.Com\",\"isPartOf\":{\"@id\":\"https:\/\/www.oidossucios.com\/site\/#website\"},\"datePublished\":\"2002-08-15T17:11:00+00:00\",\"dateModified\":\"2002-08-15T17:11:00+00:00\",\"author\":{\"@id\":\"https:\/\/www.oidossucios.com\/site\/#\/schema\/person\/24559eeb76bf83a63296fb072393a688\"},\"description\":\"Oidossucios.com pudo confirmar hace pocos momentos que la banda californiana se estar\\u00e1 presentando el 6 de octubre en el Valle del Pop. La Ley, Los Pericos y La Mosca ser\\u00e1n sus acompa\\u00f1antes.\",\"inLanguage\":\"es\",\"potentialAction\":[{\"@type\":\"ReadAction\",\"target\":[\"https:\/\/www.oidossucios.com\/site\/murio-el-vocalista-de-drowning-pool\/\"]}]},{\"@type\":[\"Person\"],\"@id\":\"https:\/\/www.oidossucios.com\/site\/#\/schema\/person\/24559eeb76bf83a63296fb072393a688\",\"name\":\"Oidossucios\",\"image\":{\"@type\":\"ImageObject\",\"@id\":\"https:\/\/www.oidossucios.com\/site\/#personlogo\",\"inLanguage\":\"es\",\"url\":\"https:\/\/secure.gravatar.com\/avatar\/74fcb480f42f1a33e50a0b6e6369a3f907be2e43dc84fa5f76c66e9c22b4a5ab?s=96&d=mm&r=g\",\"caption\":\"Oidossucios\"},\"sameAs\":[\"https:\/\/twitter.com\/oidossucios\"]}]}<\/script>\n<!-- \/ Yoast SEO plugin. -->","jetpack_sharing_enabled":true,"_links":{"self":[{"href":"https:\/\/www.oidossucios.com\/site\/wp-json\/wp\/v2\/posts\/654","targetHints":{"allow":["GET"]}}],"collection":[{"href":"https:\/\/www.oidossucios.com\/site\/wp-json\/wp\/v2\/posts"}],"about":[{"href":"https:\/\/www.oidossucios.com\/site\/wp-json\/wp\/v2\/types\/post"}],"author":[{"embeddable":true,"href":"https:\/\/www.oidossucios.com\/site\/wp-json\/wp\/v2\/users\/4"}],"replies":[{"embeddable":true,"href":"https:\/\/www.oidossucios.com\/site\/wp-json\/wp\/v2\/comments?post=654"}],"version-history":[{"count":0,"href":"https:\/\/www.oidossucios.com\/site\/wp-json\/wp\/v2\/posts\/654\/revisions"}],"wp:attachment":[{"href":"https:\/\/www.oidossucios.com\/site\/wp-json\/wp\/v2\/media?parent=654"}],"wp:term":[{"taxonomy":"category","embeddable":true,"href":"https:\/\/www.oidossucios.com\/site\/wp-json\/wp\/v2\/categories?post=654"},{"taxonomy":"post_tag","embeddable":true,"href":"https:\/\/www.oidossucios.com\/site\/wp-json\/wp\/v2\/tags?post=654"}],"curies":[{"name":"wp","href":"https:\/\/api.w.org\/{rel}","templated":true}]}}