{"id":6567,"date":"2012-12-17T03:28:00","date_gmt":"2012-12-17T03:28:00","guid":{"rendered":"https:\/\/www.oidossucios.com\/site\/2012\/12\/17\/el-vocalista-de-lamb-of-god-sera-juzgado-por-homicidio-el-4-de-febrero\/"},"modified":"2012-12-17T03:28:00","modified_gmt":"2012-12-17T03:28:00","slug":"el-vocalista-de-lamb-of-god-sera-juzgado-por-homicidio-el-4-de-febrero","status":"publish","type":"post","link":"https:\/\/www.oidossucios.com\/site\/el-vocalista-de-lamb-of-god-sera-juzgado-por-homicidio-el-4-de-febrero\/","title":{"rendered":"El vocalista de Lamb of God ser\u00e1 juzgado por homicidio el 4 de febrero"},"content":{"rendered":"<p>Por <\/p>\n<p>El vocalista de Lamb of God, Randy Blythe, ser\u00e1 juzgado el pr\u00f3ximo 4 de febrero de 2013 por un tribunal de Praga por los cargos de homicidio involuntario de un seguidor de 19 a\u00f1os que, durante un concierto de la banda en la capital checa en mayo de 2010, fue lanzado de malas maneras desde el escenario al que se hab\u00eda encaramado, y que fortuita y lamentablemente termin\u00f3 muriendo dos semanas despu\u00e9s en el hospital.<\/p>\n<p>Durante aquel funesto recital, varios espectadores subieron al escenario y se produjo un forcejeo entre ellos, la banda y el personal de seguridad. Como consecuencia de esos momentos de tensi\u00f3n, el joven Daniel Nosek se golpe\u00f3 en la cabeza al caer desde las tablas y termin\u00f3 falleciendo. Blythe estuvo detenido en Praga el pasado mes de junio, y logr\u00f3 la libertad cinco semanas despu\u00e9s, previo pago de una fianza de 200.000 d\u00f3lares.<\/p>\n<p>El pasado 5 de diciembre Blythe fue acusado formalmente de homicidio involuntario por la justicia checa, que ahora anuncia que la vista tendr\u00e1 lugar el 4 de febrero, al tiempo que recalca que el vocalista deber\u00e1 presentarse obligatoriamente. En caso de ser declarado culpable, podr\u00eda ser condenado hasta a diez a\u00f1os de prisi\u00f3n.<\/p>\n<p>Tras conocer la acusaci\u00f3n formal de hace una semana, el m\u00e1nager del grupo, Larry Mazar, anunci\u00f3 en un comunicado su intenci\u00f3n de &#8220;luchar vigorosamente&#8221; por la absoluci\u00f3n del m\u00fasico, que &#8220;de ninguna manera quiso causar da\u00f1o al joven fan\u00e1tico que muri\u00f3 como consecuencia de las heridas sufridas durante el espect\u00e1culo&#8221;.<\/p>\n<p>&#8220;Lo sucedido fue una tragedia, pero Randy no hizo nada indebido, sino que respondi\u00f3 profesionalmente ante la numerosa cantidad de aficionados que subieron al escenario. El precio de un boleto para un espect\u00e1culo no da derecho a los miembros del p\u00fablico a acceder a tarima donde est\u00e1 la banda, y tenemos el testimonio del operador local que reconoce la falta de seguridad en el evento y el uso de una baranda inapropiada esa noche&#8221;, sentenci\u00f3 el m\u00e1nager.<\/p>\n<p>Fuente: www.rollingstone.es<![endif]--><!--[if gte mso 10]> <\/style>\n\n <![endif]--><\/p>\n","protected":false},"excerpt":{"rendered":"<p>Randy Blythe ser\u00e1 juzgado en Praga por homicidio involuntario, tras la muerte de un fan por heridas provocadas en un concierto de la banda.<\/p>\n","protected":false},"author":4,"featured_media":100006567,"comment_status":"open","ping_status":"open","sticky":false,"template":"","format":"standard","meta":{"_jetpack_memberships_contains_paid_content":false,"footnotes":""},"categories":[685],"tags":[],"class_list":["post-6567","post","type-post","status-publish","format-standard","has-post-thumbnail","hentry","category-ultima"],"jetpack_featured_media_url":"https:\/\/www.oidossucios.com\/site\/wp-content\/uploads\/2012\/12\/6567.jpg","yoast_head":"<!-- This site is optimized with the Yoast SEO plugin v14.0.4 - https:\/\/yoast.com\/wordpress\/plugins\/seo\/ -->\n<title>El vocalista de Lamb of God ser\u00e1 juzgado por homicidio el 4 de febrero - OidosSucios.Com<\/title>\n<meta name=\"description\" content=\"Randy Blythe ser\u00e1 juzgado en Praga por homicidio involuntario, tras la muerte de un fan por heridas provocadas en un concierto de la banda.\" \/>\n<meta name=\"robots\" content=\"index, follow\" \/>\n<meta name=\"googlebot\" content=\"index, follow, max-snippet:-1, max-image-preview:large, max-video-preview:-1\" \/>\n<meta name=\"bingbot\" content=\"index, follow, max-snippet:-1, max-image-preview:large, max-video-preview:-1\" \/>\n<link rel=\"canonical\" href=\"https:\/\/www.oidossucios.com\/site\/el-vocalista-de-lamb-of-god-sera-juzgado-por-homicidio-el-4-de-febrero\/\" \/>\n<meta property=\"og:locale\" content=\"es_ES\" \/>\n<meta property=\"og:type\" content=\"article\" \/>\n<meta property=\"og:title\" content=\"El vocalista de Lamb of God ser\u00e1 juzgado por homicidio el 4 de febrero - OidosSucios.Com\" \/>\n<meta property=\"og:description\" content=\"Randy Blythe ser\u00e1 juzgado en Praga por homicidio involuntario, tras la muerte de un fan por heridas provocadas en un concierto de la banda.\" \/>\n<meta property=\"og:url\" content=\"https:\/\/www.oidossucios.com\/site\/el-vocalista-de-lamb-of-god-sera-juzgado-por-homicidio-el-4-de-febrero\/\" \/>\n<meta property=\"og:site_name\" content=\"OidosSucios.Com\" \/>\n<meta property=\"article:published_time\" content=\"2012-12-17T03:28:00+00:00\" \/>\n<meta property=\"og:image\" content=\"https:\/\/www.oidossucios.com\/site\/wp-content\/uploads\/2012\/12\/6567.jpg\" \/>\n\t<meta property=\"og:image:width\" content=\"350\" \/>\n\t<meta property=\"og:image:height\" content=\"300\" \/>\n<meta name=\"twitter:card\" content=\"summary_large_image\" \/>\n<meta name=\"twitter:creator\" content=\"@oidossucios\" \/>\n<script type=\"application\/ld+json\" class=\"yoast-schema-graph\">{\"@context\":\"https:\/\/schema.org\",\"@graph\":[{\"@type\":\"WebSite\",\"@id\":\"https:\/\/www.oidossucios.com\/site\/#website\",\"url\":\"https:\/\/www.oidossucios.com\/site\/\",\"name\":\"OidosSucios.Com\",\"description\":\"M\\u00fasica, conciertos, discos\",\"potentialAction\":[{\"@type\":\"SearchAction\",\"target\":\"https:\/\/www.oidossucios.com\/site\/?s={search_term_string}\",\"query-input\":\"required name=search_term_string\"}],\"inLanguage\":\"es\"},{\"@type\":\"ImageObject\",\"@id\":\"https:\/\/www.oidossucios.com\/site\/el-vocalista-de-lamb-of-god-sera-juzgado-por-homicidio-el-4-de-febrero\/#primaryimage\",\"inLanguage\":\"es\",\"url\":\"https:\/\/www.oidossucios.com\/site\/wp-content\/uploads\/2012\/12\/6567.jpg\",\"width\":350,\"height\":300},{\"@type\":\"WebPage\",\"@id\":\"https:\/\/www.oidossucios.com\/site\/el-vocalista-de-lamb-of-god-sera-juzgado-por-homicidio-el-4-de-febrero\/#webpage\",\"url\":\"https:\/\/www.oidossucios.com\/site\/el-vocalista-de-lamb-of-god-sera-juzgado-por-homicidio-el-4-de-febrero\/\",\"name\":\"El vocalista de Lamb of God ser\\u00e1 juzgado por homicidio el 4 de febrero - OidosSucios.Com\",\"isPartOf\":{\"@id\":\"https:\/\/www.oidossucios.com\/site\/#website\"},\"primaryImageOfPage\":{\"@id\":\"https:\/\/www.oidossucios.com\/site\/el-vocalista-de-lamb-of-god-sera-juzgado-por-homicidio-el-4-de-febrero\/#primaryimage\"},\"datePublished\":\"2012-12-17T03:28:00+00:00\",\"dateModified\":\"2012-12-17T03:28:00+00:00\",\"author\":{\"@id\":\"https:\/\/www.oidossucios.com\/site\/#\/schema\/person\/24559eeb76bf83a63296fb072393a688\"},\"description\":\"Randy Blythe ser\\u00e1 juzgado en Praga por homicidio involuntario, tras la muerte de un fan por heridas provocadas en un concierto de la banda.\",\"inLanguage\":\"es\",\"potentialAction\":[{\"@type\":\"ReadAction\",\"target\":[\"https:\/\/www.oidossucios.com\/site\/el-vocalista-de-lamb-of-god-sera-juzgado-por-homicidio-el-4-de-febrero\/\"]}]},{\"@type\":[\"Person\"],\"@id\":\"https:\/\/www.oidossucios.com\/site\/#\/schema\/person\/24559eeb76bf83a63296fb072393a688\",\"name\":\"Oidossucios\",\"image\":{\"@type\":\"ImageObject\",\"@id\":\"https:\/\/www.oidossucios.com\/site\/#personlogo\",\"inLanguage\":\"es\",\"url\":\"https:\/\/secure.gravatar.com\/avatar\/74fcb480f42f1a33e50a0b6e6369a3f907be2e43dc84fa5f76c66e9c22b4a5ab?s=96&d=mm&r=g\",\"caption\":\"Oidossucios\"},\"sameAs\":[\"https:\/\/twitter.com\/oidossucios\"]}]}<\/script>\n<!-- \/ Yoast SEO plugin. -->","jetpack_sharing_enabled":true,"_links":{"self":[{"href":"https:\/\/www.oidossucios.com\/site\/wp-json\/wp\/v2\/posts\/6567","targetHints":{"allow":["GET"]}}],"collection":[{"href":"https:\/\/www.oidossucios.com\/site\/wp-json\/wp\/v2\/posts"}],"about":[{"href":"https:\/\/www.oidossucios.com\/site\/wp-json\/wp\/v2\/types\/post"}],"author":[{"embeddable":true,"href":"https:\/\/www.oidossucios.com\/site\/wp-json\/wp\/v2\/users\/4"}],"replies":[{"embeddable":true,"href":"https:\/\/www.oidossucios.com\/site\/wp-json\/wp\/v2\/comments?post=6567"}],"version-history":[{"count":0,"href":"https:\/\/www.oidossucios.com\/site\/wp-json\/wp\/v2\/posts\/6567\/revisions"}],"wp:featuredmedia":[{"embeddable":true,"href":"https:\/\/www.oidossucios.com\/site\/wp-json\/wp\/v2\/media\/100006567"}],"wp:attachment":[{"href":"https:\/\/www.oidossucios.com\/site\/wp-json\/wp\/v2\/media?parent=6567"}],"wp:term":[{"taxonomy":"category","embeddable":true,"href":"https:\/\/www.oidossucios.com\/site\/wp-json\/wp\/v2\/categories?post=6567"},{"taxonomy":"post_tag","embeddable":true,"href":"https:\/\/www.oidossucios.com\/site\/wp-json\/wp\/v2\/tags?post=6567"}],"curies":[{"name":"wp","href":"https:\/\/api.w.org\/{rel}","templated":true}]}}