{"id":6569,"date":"2012-12-17T15:44:00","date_gmt":"2012-12-17T15:44:00","guid":{"rendered":"https:\/\/www.oidossucios.com\/site\/2012\/12\/17\/los-mentas-cierran-el-ano-en-valencia\/"},"modified":"2012-12-17T15:44:00","modified_gmt":"2012-12-17T15:44:00","slug":"los-mentas-cierran-el-ano-en-valencia","status":"publish","type":"post","link":"https:\/\/www.oidossucios.com\/site\/los-mentas-cierran-el-ano-en-valencia\/","title":{"rendered":"Los Mentas cierran el a\u00f1o en Valencia"},"content":{"rendered":"<p><![endif]--> <\/p>\n<p>Ataca la Radio, programa que se transmite de Lunes a Viernes por La Mega 95.7FM llega a su segundo aniversario este viernes 21 de Diciembre, el comienzo del Fin del Mundo y lo celebrar\u00e1 en grande.<\/p>\n<p>En esta edici\u00f3n Aniversario estar\u00e1n presente dos bandas: Alfombra Roja (Ganadora del Festival Nuevas Bandas 2010) y Los Mentas (Ganadores del Festival nuevas bandas 1999, invitados en el Festival Rock al Parque en Colombia en el 2000 y Vive Latino en Mexico para el 2008 y 2010), que pondr\u00e1n a saltar a todos con su energ\u00eda en tarima, banda que han tenido experiencia en grandes festivales nacionales.<\/p>\n<p>Entre los regalos que podr\u00e1n disfrutar los asistente al evento, ser\u00e1 una guitarra el\u00e9ctrica autografiada por las bandas.<\/p>\n<p>Tres ambientes diferentes con las distintas tendencias musicales que suenan en el programa Ataca la Radio:<\/p>\n<p><b>Main Rock:<\/b> La sala principal del Teatro Bar Valencia se convierte en el escenario donde sonar\u00e1 lo m\u00e1s importante del Rock sonado por Dj Min, El Enemigo del Ritmo y donde las agrupaciones se estar\u00e1n presentando.<\/p>\n<p><b>Terrace Hits:<\/b> El Nivel Terraza del Teatro se convierte nuevamente en la bienvenida al Aniversario con Fotograf\u00eda, Red Carpet y la m\u00fasica de Boris Ru\u00edz y Nikk1FM.<br \/><b><br \/>Room Electr\u00f3nico:<\/b> Este es el Nuevo sal\u00f3n construido por El Teatro Bar que esta edici\u00f3n estar\u00e1n los mejores pinchadiscos del pa\u00eds conformados por Pippo-Elektor de Maracaibo (1000 Dragones), Omik y el Big Bang Crew, ellos son los elegidos para sonar lo mejor de la m\u00fasica electr\u00f3nica a Nivel Mundial.<\/p>\n<p><!--[if gte mso 10]> <\/style>\n\n <![endif]--><\/p>\n","protected":false},"excerpt":{"rendered":"<p>Ataca la Radio, programa que se transmite de Lunes a Viernes por La Mega 95.7FM llega a su segundo aniversario este viernes 21 de Diciembre, el comienzo del Fin del Mundo y lo celebrar\u00e1 en grande. En esta edici\u00f3n Aniversario estar\u00e1n presente dos bandas: Alfombra Roja (Ganadora del Festival Nuevas Bandas 2010) y Los Mentas [&hellip;]<\/p>\n","protected":false},"author":4,"featured_media":100006569,"comment_status":"open","ping_status":"open","sticky":false,"template":"","format":"standard","meta":{"_jetpack_memberships_contains_paid_content":false,"footnotes":""},"categories":[142],"tags":[],"class_list":["post-6569","post","type-post","status-publish","format-standard","has-post-thumbnail","hentry","category-buzznews"],"jetpack_featured_media_url":"https:\/\/www.oidossucios.com\/site\/wp-content\/uploads\/2012\/12\/6569.jpg","yoast_head":"<!-- This site is optimized with the Yoast SEO plugin v14.0.4 - https:\/\/yoast.com\/wordpress\/plugins\/seo\/ -->\n<title>Los Mentas cierran el a\u00f1o en Valencia - OidosSucios.Com<\/title>\n<meta name=\"robots\" content=\"index, follow\" \/>\n<meta name=\"googlebot\" content=\"index, follow, max-snippet:-1, max-image-preview:large, max-video-preview:-1\" \/>\n<meta name=\"bingbot\" content=\"index, follow, max-snippet:-1, max-image-preview:large, max-video-preview:-1\" \/>\n<link rel=\"canonical\" href=\"https:\/\/www.oidossucios.com\/site\/los-mentas-cierran-el-ano-en-valencia\/\" \/>\n<meta property=\"og:locale\" content=\"es_ES\" \/>\n<meta property=\"og:type\" content=\"article\" \/>\n<meta property=\"og:title\" content=\"Los Mentas cierran el a\u00f1o en Valencia - OidosSucios.Com\" \/>\n<meta property=\"og:description\" content=\"Ataca la Radio, programa que se transmite de Lunes a Viernes por La Mega 95.7FM llega a su segundo aniversario este viernes 21 de Diciembre, el comienzo del Fin del Mundo y lo celebrar\u00e1 en grande. En esta edici\u00f3n Aniversario estar\u00e1n presente dos bandas: Alfombra Roja (Ganadora del Festival Nuevas Bandas 2010) y Los Mentas [&hellip;]\" \/>\n<meta property=\"og:url\" content=\"https:\/\/www.oidossucios.com\/site\/los-mentas-cierran-el-ano-en-valencia\/\" \/>\n<meta property=\"og:site_name\" content=\"OidosSucios.Com\" \/>\n<meta property=\"article:published_time\" content=\"2012-12-17T15:44:00+00:00\" \/>\n<meta property=\"og:image\" content=\"https:\/\/www.oidossucios.com\/site\/wp-content\/uploads\/2012\/12\/6569.jpg\" \/>\n\t<meta property=\"og:image:width\" content=\"350\" \/>\n\t<meta property=\"og:image:height\" content=\"300\" \/>\n<meta name=\"twitter:card\" content=\"summary_large_image\" \/>\n<meta name=\"twitter:creator\" content=\"@oidossucios\" \/>\n<script type=\"application\/ld+json\" class=\"yoast-schema-graph\">{\"@context\":\"https:\/\/schema.org\",\"@graph\":[{\"@type\":\"WebSite\",\"@id\":\"https:\/\/www.oidossucios.com\/site\/#website\",\"url\":\"https:\/\/www.oidossucios.com\/site\/\",\"name\":\"OidosSucios.Com\",\"description\":\"M\\u00fasica, conciertos, discos\",\"potentialAction\":[{\"@type\":\"SearchAction\",\"target\":\"https:\/\/www.oidossucios.com\/site\/?s={search_term_string}\",\"query-input\":\"required name=search_term_string\"}],\"inLanguage\":\"es\"},{\"@type\":\"ImageObject\",\"@id\":\"https:\/\/www.oidossucios.com\/site\/los-mentas-cierran-el-ano-en-valencia\/#primaryimage\",\"inLanguage\":\"es\",\"url\":\"https:\/\/www.oidossucios.com\/site\/wp-content\/uploads\/2012\/12\/6569.jpg\",\"width\":350,\"height\":300},{\"@type\":\"WebPage\",\"@id\":\"https:\/\/www.oidossucios.com\/site\/los-mentas-cierran-el-ano-en-valencia\/#webpage\",\"url\":\"https:\/\/www.oidossucios.com\/site\/los-mentas-cierran-el-ano-en-valencia\/\",\"name\":\"Los Mentas cierran el a\\u00f1o en Valencia - OidosSucios.Com\",\"isPartOf\":{\"@id\":\"https:\/\/www.oidossucios.com\/site\/#website\"},\"primaryImageOfPage\":{\"@id\":\"https:\/\/www.oidossucios.com\/site\/los-mentas-cierran-el-ano-en-valencia\/#primaryimage\"},\"datePublished\":\"2012-12-17T15:44:00+00:00\",\"dateModified\":\"2012-12-17T15:44:00+00:00\",\"author\":{\"@id\":\"https:\/\/www.oidossucios.com\/site\/#\/schema\/person\/24559eeb76bf83a63296fb072393a688\"},\"inLanguage\":\"es\",\"potentialAction\":[{\"@type\":\"ReadAction\",\"target\":[\"https:\/\/www.oidossucios.com\/site\/los-mentas-cierran-el-ano-en-valencia\/\"]}]},{\"@type\":[\"Person\"],\"@id\":\"https:\/\/www.oidossucios.com\/site\/#\/schema\/person\/24559eeb76bf83a63296fb072393a688\",\"name\":\"Oidossucios\",\"image\":{\"@type\":\"ImageObject\",\"@id\":\"https:\/\/www.oidossucios.com\/site\/#personlogo\",\"inLanguage\":\"es\",\"url\":\"https:\/\/secure.gravatar.com\/avatar\/74fcb480f42f1a33e50a0b6e6369a3f907be2e43dc84fa5f76c66e9c22b4a5ab?s=96&d=mm&r=g\",\"caption\":\"Oidossucios\"},\"sameAs\":[\"https:\/\/twitter.com\/oidossucios\"]}]}<\/script>\n<!-- \/ Yoast SEO plugin. -->","jetpack_sharing_enabled":true,"_links":{"self":[{"href":"https:\/\/www.oidossucios.com\/site\/wp-json\/wp\/v2\/posts\/6569","targetHints":{"allow":["GET"]}}],"collection":[{"href":"https:\/\/www.oidossucios.com\/site\/wp-json\/wp\/v2\/posts"}],"about":[{"href":"https:\/\/www.oidossucios.com\/site\/wp-json\/wp\/v2\/types\/post"}],"author":[{"embeddable":true,"href":"https:\/\/www.oidossucios.com\/site\/wp-json\/wp\/v2\/users\/4"}],"replies":[{"embeddable":true,"href":"https:\/\/www.oidossucios.com\/site\/wp-json\/wp\/v2\/comments?post=6569"}],"version-history":[{"count":0,"href":"https:\/\/www.oidossucios.com\/site\/wp-json\/wp\/v2\/posts\/6569\/revisions"}],"wp:featuredmedia":[{"embeddable":true,"href":"https:\/\/www.oidossucios.com\/site\/wp-json\/wp\/v2\/media\/100006569"}],"wp:attachment":[{"href":"https:\/\/www.oidossucios.com\/site\/wp-json\/wp\/v2\/media?parent=6569"}],"wp:term":[{"taxonomy":"category","embeddable":true,"href":"https:\/\/www.oidossucios.com\/site\/wp-json\/wp\/v2\/categories?post=6569"},{"taxonomy":"post_tag","embeddable":true,"href":"https:\/\/www.oidossucios.com\/site\/wp-json\/wp\/v2\/tags?post=6569"}],"curies":[{"name":"wp","href":"https:\/\/api.w.org\/{rel}","templated":true}]}}