{"id":6574,"date":"2012-12-18T19:23:00","date_gmt":"2012-12-18T19:23:00","guid":{"rendered":"https:\/\/www.oidossucios.com\/site\/2012\/12\/18\/primer-trailer-del-concierto-documental-freak-nights-de-the-flaming-lips\/"},"modified":"2012-12-18T19:23:00","modified_gmt":"2012-12-18T19:23:00","slug":"primer-trailer-del-concierto-documental-freak-nights-de-the-flaming-lips","status":"publish","type":"post","link":"https:\/\/www.oidossucios.com\/site\/primer-trailer-del-concierto-documental-freak-nights-de-the-flaming-lips\/","title":{"rendered":"Primer tr\u00e1iler del concierto\/documental &#8220;Freak Nights&#8221; de The Flaming Lips"},"content":{"rendered":"<p>The Flaming Lips public\u00f3 un avance de <i>Freak Nights<\/i>, una nueva pel\u00edcula concierto, que se llev\u00f3 a cabo en el Amphitheatre de Oklahoma City el pasado 26 de octubre.<\/p>\n<p>El filme fue filmado por una productora local llamada Delo Creative, que documenta la actuaci\u00f3n de la banda bajo el marco de las celebraciones de Halloween, presentaci\u00f3n que fue nombrada como la mayor fiesta de disfraces en Midwest.<\/p>\n<p>Fuente: www.warp.la<![endif]--><!--[if gte mso 10]> <\/style>\n\n <![endif]--><\/p>\n","protected":false},"excerpt":{"rendered":"<p>The Flaming Lips public\u00f3 un avance de Freak Nights, una nueva pel\u00edcula concierto, que se llev\u00f3 a cabo en el Amphitheatre de Oklahoma City el pasado 26 de octubre. El filme fue filmado por una productora local llamada Delo Creative, que documenta la actuaci\u00f3n de la banda bajo el marco de las celebraciones de Halloween, [&hellip;]<\/p>\n","protected":false},"author":4,"featured_media":0,"comment_status":"open","ping_status":"open","sticky":false,"template":"","format":"standard","meta":{"_jetpack_memberships_contains_paid_content":false,"footnotes":""},"categories":[142],"tags":[],"class_list":["post-6574","post","type-post","status-publish","format-standard","hentry","category-buzznews"],"jetpack_featured_media_url":"","yoast_head":"<!-- This site is optimized with the Yoast SEO plugin v14.0.4 - https:\/\/yoast.com\/wordpress\/plugins\/seo\/ -->\n<title>Primer tr\u00e1iler del concierto\/documental &quot;Freak Nights&quot; de The Flaming Lips - OidosSucios.Com<\/title>\n<meta name=\"robots\" content=\"index, follow\" \/>\n<meta name=\"googlebot\" content=\"index, follow, max-snippet:-1, max-image-preview:large, max-video-preview:-1\" \/>\n<meta name=\"bingbot\" content=\"index, follow, max-snippet:-1, max-image-preview:large, max-video-preview:-1\" \/>\n<link rel=\"canonical\" href=\"https:\/\/www.oidossucios.com\/site\/primer-trailer-del-concierto-documental-freak-nights-de-the-flaming-lips\/\" \/>\n<meta property=\"og:locale\" content=\"es_ES\" \/>\n<meta property=\"og:type\" content=\"article\" \/>\n<meta property=\"og:title\" content=\"Primer tr\u00e1iler del concierto\/documental &quot;Freak Nights&quot; de The Flaming Lips - OidosSucios.Com\" \/>\n<meta property=\"og:description\" content=\"The Flaming Lips public\u00f3 un avance de Freak Nights, una nueva pel\u00edcula concierto, que se llev\u00f3 a cabo en el Amphitheatre de Oklahoma City el pasado 26 de octubre. El filme fue filmado por una productora local llamada Delo Creative, que documenta la actuaci\u00f3n de la banda bajo el marco de las celebraciones de Halloween, [&hellip;]\" \/>\n<meta property=\"og:url\" content=\"https:\/\/www.oidossucios.com\/site\/primer-trailer-del-concierto-documental-freak-nights-de-the-flaming-lips\/\" \/>\n<meta property=\"og:site_name\" content=\"OidosSucios.Com\" \/>\n<meta property=\"article:published_time\" content=\"2012-12-18T19:23:00+00:00\" \/>\n<meta name=\"twitter:card\" content=\"summary_large_image\" \/>\n<meta name=\"twitter:creator\" content=\"@oidossucios\" \/>\n<script type=\"application\/ld+json\" class=\"yoast-schema-graph\">{\"@context\":\"https:\/\/schema.org\",\"@graph\":[{\"@type\":\"WebSite\",\"@id\":\"https:\/\/www.oidossucios.com\/site\/#website\",\"url\":\"https:\/\/www.oidossucios.com\/site\/\",\"name\":\"OidosSucios.Com\",\"description\":\"M\\u00fasica, conciertos, discos\",\"potentialAction\":[{\"@type\":\"SearchAction\",\"target\":\"https:\/\/www.oidossucios.com\/site\/?s={search_term_string}\",\"query-input\":\"required name=search_term_string\"}],\"inLanguage\":\"es\"},{\"@type\":\"WebPage\",\"@id\":\"https:\/\/www.oidossucios.com\/site\/primer-trailer-del-concierto-documental-freak-nights-de-the-flaming-lips\/#webpage\",\"url\":\"https:\/\/www.oidossucios.com\/site\/primer-trailer-del-concierto-documental-freak-nights-de-the-flaming-lips\/\",\"name\":\"Primer tr\\u00e1iler del concierto\/documental \\\"Freak Nights\\\" de The Flaming Lips - OidosSucios.Com\",\"isPartOf\":{\"@id\":\"https:\/\/www.oidossucios.com\/site\/#website\"},\"datePublished\":\"2012-12-18T19:23:00+00:00\",\"dateModified\":\"2012-12-18T19:23:00+00:00\",\"author\":{\"@id\":\"https:\/\/www.oidossucios.com\/site\/#\/schema\/person\/24559eeb76bf83a63296fb072393a688\"},\"inLanguage\":\"es\",\"potentialAction\":[{\"@type\":\"ReadAction\",\"target\":[\"https:\/\/www.oidossucios.com\/site\/primer-trailer-del-concierto-documental-freak-nights-de-the-flaming-lips\/\"]}]},{\"@type\":[\"Person\"],\"@id\":\"https:\/\/www.oidossucios.com\/site\/#\/schema\/person\/24559eeb76bf83a63296fb072393a688\",\"name\":\"Oidossucios\",\"image\":{\"@type\":\"ImageObject\",\"@id\":\"https:\/\/www.oidossucios.com\/site\/#personlogo\",\"inLanguage\":\"es\",\"url\":\"https:\/\/secure.gravatar.com\/avatar\/74fcb480f42f1a33e50a0b6e6369a3f907be2e43dc84fa5f76c66e9c22b4a5ab?s=96&d=mm&r=g\",\"caption\":\"Oidossucios\"},\"sameAs\":[\"https:\/\/twitter.com\/oidossucios\"]}]}<\/script>\n<!-- \/ Yoast SEO plugin. -->","jetpack_sharing_enabled":true,"_links":{"self":[{"href":"https:\/\/www.oidossucios.com\/site\/wp-json\/wp\/v2\/posts\/6574","targetHints":{"allow":["GET"]}}],"collection":[{"href":"https:\/\/www.oidossucios.com\/site\/wp-json\/wp\/v2\/posts"}],"about":[{"href":"https:\/\/www.oidossucios.com\/site\/wp-json\/wp\/v2\/types\/post"}],"author":[{"embeddable":true,"href":"https:\/\/www.oidossucios.com\/site\/wp-json\/wp\/v2\/users\/4"}],"replies":[{"embeddable":true,"href":"https:\/\/www.oidossucios.com\/site\/wp-json\/wp\/v2\/comments?post=6574"}],"version-history":[{"count":0,"href":"https:\/\/www.oidossucios.com\/site\/wp-json\/wp\/v2\/posts\/6574\/revisions"}],"wp:attachment":[{"href":"https:\/\/www.oidossucios.com\/site\/wp-json\/wp\/v2\/media?parent=6574"}],"wp:term":[{"taxonomy":"category","embeddable":true,"href":"https:\/\/www.oidossucios.com\/site\/wp-json\/wp\/v2\/categories?post=6574"},{"taxonomy":"post_tag","embeddable":true,"href":"https:\/\/www.oidossucios.com\/site\/wp-json\/wp\/v2\/tags?post=6574"}],"curies":[{"name":"wp","href":"https:\/\/api.w.org\/{rel}","templated":true}]}}