{"id":6586,"date":"2012-12-20T22:17:00","date_gmt":"2012-12-20T22:17:00","guid":{"rendered":"https:\/\/www.oidossucios.com\/site\/2012\/12\/20\/desorden-publico-dara-un-show-acustico-navideno-en-discovery-bar\/"},"modified":"2012-12-20T22:17:00","modified_gmt":"2012-12-20T22:17:00","slug":"desorden-publico-dara-un-show-acustico-navideno-en-discovery-bar","status":"publish","type":"post","link":"https:\/\/www.oidossucios.com\/site\/desorden-publico-dara-un-show-acustico-navideno-en-discovery-bar\/","title":{"rendered":"Desorden P\u00fablico dar\u00e1 un show ac\u00fastico navide\u00f1o en Discovery Bar"},"content":{"rendered":"<p>El pr\u00f3ximo s\u00e1bado 22 de Diciembre, Desorden P\u00fablico presenta su &#8220;Show ac\u00fastico navide\u00f1o&#8221; en Discovery Bar, ubicado en la Avenida Tamanaco de El Rosal. Desorden P\u00fablico no para de reinventarse para ofrecer nuevas y atractivas presentaciones. Es por eso, que ha preparado un verdadero show ac\u00fastico navide\u00f1o para todos aquellos seguidores y amantes de su m\u00fasica y sinceras letras. La banda mostrar\u00e1 un repertorio muy variado, con nuevos arreglos y sonidos. Desde los temas que pocas veces tocan, hasta las canciones m\u00e1s conocidas, podr\u00e1n ser escuchadas en esta noche especial. Adem\u00e1s, estar\u00e1n musicalizando \u0096algunos de los integrantes de la banda- junto a DJ Cannabiss, antes y despu\u00e9s de la presentaci\u00f3n.<\/p>\n<p>La cita es el pr\u00f3ximo s\u00e1bado 22 de Diciembre, en Discovery Bar, ubicado en la Av. Tamanaco de El Rosal. All\u00ed, podr\u00e1n encontrar a la venta la edici\u00f3n limitada del disco &#8220;Desorden P\u00fablico Org\u00e1nico&#8221; Rarezas ac\u00fasticas Vol.1 -a\u00fan no presentado&nbsp; al mercado de manera oficial-, franelas, calcoman\u00edas y chapas, entre otras rarezas de la banda.<![endif]--><!--[if gte mso 10]> <\/style>\n\n <![endif]--><\/p>\n","protected":false},"excerpt":{"rendered":"<p>El pr\u00f3ximo s\u00e1bado 22 de Diciembre, Desorden P\u00fablico presenta su &#8220;Show ac\u00fastico navide\u00f1o&#8221; en Discovery Bar, ubicado en la Avenida Tamanaco de El Rosal. Desorden P\u00fablico no para de reinventarse para ofrecer nuevas y atractivas presentaciones. Es por eso, que ha preparado un verdadero show ac\u00fastico navide\u00f1o para todos aquellos seguidores y amantes de su [&hellip;]<\/p>\n","protected":false},"author":4,"featured_media":100006586,"comment_status":"open","ping_status":"open","sticky":false,"template":"","format":"standard","meta":{"_jetpack_memberships_contains_paid_content":false,"footnotes":""},"categories":[142],"tags":[],"class_list":["post-6586","post","type-post","status-publish","format-standard","has-post-thumbnail","hentry","category-buzznews"],"jetpack_featured_media_url":"https:\/\/www.oidossucios.com\/site\/wp-content\/uploads\/2012\/12\/6586.jpg","yoast_head":"<!-- This site is optimized with the Yoast SEO plugin v14.0.4 - https:\/\/yoast.com\/wordpress\/plugins\/seo\/ -->\n<title>Desorden P\u00fablico dar\u00e1 un show ac\u00fastico navide\u00f1o en Discovery Bar - OidosSucios.Com<\/title>\n<meta name=\"robots\" content=\"index, follow\" \/>\n<meta name=\"googlebot\" content=\"index, follow, max-snippet:-1, max-image-preview:large, max-video-preview:-1\" \/>\n<meta name=\"bingbot\" content=\"index, follow, max-snippet:-1, max-image-preview:large, max-video-preview:-1\" \/>\n<link rel=\"canonical\" href=\"https:\/\/www.oidossucios.com\/site\/desorden-publico-dara-un-show-acustico-navideno-en-discovery-bar\/\" \/>\n<meta property=\"og:locale\" content=\"es_ES\" \/>\n<meta property=\"og:type\" content=\"article\" \/>\n<meta property=\"og:title\" content=\"Desorden P\u00fablico dar\u00e1 un show ac\u00fastico navide\u00f1o en Discovery Bar - OidosSucios.Com\" \/>\n<meta property=\"og:description\" content=\"El pr\u00f3ximo s\u00e1bado 22 de Diciembre, Desorden P\u00fablico presenta su &#8220;Show ac\u00fastico navide\u00f1o&#8221; en Discovery Bar, ubicado en la Avenida Tamanaco de El Rosal. Desorden P\u00fablico no para de reinventarse para ofrecer nuevas y atractivas presentaciones. Es por eso, que ha preparado un verdadero show ac\u00fastico navide\u00f1o para todos aquellos seguidores y amantes de su [&hellip;]\" \/>\n<meta property=\"og:url\" content=\"https:\/\/www.oidossucios.com\/site\/desorden-publico-dara-un-show-acustico-navideno-en-discovery-bar\/\" \/>\n<meta property=\"og:site_name\" content=\"OidosSucios.Com\" \/>\n<meta property=\"article:published_time\" content=\"2012-12-20T22:17:00+00:00\" \/>\n<meta property=\"og:image\" content=\"https:\/\/www.oidossucios.com\/site\/wp-content\/uploads\/2012\/12\/6586.jpg\" \/>\n\t<meta property=\"og:image:width\" content=\"350\" \/>\n\t<meta property=\"og:image:height\" content=\"300\" \/>\n<meta name=\"twitter:card\" content=\"summary_large_image\" \/>\n<meta name=\"twitter:creator\" content=\"@oidossucios\" \/>\n<script type=\"application\/ld+json\" class=\"yoast-schema-graph\">{\"@context\":\"https:\/\/schema.org\",\"@graph\":[{\"@type\":\"WebSite\",\"@id\":\"https:\/\/www.oidossucios.com\/site\/#website\",\"url\":\"https:\/\/www.oidossucios.com\/site\/\",\"name\":\"OidosSucios.Com\",\"description\":\"M\\u00fasica, conciertos, discos\",\"potentialAction\":[{\"@type\":\"SearchAction\",\"target\":\"https:\/\/www.oidossucios.com\/site\/?s={search_term_string}\",\"query-input\":\"required name=search_term_string\"}],\"inLanguage\":\"es\"},{\"@type\":\"ImageObject\",\"@id\":\"https:\/\/www.oidossucios.com\/site\/desorden-publico-dara-un-show-acustico-navideno-en-discovery-bar\/#primaryimage\",\"inLanguage\":\"es\",\"url\":\"https:\/\/www.oidossucios.com\/site\/wp-content\/uploads\/2012\/12\/6586.jpg\",\"width\":350,\"height\":300},{\"@type\":\"WebPage\",\"@id\":\"https:\/\/www.oidossucios.com\/site\/desorden-publico-dara-un-show-acustico-navideno-en-discovery-bar\/#webpage\",\"url\":\"https:\/\/www.oidossucios.com\/site\/desorden-publico-dara-un-show-acustico-navideno-en-discovery-bar\/\",\"name\":\"Desorden P\\u00fablico dar\\u00e1 un show ac\\u00fastico navide\\u00f1o en Discovery Bar - OidosSucios.Com\",\"isPartOf\":{\"@id\":\"https:\/\/www.oidossucios.com\/site\/#website\"},\"primaryImageOfPage\":{\"@id\":\"https:\/\/www.oidossucios.com\/site\/desorden-publico-dara-un-show-acustico-navideno-en-discovery-bar\/#primaryimage\"},\"datePublished\":\"2012-12-20T22:17:00+00:00\",\"dateModified\":\"2012-12-20T22:17:00+00:00\",\"author\":{\"@id\":\"https:\/\/www.oidossucios.com\/site\/#\/schema\/person\/24559eeb76bf83a63296fb072393a688\"},\"inLanguage\":\"es\",\"potentialAction\":[{\"@type\":\"ReadAction\",\"target\":[\"https:\/\/www.oidossucios.com\/site\/desorden-publico-dara-un-show-acustico-navideno-en-discovery-bar\/\"]}]},{\"@type\":[\"Person\"],\"@id\":\"https:\/\/www.oidossucios.com\/site\/#\/schema\/person\/24559eeb76bf83a63296fb072393a688\",\"name\":\"Oidossucios\",\"image\":{\"@type\":\"ImageObject\",\"@id\":\"https:\/\/www.oidossucios.com\/site\/#personlogo\",\"inLanguage\":\"es\",\"url\":\"https:\/\/secure.gravatar.com\/avatar\/74fcb480f42f1a33e50a0b6e6369a3f907be2e43dc84fa5f76c66e9c22b4a5ab?s=96&d=mm&r=g\",\"caption\":\"Oidossucios\"},\"sameAs\":[\"https:\/\/twitter.com\/oidossucios\"]}]}<\/script>\n<!-- \/ Yoast SEO plugin. -->","jetpack_sharing_enabled":true,"_links":{"self":[{"href":"https:\/\/www.oidossucios.com\/site\/wp-json\/wp\/v2\/posts\/6586","targetHints":{"allow":["GET"]}}],"collection":[{"href":"https:\/\/www.oidossucios.com\/site\/wp-json\/wp\/v2\/posts"}],"about":[{"href":"https:\/\/www.oidossucios.com\/site\/wp-json\/wp\/v2\/types\/post"}],"author":[{"embeddable":true,"href":"https:\/\/www.oidossucios.com\/site\/wp-json\/wp\/v2\/users\/4"}],"replies":[{"embeddable":true,"href":"https:\/\/www.oidossucios.com\/site\/wp-json\/wp\/v2\/comments?post=6586"}],"version-history":[{"count":0,"href":"https:\/\/www.oidossucios.com\/site\/wp-json\/wp\/v2\/posts\/6586\/revisions"}],"wp:featuredmedia":[{"embeddable":true,"href":"https:\/\/www.oidossucios.com\/site\/wp-json\/wp\/v2\/media\/100006586"}],"wp:attachment":[{"href":"https:\/\/www.oidossucios.com\/site\/wp-json\/wp\/v2\/media?parent=6586"}],"wp:term":[{"taxonomy":"category","embeddable":true,"href":"https:\/\/www.oidossucios.com\/site\/wp-json\/wp\/v2\/categories?post=6586"},{"taxonomy":"post_tag","embeddable":true,"href":"https:\/\/www.oidossucios.com\/site\/wp-json\/wp\/v2\/tags?post=6586"}],"curies":[{"name":"wp","href":"https:\/\/api.w.org\/{rel}","templated":true}]}}